{"id":505381,"date":"2026-08-30T10:49:59","date_gmt":"2026-08-30T10:49:59","guid":{"rendered":"https:\/\/www.europesays.com\/pt\/505381\/"},"modified":"2026-08-30T10:49:59","modified_gmt":"2026-08-30T10:49:59","slug":"pirula-publica-video-em-apoio-a-lito-sousa-que-agradece-inspiracao","status":"publish","type":"post","link":"https:\/\/www.europesays.com\/pt\/505381\/","title":{"rendered":"Pirula publica v\u00eddeo em apoio a Lito Sousa, que agradece: &#8216;Inspira\u00e7\u00e3o&#8217;"},"content":{"rendered":"\n<p class=\" content-text__container \" data-track-category=\"Link no Texto\" data-track-links=\"\"> \u2014 Lito, cara, \u2018tamo junto\u2019, viu? Boa sorte. E calma. Vai l\u00e1! T\u00e1 bom? Um beijo para voc\u00ea, sua fam\u00edlia, filhos. Obrigado \u2014 disse Pirulla. Veja o v\u00eddeo: <\/p>\n<p class=\" content-text__container \" data-track-category=\"Link no Texto\" data-track-links=\"\"> Lito republicou o v\u00eddeo nos stories e escreveu: <\/p>\n<p>  Continuar Lendo  <\/p>\n<p class=\" content-text__container \" data-track-category=\"Link no Texto\" data-track-links=\"\"> \u2014 Meu amigo! Inspira\u00e7\u00e3o. Ainda vamos no Vilela fazer o epis\u00f3dio \u2018Pirulito\u2019. <\/p>\n<p>        <img decoding=\"async\" class=\"content-media__image\"  src=\"https:\/\/www.europesays.com\/pt\/wp-content\/uploads\/2026\/08\/whatsapp-image-2026-08-29-at-16.48.42.jpeg\" alt=\"Lito compartilhou v\u00eddeo de Pirulla \u2014 Foto: Reprodu\u00e7\u00e3o | Instagram\" width=\"504\" height=\"889\" loading=\"lazy\"\/>  Lito compartilhou v\u00eddeo de Pirulla \u2014 Foto: Reprodu\u00e7\u00e3o | Instagram         <\/p>\n<p class=\" content-text__container \" data-track-category=\"Link no Texto\" data-track-links=\"\"> A refer\u00eancia \u00e9 uma brincadeira com o apresentador Rog\u00e9rio Vilela e uma poss\u00edvel participa\u00e7\u00e3o da dupla no podcast. A jun\u00e7\u00e3o dos nomes \u201cPirula\u201d e \u201cLito\u201d se assemelha \u00e0 palavra \u201cpirulito\u201d. <\/p>\n<p class=\" content-text__container \" data-track-category=\"Link no Texto\" data-track-links=\"\"> Pirulla tamb\u00e9m se encontra em recupera\u00e7\u00e3o de um problema neurol\u00f3gico. O bi\u00f3logo <a class=\"\" href=\"https:\/\/oglobo.globo.com\/cultura\/noticia\/2026\/04\/08\/pirulla-reaparece-nas-redes-sociais-quase-um-ano-apos-sofrer-avc.ghtml\" rel=\"nofollow noopener\" target=\"_blank\">sofreu um AVC em maio de 2025,<\/a> ficou cerca de dois meses internado e recebeu alta em agosto daquele ano. O acidente afetou, entre outras fun\u00e7\u00f5es, sua capacidade de falar. <\/p>\n<p class=\" content-text__container \" data-track-category=\"Link no Texto\" data-track-links=\"\"> Em maio de 2025, Em\u00edlio Ribas, companheiro de Pirulla no podcast \u201cOs tr\u00eas elementos\u201d, descreveu as dificuldades do amigo durante a recupera\u00e7\u00e3o: <\/p>\n<p class=\" content-text__container \" data-track-category=\"Link no Texto\" data-track-links=\"\"> \u2014 N\u00e3o \u00e9 uma comunica\u00e7\u00e3o perfeita. As palavras \u00e0s vezes fogem, uma letra&#8230; Construir frases \u00e9 complicado. <\/p>\n<p>        <img decoding=\"async\" class=\"content-media__image\"  src=\"https:\/\/www.europesays.com\/pt\/wp-content\/uploads\/2026\/08\/image-2026-08-26t135944.289.png\" alt=\"Lito Sousa grava v\u00eddeo emocionado sobre avan\u00e7o de doen\u00e7a rara: 'N\u00e3o tenho medo de morrer' \u2014 Foto: Reprodu\u00e7\u00e3o\/Youtube\" width=\"418\" height=\"303\" loading=\"lazy\"\/>  Lito Sousa grava v\u00eddeo emocionado sobre avan\u00e7o de doen\u00e7a rara: &#8216;N\u00e3o tenho medo de morrer&#8217; \u2014 Foto: Reprodu\u00e7\u00e3o\/Youtube          <\/p>\n<p class=\" content-text__container \" data-track-category=\"Link no Texto\" data-track-links=\"\"> Na ocasi\u00e3o, seguidores comemoraram a apari\u00e7\u00e3o. \u201cA foto que alegrou o dia de todo mundo\u201d, escreveu um usu\u00e1rio. O influenciador Hugo Fernandes tamb\u00e9m relatou uma visita a Pirulla e afirmou ter encontrado o amigo bem-humorado e com as caracter\u00edsticas que sempre marcaram sua personalidade. <\/p>\n<p class=\" content-text__container \" data-track-category=\"Link no Texto\" data-track-links=\"\"> Conhecido pelo canal \u201cAvi\u00f5es e M\u00fasica\u201d e por participa\u00e7\u00f5es em podcasts e programas de televis\u00e3o, Lito Sousa foi internado em julho ap\u00f3s apresentar sintomas neurol\u00f3gicos que haviam come\u00e7ado cerca de 20 dias antes. Inicialmente, o quadro era tratado como uma inflama\u00e7\u00e3o do sistema nervoso central. <\/p>\n<p class=\" content-text__container \" data-track-category=\"Link no Texto\" data-track-links=\"\"> Em agosto, a mulher do influenciador informou que ele havia sido diagnosticado com a doen\u00e7a de Creutzfeldt-Jakob. A condi\u00e7\u00e3o \u00e9 causada pelo ac\u00famulo de pr\u00edons, prote\u00ednas anormais que desencadeiam uma rea\u00e7\u00e3o em cadeia no c\u00e9rebro, comprometendo prote\u00ednas saud\u00e1veis e provocando danos aos neur\u00f4nios. <\/p>\n<p>         <img decoding=\"async\" class=\"content-media__image\"  src=\"https:\/\/www.europesays.com\/pt\/wp-content\/uploads\/2026\/08\/1788086974_743_arte-3-.png\" alt=\"Lito Sousa est\u00e1 em fila para estudo nos EUA, diz mulher do influenciador. \u2014 Foto: Reprodu\u00e7\u00e3o \/ Broad Institute\" width=\"2000\" height=\"1194\" loading=\"lazy\"\/>  Lito Sousa est\u00e1 em fila para estudo nos EUA, diz mulher do influenciador. \u2014 Foto: Reprodu\u00e7\u00e3o \/ Broad Institute         <\/p>\n<p class=\" content-text__container \" data-track-category=\"Link no Texto\" data-track-links=\"\"> Lito tamb\u00e9m revelou ter recebido diagn\u00f3stico de c\u00e2ncer de pr\u00f3stata. Segundo ele, a descoberta ocorreu cerca de tr\u00eas meses antes da confirma\u00e7\u00e3o da doen\u00e7a neurol\u00f3gica. Ele passou por duas bi\u00f3psias, uma na pr\u00f3stata e outra no reto. O exame da pr\u00f3stata identificou adenocarcinoma em diversos fragmentos, enquanto o tumor encontrado no reto foi considerado n\u00e3o maligno. <\/p>\n<p class=\" content-text__container \" data-track-category=\"Link no Texto\" data-track-links=\"\"> \u2014 Tem tr\u00eas meses que descobri, eu precisei passar por duas bi\u00f3psias, uma na pr\u00f3stata e outra no reto. A do reto deu como tumor n\u00e3o maligno, mas a da pr\u00f3stata, infelizmente, positivou em diversos fragmentos para adenocarcinoma \u2014 afirmou. <\/p>\n<p class=\" content-text__container \" data-track-category=\"Link no Texto\" data-track-links=\"\"> O tratamento do c\u00e2ncer seria definido ap\u00f3s a resolu\u00e7\u00e3o do quadro neurol\u00f3gico. <\/p>\n<p>      Bruce Willis recebeu diagn\u00f3stico de afasia e se afastou do mundo do cinema           <img decoding=\"async\" id=\"image-id-tumb-1e0f5639-c9b5-4d31-a13f-ec1bb8604f6f\" alt=\"O ator Bruce Willis entre a filha (\u00e0 esquerda) e a mulher, num jantar em casa: ator segura filhote de cachorro \u00e0 mesa \u2014 Foto: Reprodu\u00e7\u00e3o\/Instagram\" src=\"https:\/\/www.europesays.com\/pt\/wp-content\/uploads\/2026\/08\/bruce-willis-como-esta-hoje.jpg\" loading=\"lazy\" height=\"353\" width=\"303\" data-posicao=\"1\" role=\"button\" tabindex=\"0\"\/>    <img decoding=\"async\" id=\"image-id-1e0f5639-c9b5-4d31-a13f-ec1bb8604f6f\" class=\"gallery-photo\" alt=\"O ator Bruce Willis entre a filha (\u00e0 esquerda) e a mulher, num jantar em casa: ator segura filhote de cachorro \u00e0 mesa \u2014 Foto: Reprodu\u00e7\u00e3o\/Instagram\" src=\"https:\/\/www.europesays.com\/pt\/wp-content\/uploads\/2026\/08\/1788086976_916_bruce-willis-como-esta-hoje.jpg\" loading=\"lazy\" height=\"353\" width=\"303\"\/>  <\/p>\n<p> 1 de 20 <br \/>&#13;O ator Bruce Willis entre a filha (\u00e0 esquerda) e a mulher, num jantar em casa: ator segura filhote de cachorro \u00e0 mesa \u2014 Foto: Reprodu\u00e7\u00e3o\/Instagram <\/p>\n<p>     <img decoding=\"async\" id=\"image-id-tumb-674d1062-cb11-4e7a-9692-126925c7ce99\" alt=\"O ator Bruce Willis ao lado da mulher, a modelo Emma Heming \u2014 Foto: Reprodu\u00e7\u00e3o\/Instagram\" src=\"https:\/\/www.europesays.com\/pt\/wp-content\/uploads\/2026\/08\/whatsapp-image-2022-12-07-at-08.21.41.jpeg\" loading=\"lazy\" height=\"547\" width=\"720\" data-posicao=\"2\" role=\"button\" tabindex=\"0\"\/>    <img decoding=\"async\" id=\"image-id-674d1062-cb11-4e7a-9692-126925c7ce99\" class=\"gallery-photo\" alt=\"O ator Bruce Willis ao lado da mulher, a modelo Emma Heming \u2014 Foto: Reprodu\u00e7\u00e3o\/Instagram\" src=\"https:\/\/www.europesays.com\/pt\/wp-content\/uploads\/2026\/08\/1788086978_169_whatsapp-image-2022-12-07-at-08.21.41.jpeg\" loading=\"lazy\" height=\"547\" width=\"720\"\/>  <\/p>\n<p> 2 de 20 <br \/>&#13;O ator Bruce Willis ao lado da mulher, a modelo Emma Heming \u2014 Foto: Reprodu\u00e7\u00e3o\/Instagram <\/p>\n<p>     Pular    <\/p>\n<p> X de 20 <br \/>Publicidade <\/p>\n<p>      <img decoding=\"async\" id=\"image-id-tumb-16886206-2b19-4300-a633-67d36060d42d\" alt=\"Bruce Willis celebra anivers\u00e1rio de Demi Moore ao lado da mulher \u2014 Foto: Reprodu\u00e7\u00e3o\/Instagram\" src=\"https:\/\/www.europesays.com\/pt\/wp-content\/uploads\/2026\/08\/demi-moore-bruce-willis-esposa-nova.jpg\" loading=\"lazy\" height=\"535\" width=\"308\" data-posicao=\"3\" role=\"button\" tabindex=\"0\"\/>    <img decoding=\"async\" id=\"image-id-16886206-2b19-4300-a633-67d36060d42d\" class=\"gallery-photo\" alt=\"Bruce Willis celebra anivers\u00e1rio de Demi Moore ao lado da mulher \u2014 Foto: Reprodu\u00e7\u00e3o\/Instagram\" src=\"https:\/\/www.europesays.com\/pt\/wp-content\/uploads\/2026\/08\/1788086980_181_demi-moore-bruce-willis-esposa-nova.jpg\" loading=\"lazy\" height=\"535\" width=\"308\"\/>  <\/p>\n<p> 3 de 20 <br \/>&#13;Bruce Willis celebra anivers\u00e1rio de Demi Moore ao lado da mulher \u2014 Foto: Reprodu\u00e7\u00e3o\/Instagram <\/p>\n<p>      <img decoding=\"async\" id=\"image-id-7f3f1501-2a3c-4ae0-96b9-1433f9e32189\" class=\"gallery-photo\" alt=\"Bruce Willis com as filhas e a mulher em casa: rotina tranquila ao lado da fam\u00edlia \u2014 Foto: Reprodu\u00e7\u00e3o\/Instagram\" src=\"https:\/\/www.europesays.com\/pt\/wp-content\/uploads\/2026\/08\/arte-2022-11-11t105550.100.png\" loading=\"lazy\" height=\"1194\" width=\"2000\"\/>  <\/p>\n<p> 4 de 20 <br \/>&#13;Bruce Willis com as filhas e a mulher em casa: rotina tranquila ao lado da fam\u00edlia \u2014 Foto: Reprodu\u00e7\u00e3o\/Instagram <\/p>\n<p>     Pular    <\/p>\n<p> X de 20 <br \/>Publicidade <\/p>\n<p>      <img decoding=\"async\" id=\"image-id-f3870544-8267-4fa4-bde5-4ead6199fc5f\" class=\"gallery-photo\" alt=\"Bruce Willis com a filha mais nova \u2014 Foto: Reprodu\u00e7\u00e3o\/Instagram\" src=\"https:\/\/www.europesays.com\/pt\/wp-content\/uploads\/2026\/08\/98418383.jpg\" loading=\"lazy\" height=\"580\" width=\"581\"\/>  <\/p>\n<p> 5 de 20 <br \/>&#13;Bruce Willis com a filha mais nova \u2014 Foto: Reprodu\u00e7\u00e3o\/Instagram <\/p>\n<p>      <img decoding=\"async\" id=\"image-id-5f0e6a6d-79cd-4e2e-8434-5c91189cd758\" class=\"gallery-photo\" alt=\"Bruce Willis vende direito de imagem \u00e0 empresa de deep fake \u2014 Foto: TOLGA AKMEN\/ AFP\" src=\"https:\/\/www.europesays.com\/pt\/wp-content\/uploads\/2026\/08\/98377466-files-in-this-file-photo-taken-on-january-09-2019-us-actor-bruce-willis-poses-on-arrival-fo.jpeg\" loading=\"lazy\" height=\"2676\" width=\"4014\"\/>  <\/p>\n<p> 6 de 20 <br \/>&#13;Bruce Willis vende direito de imagem \u00e0 empresa de deep fake \u2014 Foto: TOLGA AKMEN\/ AFP <\/p>\n<p>     Pular    <\/p>\n<p> X de 20 <br \/>Publicidade <\/p>\n<p>      <img decoding=\"async\" id=\"image-id-34022830-ae59-40c9-acc0-01d0fe62ba96\" class=\"gallery-photo\" alt=\"Bruce Willis em &quot;O sexto sentido&quot;, &quot;Pulp fiction&quot; e &quot;Duro de Matar&quot; Divulga\u00e7\u00e3o \u2014 Foto: Divulga\u00e7\u00e3o\" src=\"https:\/\/www.europesays.com\/pt\/wp-content\/uploads\/2026\/08\/3.glbimg.com-v1-auth-0ae9f161c1ff459593599b7ffa1a1292-images-escenic-2022-3-30-15-1648666658883.png\" loading=\"lazy\" height=\"1194\" width=\"2000\"\/>  <\/p>\n<p> 7 de 20 <br \/>&#13;Bruce Willis em &#8220;O sexto sentido&#8221;, &#8220;Pulp fiction&#8221; e &#8220;Duro de Matar&#8221; Divulga\u00e7\u00e3o \u2014 Foto: Divulga\u00e7\u00e3o <\/p>\n<p>      <img decoding=\"async\" id=\"image-id-0efceb44-0bc6-41ec-8dd7-a0484eada580\" class=\"gallery-photo\" alt=\"Jessica Alba e Bruce Willis em &quot;Sin City&quot; Divulga\u00e7\u00e3o \u2014 Foto: Divulga\u00e7\u00e3o\" src=\"https:\/\/www.europesays.com\/pt\/wp-content\/uploads\/2026\/08\/3.glbimg.com-v1-auth-0ae9f161c1ff459593599b7ffa1a1292-images-escenic-2022-3-30-16-1648667448675.jpg\" loading=\"lazy\" height=\"400\" width=\"600\"\/>  <\/p>\n<p> 8 de 20 <br \/>&#13;Jessica Alba e Bruce Willis em &#8220;Sin City&#8221; Divulga\u00e7\u00e3o \u2014 Foto: Divulga\u00e7\u00e3o <\/p>\n<p>     Pular    <\/p>\n<p> X de 20 <br \/>Publicidade <\/p>\n<p>      <img decoding=\"async\" id=\"image-id-440a309b-94d6-445a-81e3-b9dca36b4602\" class=\"gallery-photo\" alt=\"Haley Joel Osment e Bruce Willis em &quot;O sexto sentido&quot; Divulga\u00e7\u00e3o \u2014 Foto: Divulga\u00e7\u00e3o\" src=\"https:\/\/www.europesays.com\/pt\/wp-content\/uploads\/2026\/08\/3.glbimg.com-v1-auth-0ae9f161c1ff459593599b7ffa1a1292-images-escenic-2022-3-30-16-1648668478668.jpg\" loading=\"lazy\" height=\"420\" width=\"750\"\/>  <\/p>\n<p> 9 de 20 <br \/>&#13;Haley Joel Osment e Bruce Willis em &#8220;O sexto sentido&#8221; Divulga\u00e7\u00e3o \u2014 Foto: Divulga\u00e7\u00e3o <\/p>\n<p>      <img decoding=\"async\" id=\"image-id-28eda4e2-2725-4bd9-bd2f-08b492f9e51f\" class=\"gallery-photo\" alt=\"Bruce Willis e Brad Pitt em &quot;12 macacos&quot; Divulga\u00e7\u00e3o \u2014 Foto: Divulga\u00e7\u00e3o\" src=\"https:\/\/www.europesays.com\/pt\/wp-content\/uploads\/2026\/08\/3.glbimg.com-v1-auth-0ae9f161c1ff459593599b7ffa1a1292-images-escenic-2022-3-30-16-1648669231345.jpg\" loading=\"lazy\" height=\"720\" width=\"1256\"\/>  <\/p>\n<p> 10 de 20 <br \/>&#13;Bruce Willis e Brad Pitt em &#8220;12 macacos&#8221; Divulga\u00e7\u00e3o \u2014 Foto: Divulga\u00e7\u00e3o <\/p>\n<p>     Pular    <\/p>\n<p> X de 20 <br \/>Publicidade <\/p>\n<p>      <img decoding=\"async\" id=\"image-id-a2b91a5b-38f9-49e9-b434-442dbfd45e4e\" class=\"gallery-photo\" alt=\"Paul Newman e Bruce Willis em &quot;O indom\u00e1vel&quot; Divulga\u00e7\u00e3o \u2014 Foto: Divulga\u00e7\u00e3o\" src=\"https:\/\/www.europesays.com\/pt\/wp-content\/uploads\/2026\/08\/3.glbimg.com-v1-auth-0ae9f161c1ff459593599b7ffa1a1292-images-escenic-2022-3-30-16-1648669518217.jpg\" loading=\"lazy\" height=\"837\" width=\"1461\"\/>  <\/p>\n<p> 11 de 20 <br \/>&#13;Paul Newman e Bruce Willis em &#8220;O indom\u00e1vel&#8221; Divulga\u00e7\u00e3o \u2014 Foto: Divulga\u00e7\u00e3o <\/p>\n<p>      <img decoding=\"async\" id=\"image-id-5b632110-9df8-4ed8-b574-6e952fa17353\" class=\"gallery-photo\" alt=\"Protagonistas de &quot;Pulp Fiction&quot;: Samuel L. Jackson, Uma Thurman, John Travolta e Bruce Willis Divulga\u00e7\u00e3o \u2014 Foto: Divulga\u00e7\u00e3o\" src=\"https:\/\/www.europesays.com\/pt\/wp-content\/uploads\/2026\/08\/3.glbimg.com-v1-auth-0ae9f161c1ff459593599b7ffa1a1292-images-escenic-2022-3-30-16-1648670005738.jpg\" loading=\"lazy\" height=\"400\" width=\"640\"\/>  <\/p>\n<p> 12 de 20 <br \/>&#13;Protagonistas de &#8220;Pulp Fiction&#8221;: Samuel L. Jackson, Uma Thurman, John Travolta e Bruce Willis Divulga\u00e7\u00e3o \u2014 Foto: Divulga\u00e7\u00e3o <\/p>\n<p>     Pular    <\/p>\n<p> X de 20 <br \/>Publicidade <\/p>\n<p>      <img decoding=\"async\" id=\"image-id-41902484-5489-4374-bc67-c10581080930\" class=\"gallery-photo\" alt=\"Bill Murray, Tilda Swinton, Bruce Willis e Edward Norton em &quot;Moonrise Kingdom&quot; Divulga\u00e7\u00e3o \u2014 Foto: Divulga\u00e7\u00e3o\" src=\"https:\/\/www.europesays.com\/pt\/wp-content\/uploads\/2026\/08\/3.glbimg.com-v1-auth-0ae9f161c1ff459593599b7ffa1a1292-images-escenic-2022-3-30-16-1648670270134.jpg\" loading=\"lazy\" height=\"649\" width=\"1200\"\/>  <\/p>\n<p> 13 de 20 <br \/>&#13;Bill Murray, Tilda Swinton, Bruce Willis e Edward Norton em &#8220;Moonrise Kingdom&#8221; Divulga\u00e7\u00e3o \u2014 Foto: Divulga\u00e7\u00e3o <\/p>\n<p>      <img decoding=\"async\" id=\"image-id-d61f5543-d8ca-4d7a-a0b7-6cf94190a4d5\" class=\"gallery-photo\" alt=\"Bruce Willis em &quot;Duro de matar&quot; Divulga\u00e7\u00e3o \u2014 Foto: Divulga\u00e7\u00e3o\" src=\"https:\/\/www.europesays.com\/pt\/wp-content\/uploads\/2026\/08\/3.glbimg.com-v1-auth-0ae9f161c1ff459593599b7ffa1a1292-images-escenic-2022-3-30-17-1648671444595.jpg\" loading=\"lazy\" height=\"433\" width=\"900\"\/>  <\/p>\n<p> 14 de 20 <br \/>&#13;Bruce Willis em &#8220;Duro de matar&#8221; Divulga\u00e7\u00e3o \u2014 Foto: Divulga\u00e7\u00e3o <\/p>\n<p>     Pular    <\/p>\n<p> X de 20 <br \/>Publicidade <\/p>\n<p>      <img decoding=\"async\" id=\"image-id-524462fc-3cd6-48b5-995b-841dd63a1231\" class=\"gallery-photo\" alt=\"Bruce Willis e Joseph Gordon-Levitt em &quot;Looper&quot; Divulga\u00e7\u00e3o \u2014 Foto: Divulga\u00e7\u00e3o\" src=\"https:\/\/www.europesays.com\/pt\/wp-content\/uploads\/2026\/08\/3.glbimg.com-v1-auth-0ae9f161c1ff459593599b7ffa1a1292-images-escenic-2022-3-30-17-1648671047886.jpg\" loading=\"lazy\" height=\"640\" width=\"960\"\/>  <\/p>\n<p> 15 de 20 <br \/>&#13;Bruce Willis e Joseph Gordon-Levitt em &#8220;Looper&#8221; Divulga\u00e7\u00e3o \u2014 Foto: Divulga\u00e7\u00e3o <\/p>\n<p>      <img decoding=\"async\" id=\"image-id-edce87ad-d2dd-4ee7-962c-d1ca17b0f949\" class=\"gallery-photo\" alt=\"Bruce Willis foi diagnosticado com afasia Divulga\u00e7\u00e3o \u2014 Foto: Divulga\u00e7\u00e3o\" src=\"https:\/\/www.europesays.com\/pt\/wp-content\/uploads\/2026\/08\/3.glbimg.com-v1-auth-0ae9f161c1ff459593599b7ffa1a1292-images-escenic-2022-3-30-14-1648661208360.jpg\" loading=\"lazy\" height=\"376\" width=\"615\"\/>  <\/p>\n<p> 16 de 20 <br \/>&#13;Bruce Willis foi diagnosticado com afasia Divulga\u00e7\u00e3o \u2014 Foto: Divulga\u00e7\u00e3o <\/p>\n<p>     Pular    <\/p>\n<p> X de 20 <br \/>Publicidade <\/p>\n<p>      <img decoding=\"async\" id=\"image-id-4e3bd2fe-011f-4ef5-aebc-3fdd406e3dd5\" class=\"gallery-photo\" alt=\"A modelo Emma Heming se declara para o marido, o ator Bruce Willis, no Instagram \u2014 Foto: Reprodu\u00e7\u00e3o\/Instagram\" src=\"https:\/\/www.europesays.com\/pt\/wp-content\/uploads\/2026\/08\/bruce-willis-mulher-modelo.jpg\" loading=\"lazy\" height=\"783\" width=\"440\"\/>  <\/p>\n<p> 17 de 20 <br \/>&#13;A modelo Emma Heming se declara para o marido, o ator Bruce Willis, no Instagram \u2014 Foto: Reprodu\u00e7\u00e3o\/Instagram <\/p>\n<p>      <img decoding=\"async\" id=\"image-id-94a33d08-2077-44ac-91e3-9bb1b2d94cb4\" class=\"gallery-photo\" alt=\"Bruce Willis joga basquete com amigos  \u2014 Foto: Reprodu\u00e7\u00e3o \" src=\"https:\/\/www.europesays.com\/pt\/wp-content\/uploads\/2026\/08\/brucewillis.png\" loading=\"lazy\" height=\"401\" width=\"472\"\/>  <\/p>\n<p> 18 de 20 <br \/>&#13;Bruce Willis joga basquete com amigos \u2014 Foto: Reprodu\u00e7\u00e3o <\/p>\n<p>     Pular    <\/p>\n<p> X de 20 <br \/>Publicidade <\/p>\n<p>      <img decoding=\"async\" id=\"image-id-627c97c7-f230-4afe-90be-d7d037826be4\" class=\"gallery-photo\" alt=\"Post de Emma Heming Willis em seu perfil no Instagram \u2014 Foto: Instagram\/Reprodu\u00e7\u00e3o\" src=\"https:\/\/www.europesays.com\/pt\/wp-content\/uploads\/2026\/08\/bruce2.jpg\" loading=\"lazy\" height=\"818\" width=\"718\"\/>  <\/p>\n<p> 19 de 20 <br \/>&#13;Post de Emma Heming Willis em seu perfil no Instagram \u2014 Foto: Instagram\/Reprodu\u00e7\u00e3o <\/p>\n<p>      <img decoding=\"async\" id=\"image-id-ef266ae7-ebeb-44e7-aced-ab2f09002ffb\" class=\"gallery-photo\" alt=\"Bruce Willis em 'Corrective Measures' \u2014 Foto: THE REFINERY\/Divulga\u00e7\u00e3o\" src=\"https:\/\/www.europesays.com\/pt\/wp-content\/uploads\/2026\/08\/brucewillis.jpg\" loading=\"lazy\" height=\"1000\" width=\"1500\"\/>  <\/p>\n<p> 20 de 20 <br \/>&#13;Bruce Willis em &#8216;Corrective Measures&#8217; \u2014 Foto: THE REFINERY\/Divulga\u00e7\u00e3o <\/p>\n<p>     Pular    <\/p>\n<p> X de 20 <br \/>Publicidade <\/p>\n<p>Ator tem 69 anos e tem cinco filhas, tr\u00eas com a atriz Demi Moore e duas com Emma Heming<\/p>\n<p class=\" content-text__container \" data-track-category=\"Link no Texto\" data-track-links=\"\"> Ao falar sobre a doen\u00e7a de Creutzfeldt-Jakob, Lito afirmou que n\u00e3o tem medo de morrer. Disse considerar que teve uma vida feliz e que o que mais o preocupa \u00e9 pensar em como explicar\u00e1 ao filho que vai \u201cvirar estrelinha\u201d e na saudade que a crian\u00e7a sentir\u00e1. <\/p>\n<p class=\" content-text__container \" data-track-category=\"Link no Texto\" data-track-links=\"\"> \u2014 N\u00e3o tenho medo de morrer. Estou muito sossegado com isso. Eu fui extremamente feliz em tudo que eu fiz. <\/p>\n<p class=\" content-text__container \" data-track-category=\"Link no Texto\" data-track-links=\"\"> Lito tamb\u00e9m destacou como legado a Lito Academy, centro de instru\u00e7\u00e3o de avia\u00e7\u00e3o civil fundado por ele e pela mulher, al\u00e9m do trabalho desenvolvido com sua equipe no canal \u201cAvi\u00f5es e M\u00fasica\u201d. <\/p>\n","protected":false},"excerpt":{"rendered":"\u2014 Lito, cara, \u2018tamo junto\u2019, viu? Boa sorte. E calma. Vai l\u00e1! T\u00e1 bom? Um beijo para voc\u00ea,&hellip;\n","protected":false},"author":2,"featured_media":505382,"comment_status":"","ping_status":"","sticky":false,"template":"","format":"standard","meta":{"footnotes":"","_share_on_mastodon":"0"},"categories":[145],"tags":[211,210,114,115,319,32,33,318],"class_list":["post-505381","post","type-post","status-publish","format-standard","has-post-thumbnail","category-celebridades","tag-celebridades","tag-celebrities","tag-entertainment","tag-entretenimento","tag-hard-news","tag-portugal","tag-pt","tag-radar"],"share_on_mastodon":{"url":"https:\/\/pubeurope.com\/@pt\/117184079583916929","error":""},"_links":{"self":[{"href":"https:\/\/www.europesays.com\/pt\/wp-json\/wp\/v2\/posts\/505381","targetHints":{"allow":["GET"]}}],"collection":[{"href":"https:\/\/www.europesays.com\/pt\/wp-json\/wp\/v2\/posts"}],"about":[{"href":"https:\/\/www.europesays.com\/pt\/wp-json\/wp\/v2\/types\/post"}],"author":[{"embeddable":true,"href":"https:\/\/www.europesays.com\/pt\/wp-json\/wp\/v2\/users\/2"}],"replies":[{"embeddable":true,"href":"https:\/\/www.europesays.com\/pt\/wp-json\/wp\/v2\/comments?post=505381"}],"version-history":[{"count":0,"href":"https:\/\/www.europesays.com\/pt\/wp-json\/wp\/v2\/posts\/505381\/revisions"}],"wp:featuredmedia":[{"embeddable":true,"href":"https:\/\/www.europesays.com\/pt\/wp-json\/wp\/v2\/media\/505382"}],"wp:attachment":[{"href":"https:\/\/www.europesays.com\/pt\/wp-json\/wp\/v2\/media?parent=505381"}],"wp:term":[{"taxonomy":"category","embeddable":true,"href":"https:\/\/www.europesays.com\/pt\/wp-json\/wp\/v2\/categories?post=505381"},{"taxonomy":"post_tag","embeddable":true,"href":"https:\/\/www.europesays.com\/pt\/wp-json\/wp\/v2\/tags?post=505381"}],"curies":[{"name":"wp","href":"https:\/\/api.w.org\/{rel}","templated":true}]}}