{"id":505401,"date":"2026-08-30T11:10:14","date_gmt":"2026-08-30T11:10:14","guid":{"rendered":"https:\/\/www.europesays.com\/pt\/505401\/"},"modified":"2026-08-30T11:10:14","modified_gmt":"2026-08-30T11:10:14","slug":"resumo-de-quem-ama-cuida-capitulo-de-29-08-2026","status":"publish","type":"post","link":"https:\/\/www.europesays.com\/pt\/505401\/","title":{"rendered":"Resumo de \u2018Quem Ama Cuida\u2019: Cap\u00edtulo de (29\/08\/2026)"},"content":{"rendered":"<p>O<\/p>\n<p>cap\u00edtulo deste s\u00e1bado (29) de Quem Ama Cuida promete tens\u00e3o do in\u00edcio ao fim. Enquanto Adriana, Pedro, Lyris e Nancy discutem os pr\u00f3ximos passos para comprar a parte de Ulisses na joalheria, Elisa faz uma revela\u00e7\u00e3o a Mau Mau. E ainda tem confronto: Adriana coloca Bruna contra a parede com uma pergunta sobre uma amea\u00e7a feita a Pedro no passado.<\/p>\n<p>Adriana segue focada em seus planos. Ela se re\u00fane com Pedro, Lyris e Nancy para conversar sobre os pr\u00f3ximos passos para a compra da parte de Ulisses na joalheria.<\/p>\n<p>Mas nem todo mundo est\u00e1 t\u00e3o confiante de que a estrat\u00e9gia vai funcionar. Rosa conversa com Iuri e admite que tem medo de o plano de Adriana n\u00e3o dar certo. Ser\u00e1 que vem problema por a\u00ed?<\/p>\n<p>Enquanto isso, o clima pesa para Iuri por outro motivo. Ele revela a Lyris que est\u00e1 com receio de perder o emprego \u2014 e, pelo visto, o medo n\u00e3o surge \u00e0 toa.<\/p>\n<p>    Continua ap\u00f3s a publicidade<\/p>\n<p>Pilar fica furiosa ao flagrar Ingrid no quarto de Iuri. Depois da descoberta, ela avisa a Ingrid que pretende demitir o rapaz. \u00c9 aquela situa\u00e7\u00e3o em que cinco minutos dentro de um quarto podem virar uma baita dor de cabe\u00e7a\u2026<\/p>\n<p>Elisa faz revela\u00e7\u00e3o sobre sua sa\u00fade<\/p>\n<p>Elisa tamb\u00e9m enfrenta um momento delicado no cap\u00edtulo de Quem Ama Cuida. Em uma conversa com Mau Mau, ela confessa que n\u00e3o tem ido ao m\u00e9dico.<\/p>\n<p>A situa\u00e7\u00e3o ganha ainda mais peso quando En\u00e9as fica sabendo, por meio de Otoniel, que Elisa tem fibromialgia.<\/p>\n<p>    Continua ap\u00f3s a publicidade<\/p>\n<p>Em outra frente, Din\u00e1 n\u00e3o economiza nas cr\u00edticas: ela fala mal de Francesca para os funcion\u00e1rios, alimentando mais um conflito na trama.<\/p>\n<p>Adriana confronta Bruna sobre amea\u00e7a contra Pedro<\/p>\n<p>Se tem uma coisa que parece estar longe de acontecer neste cap\u00edtulo \u00e9 Bruna e Pedro terminarem uma conversa numa boa. Pedro diz \u00e0 ex que n\u00e3o foi feliz ao lado dela \u2014 e Bruna reage \u00e0 declara\u00e7\u00e3o.<\/p>\n<p>Mas o momento mais tenso ainda est\u00e1 por vir. Adriana confronta Bruna diretamente e pergunta se foi ela quem amea\u00e7ou matar Pedro na \u00e9poca em que Adriana estava na cadeia.<\/p>\n<p>    Continua ap\u00f3s a publicidade<\/p>\n<p>A pergunta coloca um epis\u00f3dio do passado novamente no centro da hist\u00f3ria e pode trazer respostas importantes para Adriana. Ser\u00e1 que Bruna vai contar o que realmente aconteceu?<\/p>\n<p><strong>As informa\u00e7\u00f5es dos cap\u00edtulos podem sofrer altera\u00e7\u00f5es de acordo com a edi\u00e7\u00e3o da novela.<\/strong><\/p>\n<p><strong>A novela Quem Ama Cuida vai ao ar \u00e0s 20h40 nas quartas-feiras e \u00e0s 21h20 nos outros dias da semana (hor\u00e1rio de Bras\u00edlia).<\/strong><\/p>\n<p>    Continua ap\u00f3s a publicidade<\/p>\n<p><strong>*Este conte\u00fado foi produzido com aux\u00edlio de ferramentas de <a href=\"https:\/\/vcia.abril.com.br\/\" rel=\"nofollow noopener\" target=\"_blank\">intelig\u00eancia artificial<\/a>, com curadoria e checagem da equipe de jornalistas da CAPRICHO.<\/strong><\/p>\n<p>                Newsletter CH<br \/>\n                <img decoding=\"async\" src=\"https:\/\/capricho.abril.com.br\/wp-content\/themes\/abril-capricho-new\/inc\/images\/logo.svg\"\/><\/p>\n<p>                            Inscreva-se<br \/>\n                            e receba no seu e-mail o melhor do que rolou na semana na CH.<\/p>\n<p>                            Cadastro efetuado com sucesso!<\/p>\n<p>Voc\u00ea receber\u00e1 este conte\u00fado por email em breve.<\/p>\n<p>Maquiagem de AJULLIACOSTA: os truques para copiar o olho marcante<\/p>\n","protected":false},"excerpt":{"rendered":"O cap\u00edtulo deste s\u00e1bado (29) de Quem Ama Cuida promete tens\u00e3o do in\u00edcio ao fim. Enquanto Adriana, Pedro,&hellip;\n","protected":false},"author":2,"featured_media":505402,"comment_status":"","ping_status":"","sticky":false,"template":"","format":"standard","meta":{"footnotes":"","_share_on_mastodon":"0"},"categories":[142],"tags":[114,115,753,5236,2931,32,33,16076,151],"class_list":["post-505401","post","type-post","status-publish","format-standard","has-post-thumbnail","category-tv","tag-entertainment","tag-entretenimento","tag-globo","tag-nova-novela","tag-novela","tag-portugal","tag-pt","tag-resumo-dos-capitulos","tag-tv"],"share_on_mastodon":{"url":"https:\/\/pubeurope.com\/@pt\/117184157463106388","error":""},"_links":{"self":[{"href":"https:\/\/www.europesays.com\/pt\/wp-json\/wp\/v2\/posts\/505401","targetHints":{"allow":["GET"]}}],"collection":[{"href":"https:\/\/www.europesays.com\/pt\/wp-json\/wp\/v2\/posts"}],"about":[{"href":"https:\/\/www.europesays.com\/pt\/wp-json\/wp\/v2\/types\/post"}],"author":[{"embeddable":true,"href":"https:\/\/www.europesays.com\/pt\/wp-json\/wp\/v2\/users\/2"}],"replies":[{"embeddable":true,"href":"https:\/\/www.europesays.com\/pt\/wp-json\/wp\/v2\/comments?post=505401"}],"version-history":[{"count":0,"href":"https:\/\/www.europesays.com\/pt\/wp-json\/wp\/v2\/posts\/505401\/revisions"}],"wp:featuredmedia":[{"embeddable":true,"href":"https:\/\/www.europesays.com\/pt\/wp-json\/wp\/v2\/media\/505402"}],"wp:attachment":[{"href":"https:\/\/www.europesays.com\/pt\/wp-json\/wp\/v2\/media?parent=505401"}],"wp:term":[{"taxonomy":"category","embeddable":true,"href":"https:\/\/www.europesays.com\/pt\/wp-json\/wp\/v2\/categories?post=505401"},{"taxonomy":"post_tag","embeddable":true,"href":"https:\/\/www.europesays.com\/pt\/wp-json\/wp\/v2\/tags?post=505401"}],"curies":[{"name":"wp","href":"https:\/\/api.w.org\/{rel}","templated":true}]}}