{"id":50541,"date":"2025-08-29T18:41:08","date_gmt":"2025-08-29T18:41:08","guid":{"rendered":"https:\/\/www.europesays.com\/pt\/50541\/"},"modified":"2025-08-29T18:41:08","modified_gmt":"2025-08-29T18:41:08","slug":"mae-de-jessica-vieira-sobre-catarina-miranda-ela-provou-do-proprio-veneno-big-brother","status":"publish","type":"post","link":"https:\/\/www.europesays.com\/pt\/50541\/","title":{"rendered":"M\u00e3e de J\u00e9ssica Vieira sobre Catarina Miranda \u00abEla provou do pr\u00f3prio veneno\u00bb &#8211; Big Brother"},"content":{"rendered":"<p>No \u00daltima Hora do Big Brother Ver\u00e3o, conduzido por Nuno Eir\u00f3 e com os comentadores Adriano Silva Martins, Daniela Santos, Kina e Patr\u00edcia, m\u00e3e de J\u00e9ssica Vieira, n\u00e3o faltaram opini\u00f5es fortes. Sem papas na l\u00edngua, Patr\u00edcia comentou a postura de Catarina Miranda em rela\u00e7\u00e3o a Afonso e atirou: \u00abEla provou do pr\u00f3prio veneno\u00bb.<\/p>\n<p>Esta semana,\u00a0<strong>tr\u00eas concorrentes est\u00e3o em risco<\/strong>. O seu voto pode fazer toda a<strong>\u00a0diferen\u00e7a.<\/strong>\u00a0Vote para<strong>\u00a0Salvar\u00a0<\/strong>o seu concorrente favorito:<\/p>\n<p><strong>Catarina Miranda \u2013 761 20 20 05<br \/>Viriato Quintela \u2013 761 20 20 13<br \/>Ana Duarte \u2013 761 20 20 17<\/strong><\/p>\n<p><a href=\"https:\/\/tvi.iol.pt\/bigbrother\/\" wbo-id=\"33\" rel=\"nofollow noopener\" target=\"_blank\">Em segundos, tudo pode mudar. Acompanhe de perto o que acontece dentro da casa mais vigiada do Pa\u00eds.<\/a><\/p>\n","protected":false},"excerpt":{"rendered":"No \u00daltima Hora do Big Brother Ver\u00e3o, conduzido por Nuno Eir\u00f3 e com os comentadores Adriano Silva Martins,&hellip;\n","protected":false},"author":2,"featured_media":50542,"comment_status":"","ping_status":"","sticky":false,"template":"","format":"standard","meta":{"footnotes":""},"categories":[142],"tags":[331,48,342,329,333,328,335,336,114,115,334,332,330,1417,13,32,33,151,162,227],"class_list":{"0":"post-50541","1":"post","2":"type-post","3":"status-publish","4":"format-standard","5":"has-post-thumbnail","7":"category-tv","8":"tag-big","9":"tag-big-brother","10":"tag-catarina-miranda","11":"tag-claudio-ramos","12":"tag-comentadores","13":"tag-concorrentes","14":"tag-confrontos","15":"tag-discussoes","16":"tag-entertainment","17":"tag-entretenimento","18":"tag-exclusivos","19":"tag-expulso","20":"tag-gala","21":"tag-jessica-vieira","22":"tag-noticias","23":"tag-portugal","24":"tag-pt","25":"tag-tv","26":"tag-tvi","27":"tag-videos"},"share_on_mastodon":{"url":"","error":""},"_links":{"self":[{"href":"https:\/\/www.europesays.com\/pt\/wp-json\/wp\/v2\/posts\/50541","targetHints":{"allow":["GET"]}}],"collection":[{"href":"https:\/\/www.europesays.com\/pt\/wp-json\/wp\/v2\/posts"}],"about":[{"href":"https:\/\/www.europesays.com\/pt\/wp-json\/wp\/v2\/types\/post"}],"author":[{"embeddable":true,"href":"https:\/\/www.europesays.com\/pt\/wp-json\/wp\/v2\/users\/2"}],"replies":[{"embeddable":true,"href":"https:\/\/www.europesays.com\/pt\/wp-json\/wp\/v2\/comments?post=50541"}],"version-history":[{"count":0,"href":"https:\/\/www.europesays.com\/pt\/wp-json\/wp\/v2\/posts\/50541\/revisions"}],"wp:featuredmedia":[{"embeddable":true,"href":"https:\/\/www.europesays.com\/pt\/wp-json\/wp\/v2\/media\/50542"}],"wp:attachment":[{"href":"https:\/\/www.europesays.com\/pt\/wp-json\/wp\/v2\/media?parent=50541"}],"wp:term":[{"taxonomy":"category","embeddable":true,"href":"https:\/\/www.europesays.com\/pt\/wp-json\/wp\/v2\/categories?post=50541"},{"taxonomy":"post_tag","embeddable":true,"href":"https:\/\/www.europesays.com\/pt\/wp-json\/wp\/v2\/tags?post=50541"}],"curies":[{"name":"wp","href":"https:\/\/api.w.org\/{rel}","templated":true}]}}