{"id":505419,"date":"2026-08-30T11:36:17","date_gmt":"2026-08-30T11:36:17","guid":{"rendered":"https:\/\/www.europesays.com\/pt\/505419\/"},"modified":"2026-08-30T11:36:17","modified_gmt":"2026-08-30T11:36:17","slug":"vem-ai-a-madrasta-cajo-faz-as-pazes-com-xavier-mas-recusa-a-fortuna-do-irmao-novelas","status":"publish","type":"post","link":"https:\/\/www.europesays.com\/pt\/505419\/","title":{"rendered":"Vem a\u00ed \u00abA Madrasta\u00bb: Caj\u00f3 faz as pazes com Xavier, mas recusa a fortuna do irm\u00e3o &#8211; Novelas"},"content":{"rendered":"<p data-end=\"273\" data-start=\"80\"><strong data-end=\"104\" data-start=\"80\">Caj\u00f3 (Joaquim Horta)<\/strong> visita <strong data-end=\"140\" data-start=\"112\">Xavier (V\u00edtor d\u2019Andrade)<\/strong> e aceita as desculpas do irm\u00e3o. Xavier, que acreditava que poderia nunca mais voltar a v\u00ea-lo, fica feliz por Caj\u00f3 ter reconsiderado.<\/p>\n<p data-end=\"519\" data-start=\"275\">Caj\u00f3 explica que quer <strong data-end=\"325\" data-start=\"297\">ficar em paz com o irm\u00e3o<\/strong>, mas deixa claro que n\u00e3o pretende aceitar a sua fortuna. Xavier n\u00e3o compreende a decis\u00e3o, mas percebe que n\u00e3o pode faz\u00ea-lo mudar de ideias e mostra-se feliz por terem conseguido fazer as pazes.<\/p>\n<p data-end=\"617\" data-start=\"521\">Depois de sair do quarto de Xavier, <strong data-end=\"583\" data-start=\"557\">Caj\u00f3 limpa as l\u00e1grimas<\/strong>, emocionado com o momento vivido.<\/p>\n<p data-end=\"876\" data-start=\"619\"><strong data-end=\"645\" data-start=\"619\">Clarisse (Paula Neves)<\/strong> percebe entretanto que Caj\u00f3 \u00e9 o irm\u00e3o de Xavier. Este confirma que os dois fizeram as pazes, mas explica que n\u00e3o quer a heran\u00e7a, porque <strong data-end=\"807\" data-start=\"782\">gosta da vida que tem<\/strong>. Caj\u00f3 pede ainda a Clarisse que n\u00e3o conte a ningu\u00e9m o que aconteceu.<\/p>\n<p data-end=\"956\" data-is-last-node=\"\" data-is-only-node=\"\" data-start=\"878\"><strong data-end=\"918\" data-start=\"878\">Clarisse olha para Caj\u00f3, apaixonada.<\/strong><\/p>\n","protected":false},"excerpt":{"rendered":"Caj\u00f3 (Joaquim Horta) visita Xavier (V\u00edtor d\u2019Andrade) e aceita as desculpas do irm\u00e3o. Xavier, que acreditava que poderia&hellip;\n","protected":false},"author":2,"featured_media":505420,"comment_status":"","ping_status":"","sticky":false,"template":"","format":"standard","meta":{"footnotes":"","_share_on_mastodon":"0"},"categories":[85],"tags":[160,166,114,115,157,167,1406,164,161,158,3119,165,159,32,33,156,163,162,69032],"class_list":["post-505419","post","type-post","status-publish","format-standard","has-post-thumbnail","category-entretenimento","tag-ana-guiomar","tag-cristina-ferreira","tag-entertainment","tag-entretenimento","tag-festa-e-festa","tag-ficcao","tag-joaquim-horta","tag-jose-fidalgo","tag-novelas","tag-para-sempre","tag-paula-neves","tag-pedro-sousa","tag-pedro-teixeira","tag-portugal","tag-pt","tag-queridos-papas","tag-tiago-teotonio-pereira","tag-tvi","tag-vitor-dandrade"],"share_on_mastodon":{"url":"https:\/\/pubeurope.com\/@pt\/117184258811883546","error":""},"_links":{"self":[{"href":"https:\/\/www.europesays.com\/pt\/wp-json\/wp\/v2\/posts\/505419","targetHints":{"allow":["GET"]}}],"collection":[{"href":"https:\/\/www.europesays.com\/pt\/wp-json\/wp\/v2\/posts"}],"about":[{"href":"https:\/\/www.europesays.com\/pt\/wp-json\/wp\/v2\/types\/post"}],"author":[{"embeddable":true,"href":"https:\/\/www.europesays.com\/pt\/wp-json\/wp\/v2\/users\/2"}],"replies":[{"embeddable":true,"href":"https:\/\/www.europesays.com\/pt\/wp-json\/wp\/v2\/comments?post=505419"}],"version-history":[{"count":0,"href":"https:\/\/www.europesays.com\/pt\/wp-json\/wp\/v2\/posts\/505419\/revisions"}],"wp:featuredmedia":[{"embeddable":true,"href":"https:\/\/www.europesays.com\/pt\/wp-json\/wp\/v2\/media\/505420"}],"wp:attachment":[{"href":"https:\/\/www.europesays.com\/pt\/wp-json\/wp\/v2\/media?parent=505419"}],"wp:term":[{"taxonomy":"category","embeddable":true,"href":"https:\/\/www.europesays.com\/pt\/wp-json\/wp\/v2\/categories?post=505419"},{"taxonomy":"post_tag","embeddable":true,"href":"https:\/\/www.europesays.com\/pt\/wp-json\/wp\/v2\/tags?post=505419"}],"curies":[{"name":"wp","href":"https:\/\/api.w.org\/{rel}","templated":true}]}}