{"id":505425,"date":"2026-08-30T11:45:13","date_gmt":"2026-08-30T11:45:13","guid":{"rendered":"https:\/\/www.europesays.com\/pt\/505425\/"},"modified":"2026-08-30T11:45:13","modified_gmt":"2026-08-30T11:45:13","slug":"fernanda-de-freitas-diz-que-silvia-pode-usar-segredo-em-por-voce-televisao","status":"publish","type":"post","link":"https:\/\/www.europesays.com\/pt\/505425\/","title":{"rendered":"Fernanda de Freitas diz que Silvia pode usar segredo em &#8216;Por Voc\u00ea&#8217; | Televis\u00e3o"},"content":{"rendered":"<p>                                         Fernanda de Freitas integra o elenco da novela &#8216;Por Voc\u00ea&#8217; &#8211;  Gabriel Farhat \/ Divulga\u00e7\u00e3o<\/p>\n<p class=\"content-media__description\"> Fernanda de Freitas integra o elenco da novela &#8216;Por Voc\u00ea&#8217; Gabriel Farhat \/ Divulga\u00e7\u00e3o<\/p>\n<p>                            Publicado 30\/08\/2026 05:00\n                    <\/p>\n<p>                    Rio &#8211;\u00a0Fernanda de Freitas ganha espa\u00e7o nos pr\u00f3ximos cap\u00edtulos de &#8220;Por Voc\u00ea&#8221; como <a href=\"https:\/\/odia.ig.com.br\/diversao\/televisao\/2026\/07\/7284292-fernanda-de-freitas-e-pietra-quintela-vivem-mae-e-filha-em-por-voce.html\" target=\"_blank\" rel=\"noopener noreferrer nofollow\">Silvia, uma ex-bailarina que transforma as pr\u00f3prias frustra\u00e7\u00f5es em cobran\u00e7as sobre a filha, Hanna (Pietra Quintela)<\/a>. Na trama das 19h da TV Globo, a personagem exige perfei\u00e7\u00e3o da jovem no bal\u00e9 e ainda guarda um segredo do passado com Vanessa (Alinne Moraes).<br \/>\n<br \/>&#8220;A rela\u00e7\u00e3o dela com a filha tem muito amor, mas tamb\u00e9m tem muita cobran\u00e7a. Silvia joga toda a frustra\u00e7\u00e3o da bailarina que engravidou e n\u00e3o seguiu o sonho de se tornar uma primeira-bailarina na filha&#8221;, conta Fernanda.<\/p>\n<p>Silvia j\u00e1 apareceu na novela em um flashback exibido no \u00faltimo s\u00e1bado (22), que retratou a perda do primeiro filho de Vanessa. Gr\u00e1vida de sete meses e em uma gesta\u00e7\u00e3o de risco, ela desobedeceu ao repouso absoluto para descobrir se Gabriel (Thiago Lacerda) estava com Bela (Sheron Menezzes), caiu da escada e sofreu um descolamento de placenta. O beb\u00ea n\u00e3o resistiu, e Vanessa passou a culpar a rival pela trag\u00e9dia.<\/p>\n<p>Silvia presenciou o epis\u00f3dio e guardou com a amiga o segredo de que Vanessa havia quebrado o repouso por ci\u00fames, vers\u00e3o que elas esconderam de Gabriel e dos demais. &#8220;Por enquanto, eu acho que a influ\u00eancia maior seja da Vanessa em rela\u00e7\u00e3o a Silvia, porque ela, sim, tem muito a perder com esse segredo. Futuramente, a Silvia pode at\u00e9 jogar com isso, mas a\u00ed, s\u00f3 os autores sabem. At\u00e9 l\u00e1, eu acredito numa amizade fiel dela com a vil\u00e3&#8221;, afirma.<\/p>\n<p>Na trama de Dino Cantelli e Juliana Peres, Silvia engravidou de forma inesperada no auge da carreira e precisou abandonar o sonho de se tornar primeira-bailarina. Anos depois, encontrou no ensino uma maneira de permanecer pr\u00f3xima da dan\u00e7a e passou a comandar a academia Dan\u00e7a em Movimento.<\/p>\n<p>&#8220;Uma pessoa frustrada carrega m\u00e1goas que podem mudar sua personalidade, endurecem, tiram o brilho. Na hist\u00f3ria, ela aparece separada do pai da filha e eu acredito que isso tenha acontecido porque o casamento, na cabe\u00e7a dela, foi o primeiro &#8216;respons\u00e1vel&#8217; pelo abandono da sua t\u00e3o almejada carreira de bailarina. Penso que, antes da filha, o ex-marido tenha sido o grande vil\u00e3o da sua hist\u00f3ria&#8221;, explica.<\/p>\n<p>Parte dessa frustra\u00e7\u00e3o acaba projetada em Hanna. Silvia deposita na jovem as expectativas que n\u00e3o conseguiu realizar na pr\u00f3pria trajet\u00f3ria e cobra que a filha alcance a perfei\u00e7\u00e3o no bal\u00e9.<\/p>\n<p>&#8220;Eu enxergo a rela\u00e7\u00e3o com grande preocupa\u00e7\u00e3o. O amor n\u00e3o d\u00e1 o direito de sugar uma pessoa, de cobrar a ponto de humilhar, mesmo que a inten\u00e7\u00e3o dela, como m\u00e3e, n\u00e3o seja essa. Numa rela\u00e7\u00e3o entre m\u00e3e e filha \u00e9 mais complicado ainda, pois \u00e9 um v\u00ednculo muito forte, existe uma depend\u00eancia tanto emocional quanto de viv\u00eancia e financeira do filho&#8221;, avalia. &#8220;\u00c9 uma rela\u00e7\u00e3o t\u00f3xica em que o filho n\u00e3o tem para onde correr, at\u00e9 chegar \u00e0 maioridade e poder &#8216;voar&#8217;. E, com certeza, isso deixa cicatrizes profundas&#8221;, acrescenta.<\/p>\n<p><strong>Reencontro com o bal\u00e9<\/strong><\/p>\n<p>A profiss\u00e3o de Silvia tamb\u00e9m aproximou Fernanda de uma parte importante da pr\u00f3pria hist\u00f3ria. Bailarina desde a inf\u00e2ncia, a atriz passou seis anos sem fazer aulas e retomou os treinos para se preparar para &#8220;Por Voc\u00ea&#8221;. &#8220;Eu fiquei t\u00e3o emocionada quando soube que a Silvia seria uma bailarina. O ballet me formou como artista e como pessoa tamb\u00e9m. Acredito que toda a minha disciplina e compromisso com o trabalho tenham a ver com essa trajet\u00f3ria&#8221;, declara.<\/p>\n<p>&#8220;Fiquei seis anos sem fazer aula e quando voltei para me preparar para a personagem, eu pensei: &#8216;Por que eu parei?!&#8217;. E essa pergunta me veio n\u00e3o s\u00f3 porque vi o qu\u00e3o dif\u00edcil \u00e9 voltar, depois de tanto tempo, mas porque percebi que sou mais feliz dan\u00e7ando&#8221;, admite.<\/p>\n<p>&#8220;Por Voc\u00ea&#8221; marca o primeiro folhetim da atriz desde &#8220;Um Lugar ao Sol&#8221; (2021). Ap\u00f3s cinco anos longe das novelas, Fernanda celebrou a oportunidade de voltar \u00e0 TV aberta. &#8220;Foi uma alegria! Eu amo fazer novela, fazer TV aberta&#8221;, comemora.<\/p>\n<p>Outro trabalho ainda muito associado \u00e0 carreira da atriz \u00e9 Flavinha, de &#8220;Tapas &amp; Beijos&#8221; (2011-2015). Mais de uma d\u00e9cada ap\u00f3s o fim da s\u00e9rie, ela admite que toparia interpretar a personagem outra vez. &#8220;Eu toparia. Um filme, uma temporada comemorativa\u2026 Depois de mais de 10 anos que a s\u00e9rie acabou, \u00e9 impressionante como ela continua viva na mem\u00f3ria das pessoas e o que eu acho mais incr\u00edvel ainda, conquistando novos p\u00fablicos. Ent\u00e3o, sim, &#8216;Slaps and Kisses&#8217; (Tapas &amp; Beijos) ainda \u00e9 um grande sucesso e eu viveria a Flavinha de novo com o maior prazer&#8221;, garante.<\/p>\n<p><strong>Desejos da vida pessoal<\/strong><\/p>\n<p>Fora da fic\u00e7\u00e3o, Fernanda, de 46 anos, n\u00e3o v\u00ea a maternidade como um caminho necess\u00e1rio para sua vida. Ao ser questionada se a rela\u00e7\u00e3o entre Silvia e Hanna fez com que revisitasse o assunto ou repensasse o desejo de ter filhos, ela foi direta: &#8220;Sou m\u00e3e de pets e estou feliz assim&#8221;, resume.<\/p>\n<p>A atriz tamb\u00e9m percebe uma mudan\u00e7a na press\u00e3o social exercida sobre mulheres que optam por n\u00e3o ter filhos. &#8220;Eu tenho a impress\u00e3o de que essa cobran\u00e7a est\u00e1 diminuindo. Ainda existe, obviamente, mas acho que, tanto as mulheres est\u00e3o mais livres para escolher seu caminho, quanto as pessoas entendendo que o respeito \u00e0 escolha do outro, \u00e9 o correto&#8221;, analisa.<\/p>\n","protected":false},"excerpt":{"rendered":"Fernanda de Freitas integra o elenco da novela &#8216;Por Voc\u00ea&#8217; &#8211; Gabriel Farhat \/ Divulga\u00e7\u00e3o Fernanda de Freitas&hellip;\n","protected":false},"author":2,"featured_media":505426,"comment_status":"","ping_status":"","sticky":false,"template":"","format":"standard","meta":{"footnotes":"","_share_on_mastodon":"0"},"categories":[142],"tags":[813,114,115,741,81007,753,2931,66063,32,33,151],"class_list":["post-505425","post","type-post","status-publish","format-standard","has-post-thumbnail","category-tv","tag-atriz","tag-entertainment","tag-entretenimento","tag-entrevista","tag-fernanda-de-freitas","tag-globo","tag-novela","tag-por-voce","tag-portugal","tag-pt","tag-tv"],"share_on_mastodon":{"url":"https:\/\/pubeurope.com\/@pt\/117184294204299279","error":""},"_links":{"self":[{"href":"https:\/\/www.europesays.com\/pt\/wp-json\/wp\/v2\/posts\/505425","targetHints":{"allow":["GET"]}}],"collection":[{"href":"https:\/\/www.europesays.com\/pt\/wp-json\/wp\/v2\/posts"}],"about":[{"href":"https:\/\/www.europesays.com\/pt\/wp-json\/wp\/v2\/types\/post"}],"author":[{"embeddable":true,"href":"https:\/\/www.europesays.com\/pt\/wp-json\/wp\/v2\/users\/2"}],"replies":[{"embeddable":true,"href":"https:\/\/www.europesays.com\/pt\/wp-json\/wp\/v2\/comments?post=505425"}],"version-history":[{"count":0,"href":"https:\/\/www.europesays.com\/pt\/wp-json\/wp\/v2\/posts\/505425\/revisions"}],"wp:featuredmedia":[{"embeddable":true,"href":"https:\/\/www.europesays.com\/pt\/wp-json\/wp\/v2\/media\/505426"}],"wp:attachment":[{"href":"https:\/\/www.europesays.com\/pt\/wp-json\/wp\/v2\/media?parent=505425"}],"wp:term":[{"taxonomy":"category","embeddable":true,"href":"https:\/\/www.europesays.com\/pt\/wp-json\/wp\/v2\/categories?post=505425"},{"taxonomy":"post_tag","embeddable":true,"href":"https:\/\/www.europesays.com\/pt\/wp-json\/wp\/v2\/tags?post=505425"}],"curies":[{"name":"wp","href":"https:\/\/api.w.org\/{rel}","templated":true}]}}