{"id":505439,"date":"2026-08-30T12:03:14","date_gmt":"2026-08-30T12:03:14","guid":{"rendered":"https:\/\/www.europesays.com\/pt\/505439\/"},"modified":"2026-08-30T12:03:14","modified_gmt":"2026-08-30T12:03:14","slug":"melasma-nao-e-so-culpa-do-sol-o-que-pode-piorar-as-manchas","status":"publish","type":"post","link":"https:\/\/www.europesays.com\/pt\/505439\/","title":{"rendered":"Melasma n\u00e3o \u00e9 s\u00f3 culpa do sol: o que pode piorar as manchas"},"content":{"rendered":"\n<p class=\" content-text__container \" data-track-category=\"Link no Texto\" data-track-links=\"\"> &#8220;A escolha come\u00e7a pela avalia\u00e7\u00e3o cl\u00ednica e pela identifica\u00e7\u00e3o das caracter\u00edsticas do melasma, incluindo sua extens\u00e3o, profundidade e resposta a tratamentos anteriores, al\u00e9m do tipo de pele e dos h\u00e1bitos de exposi\u00e7\u00e3o. A partir disso, podemos definir uma estrat\u00e9gia que combine fotoprote\u00e7\u00e3o, tratamentos t\u00f3picos e, quando houver indica\u00e7\u00e3o, procedimentos. Essa associa\u00e7\u00e3o pode ser interessante porque diferentes abordagens atuam sobre mecanismos distintos da pigmenta\u00e7\u00e3o e podem complementar seus efeitos. Procedimentos como peelings e microagulhamento, por exemplo, podem ser utilizados como terapias adjuvantes em pacientes selecionados, enquanto tecnologias como lasers devem ser reservadas para situa\u00e7\u00f5es espec\u00edficas, especialmente casos mais resistentes&#8221;, detalha. <\/p>\n","protected":false},"excerpt":{"rendered":"&#8220;A escolha come\u00e7a pela avalia\u00e7\u00e3o cl\u00ednica e pela identifica\u00e7\u00e3o das caracter\u00edsticas do melasma, incluindo sua extens\u00e3o, profundidade e&hellip;\n","protected":false},"author":2,"featured_media":505440,"comment_status":"","ping_status":"","sticky":false,"template":"","format":"standard","meta":{"footnotes":"","_share_on_mastodon":"0"},"categories":[86],"tags":[319,116,32,33,318,117],"class_list":["post-505439","post","type-post","status-publish","format-standard","has-post-thumbnail","category-saude","tag-hard-news","tag-health","tag-portugal","tag-pt","tag-radar","tag-saude"],"share_on_mastodon":{"url":"https:\/\/pubeurope.com\/@pt\/117184364885275687","error":""},"_links":{"self":[{"href":"https:\/\/www.europesays.com\/pt\/wp-json\/wp\/v2\/posts\/505439","targetHints":{"allow":["GET"]}}],"collection":[{"href":"https:\/\/www.europesays.com\/pt\/wp-json\/wp\/v2\/posts"}],"about":[{"href":"https:\/\/www.europesays.com\/pt\/wp-json\/wp\/v2\/types\/post"}],"author":[{"embeddable":true,"href":"https:\/\/www.europesays.com\/pt\/wp-json\/wp\/v2\/users\/2"}],"replies":[{"embeddable":true,"href":"https:\/\/www.europesays.com\/pt\/wp-json\/wp\/v2\/comments?post=505439"}],"version-history":[{"count":0,"href":"https:\/\/www.europesays.com\/pt\/wp-json\/wp\/v2\/posts\/505439\/revisions"}],"wp:featuredmedia":[{"embeddable":true,"href":"https:\/\/www.europesays.com\/pt\/wp-json\/wp\/v2\/media\/505440"}],"wp:attachment":[{"href":"https:\/\/www.europesays.com\/pt\/wp-json\/wp\/v2\/media?parent=505439"}],"wp:term":[{"taxonomy":"category","embeddable":true,"href":"https:\/\/www.europesays.com\/pt\/wp-json\/wp\/v2\/categories?post=505439"},{"taxonomy":"post_tag","embeddable":true,"href":"https:\/\/www.europesays.com\/pt\/wp-json\/wp\/v2\/tags?post=505439"}],"curies":[{"name":"wp","href":"https:\/\/api.w.org\/{rel}","templated":true}]}}