{"id":505461,"date":"2026-08-30T12:33:33","date_gmt":"2026-08-30T12:33:33","guid":{"rendered":"https:\/\/www.europesays.com\/pt\/505461\/"},"modified":"2026-08-30T12:33:33","modified_gmt":"2026-08-30T12:33:33","slug":"exclusivo-a-madrasta-simao-e-acusado-de-tentar-matar-pedro-novelas","status":"publish","type":"post","link":"https:\/\/www.europesays.com\/pt\/505461\/","title":{"rendered":"Exclusivo \u00abA Madrasta\u00bb: Sim\u00e3o \u00e9 acusado de tentar matar Pedro &#8211; Novelas"},"content":{"rendered":"<p data-end=\"534\" data-start=\"73\"><strong data-end=\"101\" data-start=\"73\">Laura (Madalena Brand\u00e3o)<\/strong> convence <strong data-end=\"141\" data-start=\"111\">Francisca (Matilde Reym\u00e3o)<\/strong> de que <strong data-end=\"179\" data-start=\"149\">Sim\u00e3o (Jo\u00e3o Maria Maneira)<\/strong> tinha motivos para disparar e que ter\u00e1 sido ele o respons\u00e1vel pelo tiro. Francisca explica que n\u00e3o o pode denunciar sem revelar tamb\u00e9m que esteve em casa de Pedro. Laura promete tratar da situa\u00e7\u00e3o e pede-lhe que n\u00e3o se preocupe com as chantagens de Ricardo. Recorda-lhe que prometeu cuidar dela como se fosse uma filha e garante que \u00e9 isso que vai fazer.<\/p>\n<p data-end=\"916\" data-start=\"536\">Laura contacta algu\u00e9m da marina onde Sim\u00e3o tem o barco atracado e descobre que <strong data-end=\"653\" data-start=\"615\">o veleiro nunca chegou a sair dali<\/strong>. Convencida de que foi Sim\u00e3o quem disparou, Laura partilha a informa\u00e7\u00e3o com <strong data-end=\"755\" data-start=\"730\">Renato (S\u00e9rgio Praia)<\/strong>. Laura quer denunci\u00e1-lo, mas Renato alerta para os problemas que isso poder\u00e1 causar a Francisca. Ainda assim, Laura decide avan\u00e7ar com <strong data-end=\"915\" data-start=\"891\">uma den\u00fancia an\u00f3nima<\/strong>.<\/p>\n<p data-end=\"1322\" data-start=\"918\">Entretanto, o <strong data-end=\"953\" data-start=\"932\">inspetor Galveias<\/strong> questiona Sim\u00e3o sobre onde estava no dia do casamento. Sim\u00e3o afirma que estava a velejar, a caminho dos A\u00e7ores. Galveias revela, por\u00e9m, que tem informa\u00e7\u00f5es diferentes e pede-lhe que o acompanhe \u00e0 esquadra. O inspetor explica que Sim\u00e3o foi visto perto da casa e que n\u00e3o existe qualquer registo na marina de que o veleiro tenha sa\u00eddo. <strong data-end=\"1322\" data-start=\"1287\">Sim\u00e3o garante que n\u00e3o fez nada.<\/strong><\/p>\n<p data-end=\"1749\" data-start=\"1324\">A deten\u00e7\u00e3o de Sim\u00e3o deixa todos em choque. <strong data-end=\"1379\" data-start=\"1367\">Carminho<\/strong> considera que \u00e9 melhor n\u00e3o dizerem nada a Pedro, enquanto <strong data-end=\"1464\" data-start=\"1438\">Fel\u00edcia (Isabel Abreu)<\/strong> acredita que Pedro acabar\u00e1 por descobrir. Fel\u00edcia parece ainda acreditar que Sim\u00e3o \u00e9 culpado, uma vez que andava obcecado com Maria. <strong data-end=\"1630\" data-start=\"1598\">Madalena (Cucha Carvalheiro)<\/strong>, por outro lado, n\u00e3o acredita que ele fosse capaz de cometer o crime. Fel\u00edcia diz que precisa de sair para apanhar ar.<\/p>\n<p data-end=\"1959\" data-start=\"1751\">Na esquadra, Sim\u00e3o explica que foi ao casamento para pedir desculpa e que j\u00e1 contou tudo \u00e0 pol\u00edcia. Revela ainda que <strong data-end=\"1887\" data-start=\"1868\">entregou a arma<\/strong>, que poder\u00e1 ser analisada e comprovar que n\u00e3o foi utilizada no disparo.<\/p>\n<p data-end=\"2210\" data-is-last-node=\"\" data-is-only-node=\"\" data-start=\"1961\"><strong data-end=\"1991\" data-start=\"1961\">Diana (In\u00eas Castel-Branco)<\/strong> acredita na vers\u00e3o de Sim\u00e3o e revela que tamb\u00e9m j\u00e1 passou por uma situa\u00e7\u00e3o semelhante. \u00c9 ent\u00e3o que Sim\u00e3o se recorda de ter visto <strong data-end=\"2181\" data-start=\"2121\">o carro de Francisca \u00e0 porta de casa no dia do casamento<\/strong>, deixando Diana desconfiada.<\/p>\n","protected":false},"excerpt":{"rendered":"Laura (Madalena Brand\u00e3o) convence Francisca (Matilde Reym\u00e3o) de que Sim\u00e3o (Jo\u00e3o Maria Maneira) tinha motivos para disparar e&hellip;\n","protected":false},"author":2,"featured_media":505462,"comment_status":"","ping_status":"","sticky":false,"template":"","format":"standard","meta":{"footnotes":"","_share_on_mastodon":"0"},"categories":[85],"tags":[160,166,114,115,157,167,164,161,158,165,159,32,33,156,163,162],"class_list":["post-505461","post","type-post","status-publish","format-standard","has-post-thumbnail","category-entretenimento","tag-ana-guiomar","tag-cristina-ferreira","tag-entertainment","tag-entretenimento","tag-festa-e-festa","tag-ficcao","tag-jose-fidalgo","tag-novelas","tag-para-sempre","tag-pedro-sousa","tag-pedro-teixeira","tag-portugal","tag-pt","tag-queridos-papas","tag-tiago-teotonio-pereira","tag-tvi"],"share_on_mastodon":{"url":"https:\/\/pubeurope.com\/@pt\/117184483040510961","error":""},"_links":{"self":[{"href":"https:\/\/www.europesays.com\/pt\/wp-json\/wp\/v2\/posts\/505461","targetHints":{"allow":["GET"]}}],"collection":[{"href":"https:\/\/www.europesays.com\/pt\/wp-json\/wp\/v2\/posts"}],"about":[{"href":"https:\/\/www.europesays.com\/pt\/wp-json\/wp\/v2\/types\/post"}],"author":[{"embeddable":true,"href":"https:\/\/www.europesays.com\/pt\/wp-json\/wp\/v2\/users\/2"}],"replies":[{"embeddable":true,"href":"https:\/\/www.europesays.com\/pt\/wp-json\/wp\/v2\/comments?post=505461"}],"version-history":[{"count":0,"href":"https:\/\/www.europesays.com\/pt\/wp-json\/wp\/v2\/posts\/505461\/revisions"}],"wp:featuredmedia":[{"embeddable":true,"href":"https:\/\/www.europesays.com\/pt\/wp-json\/wp\/v2\/media\/505462"}],"wp:attachment":[{"href":"https:\/\/www.europesays.com\/pt\/wp-json\/wp\/v2\/media?parent=505461"}],"wp:term":[{"taxonomy":"category","embeddable":true,"href":"https:\/\/www.europesays.com\/pt\/wp-json\/wp\/v2\/categories?post=505461"},{"taxonomy":"post_tag","embeddable":true,"href":"https:\/\/www.europesays.com\/pt\/wp-json\/wp\/v2\/tags?post=505461"}],"curies":[{"name":"wp","href":"https:\/\/api.w.org\/{rel}","templated":true}]}}