{"id":505463,"date":"2026-08-30T12:34:10","date_gmt":"2026-08-30T12:34:10","guid":{"rendered":"https:\/\/www.europesays.com\/pt\/505463\/"},"modified":"2026-08-30T12:34:10","modified_gmt":"2026-08-30T12:34:10","slug":"ja-descolou-o-telescopio-da-nasa-com-um-campo-de-visao-cem-vezes-maior-do-que-o-hubble","status":"publish","type":"post","link":"https:\/\/www.europesays.com\/pt\/505463\/","title":{"rendered":"J\u00e1 descolou o telesc\u00f3pio da NASA com um campo de vis\u00e3o cem vezes maior do que o Hubble"},"content":{"rendered":"<p>                Um \u00fanico m\u00eas de observa\u00e7\u00f5es permitir\u00e1 mapear a Via L\u00e1ctea e detetar at\u00e9 metade das suas estrelas<\/p>\n<p>O telesc\u00f3pio Nancy Grace Roman da NASA, o maior observat\u00f3rio panor\u00e2mico alguma vez constru\u00eddo, descolou este domingo a bordo de um foguet\u00e3o Falcon Heavy da SpaceX, com a miss\u00e3o de explorar o Universo e procurar respostas sobre a energia escura, os exoplanetas e a astrof\u00edsica infravermelha, quest\u00f5es que poder\u00e3o alterar os atuais modelos da F\u00edsica.<\/p>\n<p>O lan\u00e7amento ocorreu \u00e0s 7h26, hora da costa leste dos Estados Unidos (11h26 GMT), a partir do Centro Espacial Kennedy da NASA, no centro da Florida.<\/p>\n<p>O Roman ter\u00e1 um campo de vis\u00e3o cem vezes maior do que o do telesc\u00f3pio Hubble e poder\u00e1 p\u00f4r em causa a atual compreens\u00e3o do Universo. Um \u00fanico m\u00eas de observa\u00e7\u00f5es permitir\u00e1 mapear a Via L\u00e1ctea e detetar at\u00e9 metade das suas estrelas, gerando um cat\u00e1logo maior do que qualquer outro existente, segundo a NASA.<\/p>\n","protected":false},"excerpt":{"rendered":"Um \u00fanico m\u00eas de observa\u00e7\u00f5es permitir\u00e1 mapear a Via L\u00e1ctea e detetar at\u00e9 metade das suas estrelas O&hellip;\n","protected":false},"author":2,"featured_media":505464,"comment_status":"","ping_status":"","sticky":false,"template":"","format":"standard","meta":{"footnotes":"","_share_on_mastodon":"0"},"categories":[84],"tags":[609,836,611,27,109,107,108,607,608,333,832,604,135,610,476,301,830,603,570,831,833,62,1149,834,13,835,602,52,32,33,105,103,104,106,110,81011,81010,29],"class_list":["post-505463","post","type-post","status-publish","format-standard","has-post-thumbnail","category-ciencia-e-tecnologia","tag-alerta","tag-analise","tag-ao-minuto","tag-breaking-news","tag-ciencia","tag-ciencia-e-tecnologia","tag-cienciaetecnologia","tag-cnn","tag-cnn-portugal","tag-comentadores","tag-costa","tag-crime","tag-desporto","tag-direto","tag-economia","tag-governo","tag-guerra","tag-justica","tag-live","tag-mais-vistas","tag-marcelo","tag-mundo","tag-nasa","tag-negocios","tag-noticias","tag-opiniao","tag-pais","tag-politica","tag-portugal","tag-pt","tag-science","tag-science-and-technology","tag-scienceandtechnology","tag-technology","tag-tecnologia","tag-telescopio-nancy-grace-roman","tag-telescopio-nancy-grace-roman-da-nasa","tag-ultimas"],"share_on_mastodon":{"url":"","error":"Validation failed: Text character limit of 500 exceeded"},"_links":{"self":[{"href":"https:\/\/www.europesays.com\/pt\/wp-json\/wp\/v2\/posts\/505463","targetHints":{"allow":["GET"]}}],"collection":[{"href":"https:\/\/www.europesays.com\/pt\/wp-json\/wp\/v2\/posts"}],"about":[{"href":"https:\/\/www.europesays.com\/pt\/wp-json\/wp\/v2\/types\/post"}],"author":[{"embeddable":true,"href":"https:\/\/www.europesays.com\/pt\/wp-json\/wp\/v2\/users\/2"}],"replies":[{"embeddable":true,"href":"https:\/\/www.europesays.com\/pt\/wp-json\/wp\/v2\/comments?post=505463"}],"version-history":[{"count":0,"href":"https:\/\/www.europesays.com\/pt\/wp-json\/wp\/v2\/posts\/505463\/revisions"}],"wp:featuredmedia":[{"embeddable":true,"href":"https:\/\/www.europesays.com\/pt\/wp-json\/wp\/v2\/media\/505464"}],"wp:attachment":[{"href":"https:\/\/www.europesays.com\/pt\/wp-json\/wp\/v2\/media?parent=505463"}],"wp:term":[{"taxonomy":"category","embeddable":true,"href":"https:\/\/www.europesays.com\/pt\/wp-json\/wp\/v2\/categories?post=505463"},{"taxonomy":"post_tag","embeddable":true,"href":"https:\/\/www.europesays.com\/pt\/wp-json\/wp\/v2\/tags?post=505463"}],"curies":[{"name":"wp","href":"https:\/\/api.w.org\/{rel}","templated":true}]}}