{"id":50550,"date":"2025-08-29T18:49:12","date_gmt":"2025-08-29T18:49:12","guid":{"rendered":"https:\/\/www.europesays.com\/pt\/50550\/"},"modified":"2025-08-29T18:49:12","modified_gmt":"2025-08-29T18:49:12","slug":"trump-manda-retirar-protecao-dos-servicos-secretos-a-kamala-harris","status":"publish","type":"post","link":"https:\/\/www.europesays.com\/pt\/50550\/","title":{"rendered":"Trump manda retirar prote\u00e7\u00e3o dos Servi\u00e7os Secretos a Kamala Harris"},"content":{"rendered":"<p class=\"category\"><a href=\"https:\/\/sicnoticias.pt\/mundo\" rel=\"nofollow noopener\" target=\"_blank\">Mundo<\/a><\/p>\n<p>Legisla\u00e7\u00e3o do Congresso norte-americano prev\u00ea seis meses de prote\u00e7\u00e3o ap\u00f3s o final do mandato, mas antes de deixar a Casa Branca, Joe Biden assinou uma ordem para prolongar o prazo para 18 meses. Decis\u00e3o agora revogada por Donald Trump.<\/p>\n<p><img decoding=\"async\" src=\"https:\/\/www.europesays.com\/pt\/wp-content\/uploads\/2025\/08\/1756493352_807_original.webp\" alt=\"Trump manda retirar prote\u00e7\u00e3o dos Servi\u00e7os Secretos a Kamala Harris\"\/><\/p>\n<p>Getty Images<\/p>\n<p><strong>O Presidente dos Estados Unidos, Donald Trump, mandou retirar a prote\u00e7\u00e3o dos Servi\u00e7os Secretos a Kamala Harris, avan\u00e7a a <\/strong><a href=\"https:\/\/www.nbcnews.com\/politics\/white-house\/trump-revokes-secret-service-protection-former-president-kamala-harris-rcna227959\" target=\"_blank\" rel=\"noopener noreferrer nofollow\"><strong>NBC News<\/strong><\/a><strong>, que cita fonte pr\u00f3xima da antiga vice-presidente de Biden.<\/strong><\/p>\n<blockquote><p>&#8220;A vice-presidente [Kamala Harris] est\u00e1 agradecida aos Servi\u00e7os Secretos pelo profissionalismo, dedica\u00e7\u00e3o e compromisso inabal\u00e1vel com a seguran\u00e7a&#8221;, afirmou o conselheiro s\u00e9nior.<\/p><\/blockquote>\n<p>Habitualmente, os vice-presidentes norte-americanos t\u00eam direito a <strong>seis meses de prote\u00e7\u00e3o<\/strong> depois de deixarem a Casa Branca, de acordo com a legisla\u00e7\u00e3o aprovada pelo Congresso em 2008.<\/p>\n<p>A prote\u00e7\u00e3o \u00e9 estendida ao esposo ou esposa e a filhos menores de 16 anos.<\/p>\n<p>De acordo com a NBC, antes de deixar a Casa Branca, <strong>Joe Biden assinou uma ordem executiva para estender este prazo para 18 meses<\/strong>.<\/p>\n","protected":false},"excerpt":{"rendered":"Mundo Legisla\u00e7\u00e3o do Congresso norte-americano prev\u00ea seis meses de prote\u00e7\u00e3o ap\u00f3s o final do mandato, mas antes de&hellip;\n","protected":false},"author":2,"featured_media":50551,"comment_status":"","ping_status":"","sticky":false,"template":"","format":"standard","meta":{"footnotes":""},"categories":[50],"tags":[27,28,15,16,14,25,26,21,22,62,12,13,19,20,23,24,17,18,29,30,31,63,64,65],"class_list":{"0":"post-50550","1":"post","2":"type-post","3":"status-publish","4":"format-standard","5":"has-post-thumbnail","7":"category-mundo","8":"tag-breaking-news","9":"tag-breakingnews","10":"tag-featured-news","11":"tag-featurednews","12":"tag-headlines","13":"tag-latest-news","14":"tag-latestnews","15":"tag-main-news","16":"tag-mainnews","17":"tag-mundo","18":"tag-news","19":"tag-noticias","20":"tag-noticias-principais","21":"tag-noticiasprincipais","22":"tag-principais-noticias","23":"tag-principaisnoticias","24":"tag-top-stories","25":"tag-topstories","26":"tag-ultimas","27":"tag-ultimas-noticias","28":"tag-ultimasnoticias","29":"tag-world","30":"tag-world-news","31":"tag-worldnews"},"share_on_mastodon":{"url":"","error":""},"_links":{"self":[{"href":"https:\/\/www.europesays.com\/pt\/wp-json\/wp\/v2\/posts\/50550","targetHints":{"allow":["GET"]}}],"collection":[{"href":"https:\/\/www.europesays.com\/pt\/wp-json\/wp\/v2\/posts"}],"about":[{"href":"https:\/\/www.europesays.com\/pt\/wp-json\/wp\/v2\/types\/post"}],"author":[{"embeddable":true,"href":"https:\/\/www.europesays.com\/pt\/wp-json\/wp\/v2\/users\/2"}],"replies":[{"embeddable":true,"href":"https:\/\/www.europesays.com\/pt\/wp-json\/wp\/v2\/comments?post=50550"}],"version-history":[{"count":0,"href":"https:\/\/www.europesays.com\/pt\/wp-json\/wp\/v2\/posts\/50550\/revisions"}],"wp:featuredmedia":[{"embeddable":true,"href":"https:\/\/www.europesays.com\/pt\/wp-json\/wp\/v2\/media\/50551"}],"wp:attachment":[{"href":"https:\/\/www.europesays.com\/pt\/wp-json\/wp\/v2\/media?parent=50550"}],"wp:term":[{"taxonomy":"category","embeddable":true,"href":"https:\/\/www.europesays.com\/pt\/wp-json\/wp\/v2\/categories?post=50550"},{"taxonomy":"post_tag","embeddable":true,"href":"https:\/\/www.europesays.com\/pt\/wp-json\/wp\/v2\/tags?post=50550"}],"curies":[{"name":"wp","href":"https:\/\/api.w.org\/{rel}","templated":true}]}}