{"id":505513,"date":"2026-08-30T13:28:26","date_gmt":"2026-08-30T13:28:26","guid":{"rendered":"https:\/\/www.europesays.com\/pt\/505513\/"},"modified":"2026-08-30T13:28:26","modified_gmt":"2026-08-30T13:28:26","slug":"islandeses-dizem-nao-as-negociacoes-de-adesao-a-ue","status":"publish","type":"post","link":"https:\/\/www.europesays.com\/pt\/505513\/","title":{"rendered":"Islandeses dizem &#8220;n\u00e3o&#8221; \u00e0s negocia\u00e7\u00f5es de ades\u00e3o \u00e0 UE"},"content":{"rendered":"\n<p>Os islandeses foram chamados a decidir sobre a seguinte quest\u00e3o: &#8220;Deve a Isl\u00e2ndia reabrir as negocia\u00e7\u00f5es de ades\u00e3o \u00e0 Uni\u00e3o Europeia?&#8221;.<\/p>\n<p>&#13;<br \/>\nOs resultados finais mostram que\u00a052,8% dos islandeses responderam \u201cn\u00e3o\u201d e 47,2% \u201csim\u201d.&#13;\n<\/p>\n<p>\n<b>&#8220;A na\u00e7\u00e3o rejeita as negocia\u00e7\u00f5es de ades\u00e3o \u00e0 UE&#8221;, anunciou a esta\u00e7\u00e3o p\u00fablica de r\u00e1dio e televis\u00e3o islandesa, R\u00daV.<\/b><\/p>\n<p>Com este resultado, qualquer discuss\u00e3o sobre a ades\u00e3o da Isl\u00e2ndia fica congelada, pelo menos, at\u00e9 2028.Esta foi a segunda vez que a Isl\u00e2ndia equacionou tornar-se Estado-membro da UE, depois de ter apresentado a candidatura \u00e0 ades\u00e3o em 2009, na sequ\u00eancia da crise financeira que devastou a economia do pa\u00eds, tendo as negocia\u00e7\u00f5es arrancado formalmente no ano seguinte.<\/p>\n<p><b>O referendo estava originalmente previsto para 2027, mas foi antecipado por v\u00e1rios desenvolvimentos econ\u00f3micos e geopol\u00edticos importantes, com destaque para a amea\u00e7a de Donald Trump de tomar pela for\u00e7a a Gronel\u00e2ndia<\/b>, territ\u00f3rio aut\u00f3nomo dinamarqu\u00eas vizinho, numa altura em que o \u00c1rtico \u00e9 muito cobi\u00e7ado devido aos minerais raros e novas rotas comerciais.<\/p>\n<p>&#13;<br \/>\nEste \u00e9 um duro golpe para a UE, que parecia disposta a fazer concess\u00f5es para integrar o pa\u00eds nas suas fileiras.<br \/>&#13;<br \/>\nPesca, custo de vida e seguran\u00e7a em foco<br \/>&#13;<br \/>\n<b>Os defensores do &#8220;sim&#8221; argumentaram que a ades\u00e3o ao bloco poderia aliviar as elevadas taxas de juro e oferecer mais seguran\u00e7a<\/b> num mundo inst\u00e1vel devido \u00e0 guerra na Ucr\u00e2nia e \u00e0 ret\u00f3rica do presidente norte-americano sobre a anexa\u00e7\u00e3o da Gronel\u00e2ndia, outra ilha do \u00c1rtico.&#13;\n<\/p>\n<p>\nA Isl\u00e2ndia tem enfrentado uma infla\u00e7\u00e3o persistentemente elevada e taxas de juro igualmente elevadas que encareceram o financiamento imobili\u00e1rio. Os defensores do &#8220;sim&#8221; afirmam que a ades\u00e3o \u00e0 UE, e possivelmente a ado\u00e7\u00e3o do euro, poderia trazer al\u00edvio. A taxa de juro do banco central island\u00eas \u00e9 de 8%, em compara\u00e7\u00e3o com 2,25% no Banco Central Europeu (BCE)).<\/p>\n<p><b>&#8220;N\u00e3o resolveria as falhas estruturais da Isl\u00e2ndia, mas poderia tornar-se um catalisador para uma economia mais saud\u00e1vel<\/b>&#8220;, disse o economista-chefe Vilhjalmur Hilmarsson, da Viska, um dos maiores sindicatos da Isl\u00e2ndia.<\/p>\n<p><b>Por sua vez, os defensores do &#8220;n\u00e3o&#8221; afirmaram que a ades\u00e3o \u00e0 UE amea\u00e7aria a soberania e as \u00e1guas de pesca da ilha.<\/b><\/p>\n<p>A l\u00edder da oposi\u00e7\u00e3o, Gudrun Hafsteinsdottir, que liderou a campanha do &#8220;n\u00e3o&#8221;, defendeu que os argumentos econ\u00f3micos s\u00e3o exagerados. &#8220;Estes n\u00e3o s\u00e3o problemas que Bruxelas resolva por n\u00f3s. S\u00e3o problemas que os pol\u00edticos islandeses devem resolver&#8221;, disse.<\/p>\n<p><b>O governo tinha apresentado o seu plano de ades\u00e3o como um momento decisivo, do tipo &#8220;agora ou nunca&#8221;, e a primeira-ministra Kristrun Frostadottir disse aos eleitores em agosto que um &#8220;n\u00e3o&#8221; acabaria com todas as especula\u00e7\u00f5es sobre a UE.<\/b><\/p>\n<p>A campanha do referendo alimentou o debate sobre o lugar da Isl\u00e2ndia no mundo<br \/>&#13;<br \/>\n&#8220;Este \u00e9 um grande dia. Est\u00e1vamos \u00e0 espera disto h\u00e1 anos, para podermos votar&#8221;, disse a primeira-ministra Kristrun Frostadottir aos jornalistas ap\u00f3s votar na capital, no s\u00e1bado, acrescentando que o seu governo continuaria o seu trabalho independentemente do resultado.<\/p>\n<p>c\/ag\u00eancias&#13;\n            <\/p>\n","protected":false},"excerpt":{"rendered":"Os islandeses foram chamados a decidir sobre a seguinte quest\u00e3o: &#8220;Deve a Isl\u00e2ndia reabrir as negocia\u00e7\u00f5es de ades\u00e3o&hellip;\n","protected":false},"author":2,"featured_media":505514,"comment_status":"","ping_status":"","sticky":false,"template":"","format":"standard","meta":{"footnotes":"","_share_on_mastodon":"0"},"categories":[8],"tags":[27,28,15,16,14,8282,25,26,21,22,12,13,19,20,32,23,24,33,35982,17,18,1977,29,30,31],"class_list":["post-505513","post","type-post","status-publish","format-standard","has-post-thumbnail","category-principais-noticias","tag-breaking-news","tag-breakingnews","tag-featured-news","tag-featurednews","tag-headlines","tag-islandia","tag-latest-news","tag-latestnews","tag-main-news","tag-mainnews","tag-news","tag-noticias","tag-noticias-principais","tag-noticiasprincipais","tag-portugal","tag-principais-noticias","tag-principaisnoticias","tag-pt","tag-referendo","tag-top-stories","tag-topstories","tag-ue","tag-ultimas","tag-ultimas-noticias","tag-ultimasnoticias"],"share_on_mastodon":{"url":"https:\/\/pubeurope.com\/@pt\/117184699207674207","error":""},"_links":{"self":[{"href":"https:\/\/www.europesays.com\/pt\/wp-json\/wp\/v2\/posts\/505513","targetHints":{"allow":["GET"]}}],"collection":[{"href":"https:\/\/www.europesays.com\/pt\/wp-json\/wp\/v2\/posts"}],"about":[{"href":"https:\/\/www.europesays.com\/pt\/wp-json\/wp\/v2\/types\/post"}],"author":[{"embeddable":true,"href":"https:\/\/www.europesays.com\/pt\/wp-json\/wp\/v2\/users\/2"}],"replies":[{"embeddable":true,"href":"https:\/\/www.europesays.com\/pt\/wp-json\/wp\/v2\/comments?post=505513"}],"version-history":[{"count":0,"href":"https:\/\/www.europesays.com\/pt\/wp-json\/wp\/v2\/posts\/505513\/revisions"}],"wp:featuredmedia":[{"embeddable":true,"href":"https:\/\/www.europesays.com\/pt\/wp-json\/wp\/v2\/media\/505514"}],"wp:attachment":[{"href":"https:\/\/www.europesays.com\/pt\/wp-json\/wp\/v2\/media?parent=505513"}],"wp:term":[{"taxonomy":"category","embeddable":true,"href":"https:\/\/www.europesays.com\/pt\/wp-json\/wp\/v2\/categories?post=505513"},{"taxonomy":"post_tag","embeddable":true,"href":"https:\/\/www.europesays.com\/pt\/wp-json\/wp\/v2\/tags?post=505513"}],"curies":[{"name":"wp","href":"https:\/\/api.w.org\/{rel}","templated":true}]}}