{"id":50556,"date":"2025-08-29T18:52:11","date_gmt":"2025-08-29T18:52:11","guid":{"rendered":"https:\/\/www.europesays.com\/pt\/50556\/"},"modified":"2025-08-29T18:52:11","modified_gmt":"2025-08-29T18:52:11","slug":"val-marchiori-revela-como-se-sente-apos-diagnostico-de-cancer-feia-esquisita","status":"publish","type":"post","link":"https:\/\/www.europesays.com\/pt\/50556\/","title":{"rendered":"Val Marchiori revela como se sente ap\u00f3s diagn\u00f3stico de c\u00e2ncer: &#8220;Feia, esquisita&#8221;"},"content":{"rendered":"<p><a href=\"https:\/\/natelinha.uol.com.br\/famosos\/tudo-sobre\/val-marchiori\" rel=\"nofollow noopener\" target=\"_blank\">Val Marchiori<\/a> desabafou sobre como se sente depois de ter tido um diagn\u00f3stico de c\u00e2ncer. &#8220;A gente se sente feia, esquista. Mexe tanto com o psicol\u00f3gico. A gente se sente t\u00e3o acabada&#8230; se eu n\u00e3o tivesse o apoio do marid\u00e3o, dos filhos, da fam\u00edlia, eu n\u00e3o aguentaria&#8221;, come\u00e7ou em seu perfil no Instagram.<\/p>\n<p>&#8220;Ele [o marido] me faz rir, e j\u00e1 melhora o dia. Ele \u00e9 um palha\u00e7o! Tenta me animar toda hora, os filhos tamb\u00e9m&#8230; tem que ter muita f\u00e9. Um dia de cada vez&#8221;, admitiu.<\/p>\n<p>+\u00a0<a href=\"https:\/\/natelinha.uol.com.br\/famosos\/2025\/08\/29\/apos-vencer-cancer-simony-faz-harmonizacao-no-bumbum-230560.php\" rel=\"nofollow noopener\" target=\"_blank\">Ap\u00f3s vencer c\u00e2ncer, Simony faz harmoniza\u00e7\u00e3o no bumbum<\/a><\/p>\n<p>continua depois da publicidade<\/p>\n<p>+\u00a0<a href=\"https:\/\/natelinha.uol.com.br\/televisao\/2025\/08\/29\/lucas-lima-admite-nervosismo-ao-apresentar-programa-tem-que-ter-cuidado-230559.php\" rel=\"nofollow noopener\" target=\"_blank\">Lucas Lima admite nervosismo ao apresentar programa: \u201cTem que ter cuidado\u201d<\/a><\/p>\n<p>Na pr\u00f3xima segunda-feira (1\u00ba), a socialite far\u00e1 uma cirurgia para retirada do tumor de mama. &#8220;A partir de ent\u00e3o, ser\u00e1 avaliado o tratamento subsequente&#8221;, explicou.<\/p>\n<p>Val Marchiori enfrenta doen\u00e7a<\/p>\n<p><img decoding=\"async\" loading=\"lazy\" class=\"horizontal\" src=\"https:\/\/www.europesays.com\/pt\/wp-content\/uploads\/2025\/08\/val-marchiori-chora-ao-detalhar-violencia-domestica-praticada-pelo-ex-marido_6520.jpeg\" alt=\"imagem-texto\" feia=\"\" esquisita=\"\"\/><\/p>\n<p>Ela havia dito nesta semana que ainda \u00e9 cedo para falar sobre quimioterapia. &#8220;Os m\u00e9dicos creem que n\u00e3o. Por\u00e9m, s\u00f3 ser\u00e1 poss\u00edvel afirmar ap\u00f3s a cirurgia.&#8221;<\/p>\n<p>Logo foi diagnosticada com a doen\u00e7a, afirmou que se apegou \u00e0 f\u00e9. &#8220;Recebo muitas mensagens carinhosas dos f\u00e3s e apoio dos amigos. Apoio integral dos meus familiares. Minha m\u00e3e, pai e irm\u00e3os est\u00e3o pr\u00f3ximos e acompanhando.&#8221;<\/p>\n<p>continua depois da publicidade<\/p>\n<p>&#8220;Dentro de casa tenho recebido muito apoio e carinho do marido e dos meus filhos, assim como das pessoas que trabalham comigo&#8221;, acrescentou.<\/p>\n<p>Por fim, encara tudo como uma oportunidade para ajudar outras pessoas. &#8220;Acredito que tudo na vida tem um prop\u00f3sito, e que sairei mais forte e muito mais motivada a fazer a diferen\u00e7a na vida das pessoas. Senti no meu cora\u00e7\u00e3o uma necessidade de falar e expor minha vulnerabilidade para que outras mulheres n\u00e3o passem pelo que eu estou passando.&#8221;<\/p>\n","protected":false},"excerpt":{"rendered":"Val Marchiori desabafou sobre como se sente depois de ter tido um diagn\u00f3stico de c\u00e2ncer. &#8220;A gente se&hellip;\n","protected":false},"author":2,"featured_media":50557,"comment_status":"","ping_status":"","sticky":false,"template":"","format":"standard","meta":{"footnotes":""},"categories":[145],"tags":[211,210,114,115,32,33,14403],"class_list":{"0":"post-50556","1":"post","2":"type-post","3":"status-publish","4":"format-standard","5":"has-post-thumbnail","7":"category-celebridades","8":"tag-celebridades","9":"tag-celebrities","10":"tag-entertainment","11":"tag-entretenimento","12":"tag-portugal","13":"tag-pt","14":"tag-val-marchiori"},"share_on_mastodon":{"url":"","error":""},"_links":{"self":[{"href":"https:\/\/www.europesays.com\/pt\/wp-json\/wp\/v2\/posts\/50556","targetHints":{"allow":["GET"]}}],"collection":[{"href":"https:\/\/www.europesays.com\/pt\/wp-json\/wp\/v2\/posts"}],"about":[{"href":"https:\/\/www.europesays.com\/pt\/wp-json\/wp\/v2\/types\/post"}],"author":[{"embeddable":true,"href":"https:\/\/www.europesays.com\/pt\/wp-json\/wp\/v2\/users\/2"}],"replies":[{"embeddable":true,"href":"https:\/\/www.europesays.com\/pt\/wp-json\/wp\/v2\/comments?post=50556"}],"version-history":[{"count":0,"href":"https:\/\/www.europesays.com\/pt\/wp-json\/wp\/v2\/posts\/50556\/revisions"}],"wp:featuredmedia":[{"embeddable":true,"href":"https:\/\/www.europesays.com\/pt\/wp-json\/wp\/v2\/media\/50557"}],"wp:attachment":[{"href":"https:\/\/www.europesays.com\/pt\/wp-json\/wp\/v2\/media?parent=50556"}],"wp:term":[{"taxonomy":"category","embeddable":true,"href":"https:\/\/www.europesays.com\/pt\/wp-json\/wp\/v2\/categories?post=50556"},{"taxonomy":"post_tag","embeddable":true,"href":"https:\/\/www.europesays.com\/pt\/wp-json\/wp\/v2\/tags?post=50556"}],"curies":[{"name":"wp","href":"https:\/\/api.w.org\/{rel}","templated":true}]}}