{"id":505571,"date":"2026-08-30T14:40:19","date_gmt":"2026-08-30T14:40:19","guid":{"rendered":"https:\/\/www.europesays.com\/pt\/505571\/"},"modified":"2026-08-30T14:40:19","modified_gmt":"2026-08-30T14:40:19","slug":"luis-soares-sera-espiao-infiltrado-de-jose-luis-carneiro","status":"publish","type":"post","link":"https:\/\/www.europesays.com\/pt\/505571\/","title":{"rendered":"Lu\u00eds Soares ser\u00e1 &#8220;espi\u00e3o infiltrado&#8221; de Jos\u00e9 Lu\u00eds Carneiro"},"content":{"rendered":"<p class=\"wp-caption-text top\">Estela Silva \/ LUSA<\/p>\n<p><img loading=\"eager\" fetchpriority=\"high\" decoding=\"async\" class=\"size-kopa-image-size-3 wp-image-573343\" src=\"https:\/\/www.europesays.com\/pt\/wp-content\/uploads\/2026\/08\/d92578e375f589e60098f19eb7fe3ff6-783x450.jpg\" alt=\"\" width=\"700\" height=\"402\"  \/><\/p>\n<p class=\"wp-caption-text bot\">Jos\u00e9 Lu\u00eds Carneiro<\/p>\n<p><strong>Ainda a composi\u00e7\u00e3o do novo Instituto Progresso e as suas consequ\u00eancias para Carneiro e para Seguro.<\/strong><\/p>\n<p>O Instituto Progresso foi oficializado nesta semana. Um movimento liderado por Miguel Costa Matos, deputado do PS, que junta pessoas do PS, mas tamb\u00e9m do PSD ou do Livre.<\/p>\n<p>Apresenta-se como um espa\u00e7o que quer reunir progressistas do centro \u00e0 esquerda. Um espa\u00e7o suprapartid\u00e1rio, abrangente.<\/p>\n<p>Alexandra Machado, ao mesmo tempo que <a href=\"https:\/\/zap.aeiou.pt\/instituto-progresso-duvidas-761946\" data-wpel-link=\"internal\" rel=\"nofollow noopener\" target=\"_blank\">duvida<\/a> de que este movimento seja mesmo abrangente (tem muita gente ligada \u00e0 ala mais \u00e0 esquerda do PS), questiona o que o Instituto Progresso pode fazer a Jos\u00e9 Lu\u00eds Carneiro.<\/p>\n<p>O secret\u00e1rio-geral do PS n\u00e3o se sentiu amea\u00e7ado: <a href=\"https:\/\/observador.pt\/2026\/08\/26\/carneiro-acolhe-think-tank-de-esquerda-mas-assinala-que-nao-e-espaco-para-comentar-atualidade\/\" data-wpel-link=\"external\" rel=\"noopener nofollow\" class=\"ext-link\" target=\"_blank\">disse<\/a> que espera \u201c\u00f3timos contributos\u201d e que est\u00e1 dispon\u00edvel para acolher as sugest\u00f5es que vierem deste movimento.<\/p>\n<p>\u201cMas h\u00e1 claramente concorr\u00eancia interna no PS\u201d, avisa Alexandra Machado.<\/p>\n<p>\u201cPara Jos\u00e9 Lu\u00eds Carneiro, n\u00e3o vai ser p\u00eara doce. E claramente acho que \u00e9 um crescente de concorr\u00eancia interna que se vai come\u00e7ar a notar numa altura eventualmente menos boa para Jos\u00e9 Lu\u00eds Carneiro, que est\u00e1 a preparar o seu caminho para as elei\u00e7\u00f5es legislativas\u201d, analisou a comentadora pol\u00edtica.<\/p>\n<p>Essas elei\u00e7\u00f5es, sejam quando forem, j\u00e1 estar\u00e1 na agenda de Carneiro, que estar\u00e1 a preparar-se; e este movimento vem numa altura em que o pr\u00f3prio Jos\u00e9 Lu\u00eds Carneiro \u201cest\u00e1 a lan\u00e7ar uns g\u00e9neros de estados gerais, novamente do PS. E, portanto, Jos\u00e9 Lu\u00eds Carneiro vai ter aqui um grupo que vai desafiar\u201d.<\/p>\n<p>No entanto, l\u00e1 pelo meio dos 170 subscritores do Instituto Progresso, est\u00e1 Lu\u00eds Soares.<\/p>\n<p>Lu\u00eds Soares \u00e9 o chefe de gabinete de Jos\u00e9 Lu\u00eds Carneiro: \u201cO facto de Lu\u00eds Soares estar neste movimento quase que \u00e9 para ver o que se vai passar internamente\u201d, disse Alexandra Machado.<\/p>\n<p>\u201cEst\u00e1 ali a funcionar como um espi\u00e3o infiltrado\u201d, acrescentou Bruno Vieira Amaral.<\/p>\n<p>Ant\u00f3nio Jos\u00e9 Seguro<\/p>\n<p>Tamb\u00e9m na r\u00e1dio <a href=\"https:\/\/observador.pt\/programas\/e-o-vencedor-e\/a-greve-no-inem-tornou-se-um-sequestro-ao-governo\/\" data-wpel-link=\"external\" rel=\"noopener nofollow\" class=\"ext-link\" target=\"_blank\">Observador<\/a>, Helena Matos centrou-se em Ant\u00f3nio Jos\u00e9 Seguro. O presidente da Rep\u00fablica, ao saber deste instituto, \u201cdeve ter-se sentido ligeiramente incomodado. N\u00e3o sei se Ant\u00f3nio Jos\u00e9 Seguro recebeu esta not\u00edcia da cria\u00e7\u00e3o deste instituto com particular tranquilidade\u201d.<\/p>\n<p>\u201c\u00c9 um fator de press\u00e3o sobre Ant\u00f3nio Jos\u00e9 Seguro. \u00c9 uma esp\u00e9cie de movimento recorrente de lembrar a Ant\u00f3nio Jos\u00e9 Seguro que ele veio da esquerda e que \u00e9 de esquerda, e de uma determinada esquerda. Ao lembrar-lhe isso, penso que ser\u00e1 algo que n\u00e3o o deixar\u00e1 extraordinariamente confort\u00e1vel\u201d, considera Helena.<\/p>\n<p>A comentadora pol\u00edtica pergunta o que este Instituto Progresso quer mesmo: \u201cTem declara\u00e7\u00f5es no sentido de conseguir chegar a figuras de centro para direita ou do centro, mas por outro lado, o seu discurso, nomeadamente neste manifesto, \u00e9 muito mais radical e muito mais deslocalizado. N\u00e3o quero dizer radical, muito mais deslocalizado para a esquerda\u201d.<\/p>\n<p>\u201cQuem \u00e9 que sobra no meio disto tudo? O homem que conseguiu os votos de toda esta parte e que se chama Ant\u00f3nio Jos\u00e9 Seguro\u201d, avisa.<\/p>\n<p>Helena Matos concorda que o Instituto Progresso pode ser inc\u00f3modo para Jos\u00e9 Lu\u00eds Carneiro, mas o secret\u00e1rio-geral do PS poder\u00e1 \u201ccontrolar\u201d ou ent\u00e3o \u201cn\u00e3o se deixar apanhar nas interven\u00e7\u00f5es que venha a ter\u201d, mais facilmente do que Ant\u00f3nio Jos\u00e9 Seguro: \u201cPara o presidente da Rep\u00fablica, isso \u00e9 muito mais dif\u00edcil\u201d.<\/p>\n<p>Por isso, a press\u00e3o pode ser maior para Seguro: \u201cAgora, o que pode come\u00e7ar a haver \u00e9 uma esp\u00e9cie de press\u00e3o sobre Bel\u00e9m, porque Ant\u00f3nio Jos\u00e9 Seguro n\u00e3o \u00e9 apenas o homem que teve mais de 3,5 milh\u00f5es de votos: \u00e9 o homem que \u00e9 de esquerda \u2013 e uma certa esquerda vai querer lembrar-lhe isso muitas vezes\u201d.<\/p>\n","protected":false},"excerpt":{"rendered":"Estela Silva \/ LUSA Jos\u00e9 Lu\u00eds Carneiro Ainda a composi\u00e7\u00e3o do novo Instituto Progresso e as suas consequ\u00eancias&hellip;\n","protected":false},"author":2,"featured_media":505572,"comment_status":"","ping_status":"","sticky":false,"template":"","format":"standard","meta":{"footnotes":"","_share_on_mastodon":"0"},"categories":[10],"tags":[27,28,15,16,14,2433,25,26,21,22,12,13,19,20,52,32,23,24,455,33,17,18,29,30,31],"class_list":["post-505571","post","type-post","status-publish","format-standard","has-post-thumbnail","category-portugal","tag-breaking-news","tag-breakingnews","tag-featured-news","tag-featurednews","tag-headlines","tag-jose-luis-carneiro","tag-latest-news","tag-latestnews","tag-main-news","tag-mainnews","tag-news","tag-noticias","tag-noticias-principais","tag-noticiasprincipais","tag-politica","tag-portugal","tag-principais-noticias","tag-principaisnoticias","tag-ps","tag-pt","tag-top-stories","tag-topstories","tag-ultimas","tag-ultimas-noticias","tag-ultimasnoticias"],"share_on_mastodon":{"url":"https:\/\/pubeurope.com\/@pt\/117184982879674053","error":""},"_links":{"self":[{"href":"https:\/\/www.europesays.com\/pt\/wp-json\/wp\/v2\/posts\/505571","targetHints":{"allow":["GET"]}}],"collection":[{"href":"https:\/\/www.europesays.com\/pt\/wp-json\/wp\/v2\/posts"}],"about":[{"href":"https:\/\/www.europesays.com\/pt\/wp-json\/wp\/v2\/types\/post"}],"author":[{"embeddable":true,"href":"https:\/\/www.europesays.com\/pt\/wp-json\/wp\/v2\/users\/2"}],"replies":[{"embeddable":true,"href":"https:\/\/www.europesays.com\/pt\/wp-json\/wp\/v2\/comments?post=505571"}],"version-history":[{"count":0,"href":"https:\/\/www.europesays.com\/pt\/wp-json\/wp\/v2\/posts\/505571\/revisions"}],"wp:featuredmedia":[{"embeddable":true,"href":"https:\/\/www.europesays.com\/pt\/wp-json\/wp\/v2\/media\/505572"}],"wp:attachment":[{"href":"https:\/\/www.europesays.com\/pt\/wp-json\/wp\/v2\/media?parent=505571"}],"wp:term":[{"taxonomy":"category","embeddable":true,"href":"https:\/\/www.europesays.com\/pt\/wp-json\/wp\/v2\/categories?post=505571"},{"taxonomy":"post_tag","embeddable":true,"href":"https:\/\/www.europesays.com\/pt\/wp-json\/wp\/v2\/tags?post=505571"}],"curies":[{"name":"wp","href":"https:\/\/api.w.org\/{rel}","templated":true}]}}