{"id":505585,"date":"2026-08-30T14:58:18","date_gmt":"2026-08-30T14:58:18","guid":{"rendered":"https:\/\/www.europesays.com\/pt\/505585\/"},"modified":"2026-08-30T14:58:18","modified_gmt":"2026-08-30T14:58:18","slug":"viuva-de-silvio-santos-tem-fortuna-avaliada-em-bilhoes-veja","status":"publish","type":"post","link":"https:\/\/www.europesays.com\/pt\/505585\/","title":{"rendered":"Vi\u00fava de Silvio Santos tem fortuna avaliada em bilh\u00f5es; veja"},"content":{"rendered":"<p><img decoding=\"async\" fetchpriority=\"high\" src=\"https:\/\/www.europesays.com\/pt\/wp-content\/uploads\/2026\/08\/97p8p5h6wzmlxmscr08eqw8cc.jpg\" width=\"906\" height=\"509\" alt=\"\u00cdris Abravanel, vi\u00fava de Silvio Santos, est\u00e1 na lista de Bilion\u00e1rios Brasileiros 2026, da Forbes.\" title=\"\u00cdris Abravanel, vi\u00fava de Silvio Santos, est\u00e1 na lista de Bilion\u00e1rios Brasileiros 2026, da Forbes.\"\/>Reprodu\u00e7\u00e3o\/Instagram<\/p>\n<p>\u00cdris Abravanel, vi\u00fava de Silvio Santos, est\u00e1 na lista de Bilion\u00e1rios Brasileiros 2026, da Forbes.<\/p>\n<p><strong>\u00cdris Abravanel<\/strong>, vi\u00fava de <strong>Silvio Santos<\/strong>, entrou para a seleta lista dos <strong>Bilion\u00e1rios Brasileiros 2026<\/strong>, divulgada pela revista Forbes Brasil nesta sexta-feira (28). Segundo a publica\u00e7\u00e3o, a escritora e empres\u00e1ria acumula um patrim\u00f4nio de <strong>R$ 3,4 milh\u00f5es.<\/strong><\/p>\n<p>No ranking, que re\u00fane os 255 brasileiros com fortunas acima de R$ 1 bilh\u00e3o, a matriarca da fam\u00edlia Abravanel aparece ocupando a 63\u00aa coloca\u00e7\u00e3o. No entanto, quando o recorte \u00e9 feito apenas entre os bilion\u00e1rios do setor de comunica\u00e7\u00e3o, \u00cdris aparece em quinto lugar.<\/p>\n<p>De acordo com a Forbes, a fortuna de Iris est\u00e1 relacionada \u00e0 heran\u00e7a deixada por <a href=\"https:\/\/gente.ig.com.br\/celebridades\/2026-08-25\/patricia-abravanel-chora-ao-rever-momento-em-que-foi-escolhida-por-silvio-santos.html\" data-mce-href=\"https:\/\/gente.ig.com.br\/celebridades\/2026-08-25\/patricia-abravanel-chora-ao-rever-momento-em-que-foi-escolhida-por-silvio-santos.html\" data-mce- rel=\"nofollow noopener\" target=\"_blank\">Silvio Santos<\/a>, que morreu em agosto de 2024, aos 93 anos. \u201cInclui atividades no varejo, hotelaria e cosm\u00e9ticos, al\u00e9m do Sistema Brasileiro de Televis\u00e3o (SBT)\u201d, afirma a publica\u00e7\u00e3o. Ap\u00f3s a morte do empres\u00e1rio, o patrim\u00f4nio foi destinado \u00e0 vi\u00fava e \u00e0s seis filhas dele.<\/p>\n<p class=\"\">Esta \u00e9 a segunda vez que \u00cdris aparece no levantamento. Em 2025, ela fez sua estreia na lista ao lado das outras herdeiras de Silvio Santos: C\u00edntia, Daniela Beyruti, Patr\u00edcia, Silvia, Rebeca e Renata Abravanel.<\/p>\n<p>Quem \u00e9 \u00cdris Abravanel<\/p>\n<p>Nascida no Rio de Janeiro, em julho de 1948,\u00a0 <a href=\"https:\/\/gente.ig.com.br\/celebridades\/2025-12-01\/familia-abravanel-estreia-em-lista-de-bilionarios-em-meio-a-disputa-por-fortuna-de-silvio.html\" data-mce-href=\"https:\/\/gente.ig.com.br\/celebridades\/2025-12-01\/familia-abravanel-estreia-em-lista-de-bilionarios-em-meio-a-disputa-por-fortuna-de-silvio.html\" data-mce- rel=\"nofollow noopener\" target=\"_blank\">\u00cdris Abravanel<\/a> casou-se com Silvio Santos em 1981. Juntos, eles s\u00e3o pais de Daniela, Patr\u00edcia, Rebeca e Renata. A uni\u00e3o do casal durou 43 anos, at\u00e9 o falecimento do empres\u00e1rio, em agosto de 2024.<\/p>\n<p>Escritora consagrada, \u00cdris \u00e9 reconhecida por sua atua\u00e7\u00e3o como autora de novelas, especialmente no SBT. Entre alguns folhetins de sucesso escritos pela autora est\u00e3o: &#8220;As Aventuras de Poliana&#8221;(2018-2020), &#8220;A Inf\u00e2ncia de Romeu e Julieta (2023), e os remakes de &#8220;Chiquititas&#8221;(2013), e &#8220;C\u00famplices de um Resgate&#8221;(2015).<\/p>\n<p>Veja quem s\u00e3o os bilion\u00e1rios brasileiros da comunica\u00e7\u00e3o<\/p>\n<p>Al\u00e9m de \u00cdris Abravanel, outros nomes figuram entre os bilion\u00e1rios do ramo da comunica\u00e7\u00e3o do Brasil. A lista \u00e9 seleta, conta apenas sete nomes. Os tr\u00eas irm\u00e3os que controlam a Rede Globo, <strong>Jo\u00e3o Roberto Marinho<\/strong>, <strong>Jos\u00e9 Roberto Marinho<\/strong> e <strong>Roberto Irineu Marinho<\/strong>, figuram no topo da lista com patrim\u00f4nios estimados em R$ 24, 1 bilh\u00f5es, R$ 24,1 bilh\u00f5es e R$ 17,5 bilh\u00f5es, respectivamente.<\/p>\n<p class=\"\"><strong>Edir Macedo<\/strong>, dono da Record, ocupa a quarta posi\u00e7\u00e3o no ranking, com cerca de R$ 10, 3 bilh\u00f5es. Como mencionado anteriormente, <strong>\u00cdris Abravanel<\/strong> figura na quinta coloca\u00e7\u00e3o, com 3,4 bilh\u00f5es.<\/p>\n<p class=\"\">Os irm\u00e3os <strong>Giancarlo e Roberta Civita<\/strong>, herdeiros do grupo Abril, ocupam\u00a0 a sexta e a s\u00e9tima posi\u00e7\u00e3o no ranking, respectivamente, com patrim\u00f4nios estimados em R$ 1 bilh\u00e3o cada um.<\/p>\n","protected":false},"excerpt":{"rendered":"Reprodu\u00e7\u00e3o\/Instagram \u00cdris Abravanel, vi\u00fava de Silvio Santos, est\u00e1 na lista de Bilion\u00e1rios Brasileiros 2026, da Forbes. \u00cdris Abravanel,&hellip;\n","protected":false},"author":2,"featured_media":505586,"comment_status":"","ping_status":"","sticky":false,"template":"","format":"standard","meta":{"footnotes":"","_share_on_mastodon":"0"},"categories":[145],"tags":[211,210,114,115,980,12575,14432,81025,81026,32,33,936,10646],"class_list":["post-505585","post","type-post","status-publish","format-standard","has-post-thumbnail","category-celebridades","tag-celebridades","tag-celebrities","tag-entertainment","tag-entretenimento","tag-famosos","tag-heranca","tag-iris-abravanel","tag-iris-abravanel-fortuna","tag-iris-abravanel-heranca","tag-portugal","tag-pt","tag-sbt","tag-silvio-santos"],"share_on_mastodon":{"url":"https:\/\/pubeurope.com\/@pt\/117185053636002295","error":""},"_links":{"self":[{"href":"https:\/\/www.europesays.com\/pt\/wp-json\/wp\/v2\/posts\/505585","targetHints":{"allow":["GET"]}}],"collection":[{"href":"https:\/\/www.europesays.com\/pt\/wp-json\/wp\/v2\/posts"}],"about":[{"href":"https:\/\/www.europesays.com\/pt\/wp-json\/wp\/v2\/types\/post"}],"author":[{"embeddable":true,"href":"https:\/\/www.europesays.com\/pt\/wp-json\/wp\/v2\/users\/2"}],"replies":[{"embeddable":true,"href":"https:\/\/www.europesays.com\/pt\/wp-json\/wp\/v2\/comments?post=505585"}],"version-history":[{"count":0,"href":"https:\/\/www.europesays.com\/pt\/wp-json\/wp\/v2\/posts\/505585\/revisions"}],"wp:featuredmedia":[{"embeddable":true,"href":"https:\/\/www.europesays.com\/pt\/wp-json\/wp\/v2\/media\/505586"}],"wp:attachment":[{"href":"https:\/\/www.europesays.com\/pt\/wp-json\/wp\/v2\/media?parent=505585"}],"wp:term":[{"taxonomy":"category","embeddable":true,"href":"https:\/\/www.europesays.com\/pt\/wp-json\/wp\/v2\/categories?post=505585"},{"taxonomy":"post_tag","embeddable":true,"href":"https:\/\/www.europesays.com\/pt\/wp-json\/wp\/v2\/tags?post=505585"}],"curies":[{"name":"wp","href":"https:\/\/api.w.org\/{rel}","templated":true}]}}