{"id":5056,"date":"2025-07-28T09:10:20","date_gmt":"2025-07-28T09:10:20","guid":{"rendered":"https:\/\/www.europesays.com\/pt\/5056\/"},"modified":"2025-07-28T09:10:20","modified_gmt":"2025-07-28T09:10:20","slug":"anjos-documentario-so-espero-e-que-a-joana-marques-esteja-a-receber-royalties","status":"publish","type":"post","link":"https:\/\/www.europesays.com\/pt\/5056\/","title":{"rendered":"Anjos &#8211; Document\u00e1rio? &#8220;S\u00f3 espero \u00e9 que a Joana Marques esteja a receber royalties&#8221;"},"content":{"rendered":"<p><strong>Nelson e S\u00e9rgio Rosado<\/strong>, mais conhecidos como <strong>Os Anjos <\/strong>anunciaram um document\u00e1rio que dever\u00e1 ver a luz do dia em 2026.\u00a0<\/p>\n<p>&#8220;Um dia destes tamb\u00e9m vamos ter um document\u00e1rio sobre os Anjos. N\u00f3s estamos a gravar um document\u00e1rio nosso&#8221;, contou o m\u00fasico\u00a0ao blogue Dioguinho, onde partilhou alguns pormenores sobre este projeto, que est\u00e1 em andamento.\u00a0O conte\u00fado ir\u00e1 centrar-se nos 25 anos de carreira, comemorados no ano passado com um grande concerto no MEO Arena.<\/p>\n<p><strong>&#8220;Como sab\u00edamos que isto (julgamento) ia acontecer, ach\u00e1mos que t\u00ednhamos que n\u00e3o misturar as \u00e1guas&#8221;<\/strong>, explicou, referindo-se ao atual processo judicial que envolve os irm\u00e3os.<\/p>\n<p>Segundo Nelson, h\u00e1 j\u00e1 bastante material recolhido: &#8220;<strong>Temos material de bastidores\u2026 Mas \u00e9 uma coisa para depois destas coisas todas come\u00e7armos a preparar, para lan\u00e7ar l\u00e1 para 2026.&#8221;<\/strong><\/p>\n<p>Ora, o\u00a0tema foi debatido no programa V+ Fama e h\u00e1 quem fale em aproveitamento. <strong>&#8220;Os frutos, para al\u00e9m do document\u00e1rio, j\u00e1 est\u00e3o a ser recolhidos. Porque a informa\u00e7\u00e3o que foi avan\u00e7ada em programas anteriores foi que eles este ver\u00e3o tinham uma agenda preenchida de concertos. O que n\u00e3o deixa de ser curioso&#8221;<\/strong>, disse Pedro Capit\u00e3o, continuando: <strong>&#8220;Se o ano passado \u00e9 que comemoraram 25 anos de carreira, porque \u00e9 que isto n\u00e3o foi promocionado e falado&#8230;? Eu s\u00f3 espero \u00e9 que a Joana Marques esteja a receber royalties desta situa\u00e7\u00e3o toda porque foi tudo \u00e0 conta dela&#8221;<\/strong>, disse, aludindo <a href=\"https:\/\/www.novagente.pt\/anjos-falam-do-processo-contra-joana-marques-foi-muito-grave\" rel=\"nofollow noopener\" target=\"_blank\">ao pol\u00e9mico caso que op\u00f5e a humorista aos manos Rosado.<\/a><\/p>\n<p>Tamb\u00e9m <strong>Guilherme Castelo Branco<\/strong> deu a sua opini\u00e3o:\u00a0<strong>&#8220;Neste momento, n\u00e3o sei se tens no\u00e7\u00e3o, mas vais a um concerto qualquer dos Anjos e tu tens l\u00e1 a comunica\u00e7\u00e3o social toda. Porque eles est\u00e3o a ser falados constantemente. O ano passado, os concertos deles n\u00e3o tinham l\u00e1 a comunica\u00e7\u00e3o social toda.&#8221;<\/strong><\/p>\n<p><strong>&#8220;A parte da estrat\u00e9gia de marketing \u00e9 o aproveitar. Porque o document\u00e1rio n\u00e3o foi pensado este ano. O document\u00e1rio foi pensado nos 25 anos de carreira que foi feito no ano passado. No ano de 2024. Estes anos fazem uns 26 anos de carreira&#8221;<\/strong>, concluiu depois.<\/p>\n<p>Texto; Tiago Miguel Sim\u00f5es; Fotos: Impala<\/p>\n<p>\u00a0<\/p>\n<p class=\"intagram-text\">Siga a Nova Gente no Instagram<\/p>\n<p>                        <a href=\"https:\/\/www.instagram.com\/revistanovagente\/\" target=\"_blank\" aria-label=\"instagram\" rel=\"noopener nofollow\"><img decoding=\"async\" style=\"display: block; margin-left: auto; margin-right: auto; width: 250px; height: 83px;\" src=\"https:\/\/www.europesays.com\/pt\/wp-content\/uploads\/2025\/07\/Instagram_NG.png\" alt=\"instagram\"\/><\/a><br \/>\n                    <script async src=\"\/\/www.instagram.com\/embed.js\"><\/script><\/p>\n","protected":false},"excerpt":{"rendered":"Nelson e S\u00e9rgio Rosado, mais conhecidos como Os Anjos anunciaram um document\u00e1rio que dever\u00e1 ver a luz do&hellip;\n","protected":false},"author":2,"featured_media":5057,"comment_status":"","ping_status":"","sticky":false,"template":"","format":"standard","meta":{"footnotes":""},"categories":[140],"tags":[2875,1414,114,115,147,148,2876,146,32,33],"class_list":{"0":"post-5056","1":"post","2":"type-post","3":"status-publish","4":"format-standard","5":"has-post-thumbnail","7":"category-filmes","8":"tag-anjos","9":"tag-documentario","10":"tag-entertainment","11":"tag-entretenimento","12":"tag-film","13":"tag-filmes","14":"tag-joana-marques","15":"tag-movies","16":"tag-portugal","17":"tag-pt"},"share_on_mastodon":{"url":"","error":""},"_links":{"self":[{"href":"https:\/\/www.europesays.com\/pt\/wp-json\/wp\/v2\/posts\/5056","targetHints":{"allow":["GET"]}}],"collection":[{"href":"https:\/\/www.europesays.com\/pt\/wp-json\/wp\/v2\/posts"}],"about":[{"href":"https:\/\/www.europesays.com\/pt\/wp-json\/wp\/v2\/types\/post"}],"author":[{"embeddable":true,"href":"https:\/\/www.europesays.com\/pt\/wp-json\/wp\/v2\/users\/2"}],"replies":[{"embeddable":true,"href":"https:\/\/www.europesays.com\/pt\/wp-json\/wp\/v2\/comments?post=5056"}],"version-history":[{"count":0,"href":"https:\/\/www.europesays.com\/pt\/wp-json\/wp\/v2\/posts\/5056\/revisions"}],"wp:featuredmedia":[{"embeddable":true,"href":"https:\/\/www.europesays.com\/pt\/wp-json\/wp\/v2\/media\/5057"}],"wp:attachment":[{"href":"https:\/\/www.europesays.com\/pt\/wp-json\/wp\/v2\/media?parent=5056"}],"wp:term":[{"taxonomy":"category","embeddable":true,"href":"https:\/\/www.europesays.com\/pt\/wp-json\/wp\/v2\/categories?post=5056"},{"taxonomy":"post_tag","embeddable":true,"href":"https:\/\/www.europesays.com\/pt\/wp-json\/wp\/v2\/tags?post=5056"}],"curies":[{"name":"wp","href":"https:\/\/api.w.org\/{rel}","templated":true}]}}