{"id":50562,"date":"2025-08-29T18:58:04","date_gmt":"2025-08-29T18:58:04","guid":{"rendered":"https:\/\/www.europesays.com\/pt\/50562\/"},"modified":"2025-08-29T18:58:04","modified_gmt":"2025-08-29T18:58:04","slug":"sporting-rennes-fez-quatro-propostas-por-harder","status":"publish","type":"post","link":"https:\/\/www.europesays.com\/pt\/50562\/","title":{"rendered":"Sporting: Rennes fez quatro propostas por Harder"},"content":{"rendered":"<p>O futuro de <a class=\"autolink-enabled\" data-resource-id=\"279751\" data-resource-type=\"player\" data-sport=\"football\" href=\"https:\/\/www.abola.pt\/futebol\/jogador\/conrad-harder-279751\" rel=\"nofollow noopener\" target=\"_blank\">Conrad Harder<\/a> encaminha-se para Fran\u00e7a mas s\u00f3 depois de Ioannadis chegar a Lisboa para assinar pelo <a class=\"autolink-enabled\" data-resource-id=\"448\" data-resource-type=\"team\" data-sport=\"football\" href=\"https:\/\/www.abola.pt\/futebol\/sporting-448\" rel=\"nofollow noopener\" target=\"_blank\">Sporting<\/a>, ganhando assim forma o cen\u00e1rio que A BOLA adiantou logo nos passados dias 21 e 22. O <a class=\"autolink-enabled\" data-resource-id=\"297\" data-resource-type=\"team\" data-sport=\"football\" href=\"https:\/\/www.abola.pt\/futebol\/rennes-297\" rel=\"nofollow noopener\" target=\"_blank\">Rennes<\/a> foi o primeiro grande pretendente do avan\u00e7ado dinamarqu\u00eas de 20 anos, foi ultrapassado pelo <a class=\"autolink-enabled\" data-resource-id=\"245\" data-resource-type=\"team\" data-sport=\"football\" href=\"https:\/\/www.abola.pt\/futebol\/milan-245\" rel=\"nofollow noopener\" target=\"_blank\">Milan<\/a> mas \u00e9 agora outra vez o mais prov\u00e1vel destino do camisola 9 dos le\u00f5es, depois de aparentar\u2026 quatro propostas.<\/p>\n<p>A Alvalade chegou uma primeira oferta de 18 milh\u00f5es de euros fez esta quinta-feira oito dias. Proposta recusada pelos verdes e brancos, que logo avisaram que estavam os franceses longe do pretendido. Na manh\u00e3 seguinte a oferta subiu para os 19 milh\u00f5es e, uma vez tamb\u00e9m recusada, o emblema da Bretanha voltou\u00a0 a acrescentar mais um milh\u00e3o de euros para os 20. Outra vez os le\u00f5es responderam n\u00e3o.<\/p>\n<p>Foi ent\u00e3o \u00e0 quarta proposta que foi poss\u00edvel o entendimento, pois o <a class=\"autolink-enabled\" data-resource-id=\"297\" data-resource-type=\"team\" data-sport=\"football\" href=\"https:\/\/www.abola.pt\/futebol\/rennes-297\" rel=\"nofollow noopener\" target=\"_blank\">Rennes<\/a> subiu aos 23 milh\u00f5es de euros mais 3 milh\u00f5es por objetivos, que agora se mant\u00eam e que podem levar <a class=\"autolink-enabled\" data-resource-id=\"279751\" data-resource-type=\"player\" data-sport=\"football\" href=\"https:\/\/www.abola.pt\/futebol\/jogador\/conrad-harder-279751\" rel=\"nofollow noopener\" target=\"_blank\">Conrad<\/a> Hader para a <a class=\"autolink-enabled\" data-resource-id=\"8\" data-resource-type=\"competition\" data-sport=\"football\" href=\"https:\/\/www.abola.pt\/futebol\/competicao\/ligue-1-8\" rel=\"nofollow noopener\" target=\"_blank\">Ligue 1<\/a> nesta reta final do mercado de transfer\u00eancias de ver\u00e3o.<\/p>\n<p>Antes intrometeu-se o <a target=\"_blank\" class=\"editor-link autolink-enabled\" href=\"https:\/\/www.abola.pt\/futebol\/milan-245\" data-resource-id=\"245\" data-resource-type=\"team\" data-sport=\"football\" rel=\"nofollow noopener\">Milan<\/a>, que no domingo acertara acordo com o <a target=\"_blank\" class=\"editor-link autolink-enabled\" href=\"https:\/\/www.abola.pt\/futebol\/sporting-448\" data-resource-id=\"448\" data-resource-type=\"team\" data-sport=\"football\" rel=\"nofollow noopener\">Sporting<\/a> pelos mesmos 23+3 milh\u00f5es de euros mas que se cansou de esperar, pois o <a target=\"_blank\" class=\"editor-link autolink-enabled\" href=\"https:\/\/www.abola.pt\/futebol\/sporting-448\" data-resource-id=\"448\" data-resource-type=\"team\" data-sport=\"football\" rel=\"nofollow noopener\">Sporting<\/a> desde logo avisou que <a target=\"_blank\" class=\"editor-link autolink-enabled\" href=\"https:\/\/www.abola.pt\/futebol\/jogador\/conrad-harder-279751\" data-resource-id=\"279751\" data-resource-type=\"player\" data-sport=\"football\" rel=\"nofollow noopener\">Harder<\/a> s\u00f3 sairia depois de contratado substituto. <a target=\"_blank\" class=\"editor-link autolink-enabled\" href=\"https:\/\/www.abola.pt\/futebol\/jogador\/fotis-ioannidis-187224\" data-resource-id=\"187224\" data-resource-type=\"player\" data-sport=\"football\" rel=\"nofollow noopener\">Ioannidis<\/a> s\u00f3 este s\u00e1bado chega a Lisboa e s\u00f3 depois disso pode <a target=\"_blank\" class=\"editor-link autolink-enabled\" href=\"https:\/\/www.abola.pt\/futebol\/jogador\/conrad-harder-279751\" data-resource-id=\"279751\" data-resource-type=\"player\" data-sport=\"football\" rel=\"nofollow noopener\">Harder<\/a> sair.<\/p>\n<p>Al\u00e9m da demora, exig\u00eancias extra do empres\u00e1rio do dinamarqu\u00eas, Ibrahim Tasci, estiveram na origem da sa\u00edda de cena do <a class=\"autolink-enabled\" data-resource-id=\"245\" data-resource-type=\"team\" data-sport=\"football\" href=\"https:\/\/www.abola.pt\/futebol\/milan-245\" rel=\"nofollow noopener\" target=\"_blank\">Milan<\/a>, as mesmas que antes tamb\u00e9m tinham incomodado o <a class=\"autolink-enabled\" data-resource-id=\"297\" data-resource-type=\"team\" data-sport=\"football\" href=\"https:\/\/www.abola.pt\/futebol\/rennes-297\" rel=\"nofollow noopener\" target=\"_blank\">Rennes<\/a>, que j\u00e1 tinha at\u00e9, e tem, entendimento para um contrato de cinco \u00e9pocas com o avan\u00e7ado leonino.<\/p>\n<p><a class=\"autolink-enabled\" data-resource-id=\"279751\" data-resource-type=\"player\" data-sport=\"football\" href=\"https:\/\/www.abola.pt\/futebol\/jogador\/conrad-harder-279751\" rel=\"nofollow noopener\" target=\"_blank\">Harder<\/a> est\u00e1 com um p\u00e9 no <a class=\"autolink-enabled\" data-resource-id=\"297\" data-resource-type=\"team\" data-sport=\"football\" href=\"https:\/\/www.abola.pt\/futebol\/rennes-297\" rel=\"nofollow noopener\" target=\"_blank\">Rennes<\/a>, que tem at\u00e9 segunda-feira para receber o jogador, ainda que o agente continue a acenar com possibilidades de propostas de clubes de Inglaterra e da Alemanha.<\/p>\n","protected":false},"excerpt":{"rendered":"O futuro de Conrad Harder encaminha-se para Fran\u00e7a mas s\u00f3 depois de Ioannadis chegar a Lisboa para assinar&hellip;\n","protected":false},"author":2,"featured_media":50563,"comment_status":"","ping_status":"","sticky":false,"template":"","format":"standard","meta":{"footnotes":""},"categories":[87],"tags":[135,32,33,134],"class_list":{"0":"post-50562","1":"post","2":"type-post","3":"status-publish","4":"format-standard","5":"has-post-thumbnail","7":"category-desporto","8":"tag-desporto","9":"tag-portugal","10":"tag-pt","11":"tag-sports"},"share_on_mastodon":{"url":"","error":""},"_links":{"self":[{"href":"https:\/\/www.europesays.com\/pt\/wp-json\/wp\/v2\/posts\/50562","targetHints":{"allow":["GET"]}}],"collection":[{"href":"https:\/\/www.europesays.com\/pt\/wp-json\/wp\/v2\/posts"}],"about":[{"href":"https:\/\/www.europesays.com\/pt\/wp-json\/wp\/v2\/types\/post"}],"author":[{"embeddable":true,"href":"https:\/\/www.europesays.com\/pt\/wp-json\/wp\/v2\/users\/2"}],"replies":[{"embeddable":true,"href":"https:\/\/www.europesays.com\/pt\/wp-json\/wp\/v2\/comments?post=50562"}],"version-history":[{"count":0,"href":"https:\/\/www.europesays.com\/pt\/wp-json\/wp\/v2\/posts\/50562\/revisions"}],"wp:featuredmedia":[{"embeddable":true,"href":"https:\/\/www.europesays.com\/pt\/wp-json\/wp\/v2\/media\/50563"}],"wp:attachment":[{"href":"https:\/\/www.europesays.com\/pt\/wp-json\/wp\/v2\/media?parent=50562"}],"wp:term":[{"taxonomy":"category","embeddable":true,"href":"https:\/\/www.europesays.com\/pt\/wp-json\/wp\/v2\/categories?post=50562"},{"taxonomy":"post_tag","embeddable":true,"href":"https:\/\/www.europesays.com\/pt\/wp-json\/wp\/v2\/tags?post=50562"}],"curies":[{"name":"wp","href":"https:\/\/api.w.org\/{rel}","templated":true}]}}