{"id":505625,"date":"2026-08-30T15:51:14","date_gmt":"2026-08-30T15:51:14","guid":{"rendered":"https:\/\/www.europesays.com\/pt\/505625\/"},"modified":"2026-08-30T15:51:14","modified_gmt":"2026-08-30T15:51:14","slug":"geracao-z-e-skincare-por-que-os-cuidados-com-a-pele-comecam-cada-vez-mais-cedo","status":"publish","type":"post","link":"https:\/\/www.europesays.com\/pt\/505625\/","title":{"rendered":"Gera\u00e7\u00e3o Z e skincare: por que os cuidados com a pele come\u00e7am cada vez mais cedo"},"content":{"rendered":"\n<p class=\" content-text__container theme-color-primary-first-letter\" data-track-category=\"Link no Texto\" data-track-links=\"\"> Nunca foi t\u00e3o f\u00e1cil, para uma pessoa de 20 e poucos anos, saber o que \u00e9 retinol, \u00e1cido glic\u00f3lico, niacinamida ou pept\u00eddeo. Nas redes sociais, conte\u00fados sobre cuidados com a pele transformaram ativos antes restritos ao consult\u00f3rio dermatol\u00f3gico ou \u00e0s prateleiras de especialistas em itens corriqueiros de rotinas cada vez mais elaboradas. S\u00e9runs, m\u00e1scaras, esfoliantes e procedimentos est\u00e9ticos passaram a fazer parte do cotidiano de jovens que, em muitos casos, ainda est\u00e3o longe da faixa et\u00e1ria em que os sinais mais evidentes do envelhecimento costumam aparecer. <\/p>\n<p class=\" content-text__container \" data-track-category=\"Link no Texto\" data-track-links=\"\"> O movimento produz uma situa\u00e7\u00e3o curiosa: ao mesmo tempo em que a Gera\u00e7\u00e3o Z tem mais informa\u00e7\u00e3o sobre como cuidar da pele, tamb\u00e9m cresce nas redes a percep\u00e7\u00e3o de que parte desses jovens apresenta ressecamento, irrita\u00e7\u00e3o, manchas e altera\u00e7\u00f5es de textura. A preocupa\u00e7\u00e3o com o envelhecimento, portanto, come\u00e7a antes mesmo de ele se tornar uma quest\u00e3o vis\u00edvel e levanta outra d\u00favida: ser\u00e1 que a tentativa de prevenir os sinais da idade pode, em alguns casos, estar contribuindo para sensibilizar a pele? <\/p>\n<p class=\" content-text__container \" data-track-category=\"Link no Texto\" data-track-links=\"\"> A resposta n\u00e3o \u00e9 simples. Gen\u00e9tica, exposi\u00e7\u00e3o solar, sono, estresse, alimenta\u00e7\u00e3o e outros fatores interferem na apar\u00eancia e na sa\u00fade da pele. Segundo o cirurgi\u00e3o pl\u00e1stico facial <strong>Fernando Molina<\/strong>, especialista em cirurgia da face e rinoplastia, o problema n\u00e3o pode ser atribu\u00eddo a uma gera\u00e7\u00e3o espec\u00edfica, mas deve ser analisado a partir da combina\u00e7\u00e3o de h\u00e1bitos que fazem parte da vida contempor\u00e2nea. <\/p>\n<p class=\" content-text__container \" data-track-category=\"Link no Texto\" data-track-links=\"\"> &#8220;A gen\u00e9tica continua tendo um papel importante, mas o ambiente e os h\u00e1bitos tamb\u00e9m interferem muito na qualidade da pele. Exposi\u00e7\u00e3o solar, priva\u00e7\u00e3o de sono, estresse, alimenta\u00e7\u00e3o inadequada e uma rotina cosm\u00e9tica excessiva podem contribuir para inflama\u00e7\u00e3o, altera\u00e7\u00e3o da barreira cut\u00e2nea e perda de qualidade da pele ao longo do tempo&#8221;, afirma. <\/p>\n","protected":false},"excerpt":{"rendered":"Nunca foi t\u00e3o f\u00e1cil, para uma pessoa de 20 e poucos anos, saber o que \u00e9 retinol, \u00e1cido&hellip;\n","protected":false},"author":2,"featured_media":505626,"comment_status":"","ping_status":"","sticky":false,"template":"","format":"standard","meta":{"footnotes":"","_share_on_mastodon":"0"},"categories":[86],"tags":[319,116,32,33,318,117],"class_list":["post-505625","post","type-post","status-publish","format-standard","has-post-thumbnail","category-saude","tag-hard-news","tag-health","tag-portugal","tag-pt","tag-radar","tag-saude"],"share_on_mastodon":{"url":"https:\/\/pubeurope.com\/@pt\/117185261429279464","error":""},"_links":{"self":[{"href":"https:\/\/www.europesays.com\/pt\/wp-json\/wp\/v2\/posts\/505625","targetHints":{"allow":["GET"]}}],"collection":[{"href":"https:\/\/www.europesays.com\/pt\/wp-json\/wp\/v2\/posts"}],"about":[{"href":"https:\/\/www.europesays.com\/pt\/wp-json\/wp\/v2\/types\/post"}],"author":[{"embeddable":true,"href":"https:\/\/www.europesays.com\/pt\/wp-json\/wp\/v2\/users\/2"}],"replies":[{"embeddable":true,"href":"https:\/\/www.europesays.com\/pt\/wp-json\/wp\/v2\/comments?post=505625"}],"version-history":[{"count":0,"href":"https:\/\/www.europesays.com\/pt\/wp-json\/wp\/v2\/posts\/505625\/revisions"}],"wp:featuredmedia":[{"embeddable":true,"href":"https:\/\/www.europesays.com\/pt\/wp-json\/wp\/v2\/media\/505626"}],"wp:attachment":[{"href":"https:\/\/www.europesays.com\/pt\/wp-json\/wp\/v2\/media?parent=505625"}],"wp:term":[{"taxonomy":"category","embeddable":true,"href":"https:\/\/www.europesays.com\/pt\/wp-json\/wp\/v2\/categories?post=505625"},{"taxonomy":"post_tag","embeddable":true,"href":"https:\/\/www.europesays.com\/pt\/wp-json\/wp\/v2\/tags?post=505625"}],"curies":[{"name":"wp","href":"https:\/\/api.w.org\/{rel}","templated":true}]}}