{"id":505631,"date":"2026-08-30T15:56:37","date_gmt":"2026-08-30T15:56:37","guid":{"rendered":"https:\/\/www.europesays.com\/pt\/505631\/"},"modified":"2026-08-30T15:56:37","modified_gmt":"2026-08-30T15:56:37","slug":"montenegro-quer-um-curriculo-mais-exigente-na-educacao-e-continuar-processo-da-digitalizacao","status":"publish","type":"post","link":"https:\/\/www.europesays.com\/pt\/505631\/","title":{"rendered":"Montenegro quer um &#8220;curr\u00edculo mais exigente&#8221; na Educa\u00e7\u00e3o e continuar processo da digitaliza\u00e7\u00e3o"},"content":{"rendered":"\n<p>&#13;<br \/>\nO primeiro-ministro aproveitou o discurso para anunciar v\u00e1rias reformas, colocando a educa\u00e7\u00e3o no \u201ccentro da a\u00e7\u00e3o pol\u00edtica\u201d.&#13;\n<\/p>\n<p>\n<b>\u201cEscolhemos n\u00e3o adiar a resolu\u00e7\u00e3o dos problemas e avan\u00e7amos com reformas estruturais\u201d, disse, afirmando que \u201cas gavetas estavam cheias de reformas por concretizar\u201d nesta \u00e1rea.<\/b><\/p>\n<p>\u201cCome\u00e7amos desde logo por valorizar os professores\u201d, recordou, salientando que a \u201crecupera\u00e7\u00e3o do tempo de servi\u00e7o foi prioridade m\u00e1xima\u201d.<br \/>&#13;\n<\/p>\n<p>          <img decoding=\"async\" itemprop=\"image\" class=\"img-fluid\"   src=\"https:\/\/www.europesays.com\/pt\/wp-content\/uploads\/2026\/08\/1f084f8a8c9060ce23c6010513bed62e_N.jpg\"\/><\/p>\n<p>\nNestes dois anos, Montenegro recorda que o seu Governo lan\u00e7ou o plano \u201cMais aulas mais sucesso\u201d, alargou o recurso \u00e0s horas extraordin\u00e1rias, criou o apoio \u00e0 desloca\u00e7\u00e3o, bem como um incentivo ao prolongamento da carreira do docente.<\/p>\n<p><b>Para o futuro, Montenegro anunciou que quer \u201cum curr\u00edculo mais exigente que prepare os alunos para a digitaliza\u00e7\u00e3o e a Intelig\u00eancia Artifical\u201d, prometendo que esteja implementado j\u00e1 no ano letivo de 2027\/2028.<\/b><\/p>\n<p>\u201cEstamos a fechar contratos com universidades, investimento em equipamentos digitais, revis\u00e3o das aprendizagens essenciais do ensino b\u00e1sico e secund\u00e1rio\u201d, disse.<\/p>\n<p>&#13;<br \/>\n<b>O primeiro-ministro anunciou ainda a cria\u00e7\u00e3o de uma nova Universidade de Bragan\u00e7a e do Norte Interior e um novo regime de autonomia e governa\u00e7\u00e3o das escolas, com elei\u00e7\u00e3o geral do diretor.&#13;<br \/>\n<\/b>&#13;\n<\/p>\n<p>&#13;<br \/>\nMontenegro acrescentou que Governo ir\u00e1 tamb\u00e9m &#8220;dinamizar o estatuto do diretor e valoriz\u00e1-lo do ponto de vista das suas remunera\u00e7\u00f5es&#8221;, bem como &#8220;equiparar as condi\u00e7\u00f5es remunerat\u00f3rias dos reitores das universidades polit\u00e9cnicas com os restantes reitores&#8221;.<br \/>&#13;\n<\/p>\n<p>Processo de digitaliza\u00e7\u00e3o \u201cn\u00e3o correu bem\u201d<br \/>\nRelativamente ao sistema de digitaliza\u00e7\u00e3o, Montenegro admite que o processo \u201cn\u00e3o correu bem\u201d, mas mant\u00e9m o mesmo sistema \u201ccom determina\u00e7\u00e3o\u201d.<br \/>\n<b><br \/>&#13;<br \/>\n&#8220;Reconhecemos que este processo n\u00e3o correu bem e lamentamos a perturba\u00e7\u00e3o que aconteceu durante algum tempo, mas mantivemos a nossa determina\u00e7\u00e3o de que o caminho \u00e9 correto\u201d, disse.<\/b><\/p>\n<p>&#13;<br \/>\n\u201cA mudan\u00e7a tem risco e estamos aqui para assumir os riscos da mudan\u00e7a, mas mudar e atingir os objetivos da mudan\u00e7a\u201d, disse Montenegro, afirmando que a <b>segunda fase dos exames nacionais \u201cj\u00e1 mostrou que somos capazes de levar este processo de digitaliza\u00e7\u00e3o por diante\u201d.&#13;<br \/>\n<\/b>&#13;\n<\/p>\n<p>Montenegro considerou que a mudan\u00e7a que o Governo est\u00e1 a fazer no sistema educativo e cient\u00edfico \u00e9 &#8220;verdadeiramente nuclear e estrutural do futuro de Portugal&#8221;.<\/p>\n<p>&#8220;Uma reforma que torna as nossas institui\u00e7\u00f5es mais flex\u00edveis e com foco na mudan\u00e7a e no futuro, uma reforma que vai colocar as entidades do Minist\u00e9rio da Educa\u00e7\u00e3o verdadeiramente ao servi\u00e7o dos alunos e que vai permitir reduzir a burocracia na vida dos professores, na vida dos diretores e na vida das fam\u00edlias&#8221;, disse.<\/p>\n<p><b>&#8220;Portugal precisa deste tipo de reformas e transforma\u00e7\u00f5es, reformas consistentes, baseadas em an\u00e1lises aprofundadas, exigentes e transparentes&#8221;, acrescentou.&#13;<br \/>\n<\/b>&#13;\n<\/p>\n<p>Sem fazer qualquer refer\u00eancia \u00e0 amea\u00e7a da mo\u00e7\u00e3o de censura do Chega ao Governo, Montenegro terminou o discurso de 40 minutos com um recado \u00e0 oposi\u00e7\u00e3o.<\/p>\n<p>&#8220;Eu j\u00e1 sei que muitos v\u00e3o dizer, mal acabe de falar, que eu n\u00e3o falei do caso A, da situa\u00e7\u00e3o B ou da oposi\u00e7\u00e3o C. At\u00e9 prevejo que muitos dir\u00e3o que fugi de falar isto ou daquilo. <b>Podem dizer o que quiserem, isso \u00e9 democracia, mas eu tamb\u00e9m disse o que quis, e isso tamb\u00e9m \u00e9 democracia<\/b>&#8220;, rematou.&#13;<\/p>\n","protected":false},"excerpt":{"rendered":"&#13; O primeiro-ministro aproveitou o discurso para anunciar v\u00e1rias reformas, colocando a educa\u00e7\u00e3o no \u201ccentro da a\u00e7\u00e3o pol\u00edtica\u201d.&#13;&hellip;\n","protected":false},"author":2,"featured_media":505632,"comment_status":"","ping_status":"","sticky":false,"template":"","format":"standard","meta":{"footnotes":"","_share_on_mastodon":"0"},"categories":[10],"tags":[27,28,539,15,16,14,25,26,21,22,9132,12,13,19,20,32,23,24,4579,33,17,18,29,30,31],"class_list":["post-505631","post","type-post","status-publish","format-standard","has-post-thumbnail","category-portugal","tag-breaking-news","tag-breakingnews","tag-educacao","tag-featured-news","tag-featurednews","tag-headlines","tag-latest-news","tag-latestnews","tag-main-news","tag-mainnews","tag-montenegro","tag-news","tag-noticias","tag-noticias-principais","tag-noticiasprincipais","tag-portugal","tag-principais-noticias","tag-principaisnoticias","tag-psd","tag-pt","tag-top-stories","tag-topstories","tag-ultimas","tag-ultimas-noticias","tag-ultimasnoticias"],"share_on_mastodon":{"url":"https:\/\/pubeurope.com\/@pt\/117185282216558147","error":""},"_links":{"self":[{"href":"https:\/\/www.europesays.com\/pt\/wp-json\/wp\/v2\/posts\/505631","targetHints":{"allow":["GET"]}}],"collection":[{"href":"https:\/\/www.europesays.com\/pt\/wp-json\/wp\/v2\/posts"}],"about":[{"href":"https:\/\/www.europesays.com\/pt\/wp-json\/wp\/v2\/types\/post"}],"author":[{"embeddable":true,"href":"https:\/\/www.europesays.com\/pt\/wp-json\/wp\/v2\/users\/2"}],"replies":[{"embeddable":true,"href":"https:\/\/www.europesays.com\/pt\/wp-json\/wp\/v2\/comments?post=505631"}],"version-history":[{"count":0,"href":"https:\/\/www.europesays.com\/pt\/wp-json\/wp\/v2\/posts\/505631\/revisions"}],"wp:featuredmedia":[{"embeddable":true,"href":"https:\/\/www.europesays.com\/pt\/wp-json\/wp\/v2\/media\/505632"}],"wp:attachment":[{"href":"https:\/\/www.europesays.com\/pt\/wp-json\/wp\/v2\/media?parent=505631"}],"wp:term":[{"taxonomy":"category","embeddable":true,"href":"https:\/\/www.europesays.com\/pt\/wp-json\/wp\/v2\/categories?post=505631"},{"taxonomy":"post_tag","embeddable":true,"href":"https:\/\/www.europesays.com\/pt\/wp-json\/wp\/v2\/tags?post=505631"}],"curies":[{"name":"wp","href":"https:\/\/api.w.org\/{rel}","templated":true}]}}