{"id":505639,"date":"2026-08-30T16:09:17","date_gmt":"2026-08-30T16:09:17","guid":{"rendered":"https:\/\/www.europesays.com\/pt\/505639\/"},"modified":"2026-08-30T16:09:17","modified_gmt":"2026-08-30T16:09:17","slug":"iphone-17-pro-cai-do-espaco-e-sobrevive-teste-coloca-no-guinness","status":"publish","type":"post","link":"https:\/\/www.europesays.com\/pt\/505639\/","title":{"rendered":"iPhone 17 Pro cai do espa\u00e7o e sobrevive. Teste coloca no Guinness"},"content":{"rendered":"<p>Um iPhone 17 Pro sobreviveu a uma queda de mais de 30 mil metros. O teste extremo decorreu no norte da Su\u00e9cia e garantiu \u00e0 RhinoShield e \u00e0 empresa aeroespacial Sent Into Space um lugar no livro do Guinness World Records. O feito estabeleceu uma nova marca mundial para a queda mais alta de um smartphone protegido com capa em terreno natural.<\/p>\n<p><a target=\"_blank\" href=\"https:\/\/www.europesays.com\/pt\/wp-content\/uploads\/2026\/08\/iphone_17_queda_1.jpg\" onclick=\"refreshIframe()\" class=\"foobox\"><img fetchpriority=\"high\" decoding=\"async\" src=\"https:\/\/www.europesays.com\/pt\/wp-content\/uploads\/2026\/08\/iphone_17_queda_1.jpg\" alt=\"iPhone 17 Pro espa\u00e7o Guinness caiu\" width=\"1200\" height=\"675\" class=\"aligncenter size-full wp-image-1138141\"  \/><\/a>\n<\/p>\n<p>iPhone 17 Pro caiu do espa\u00e7o e sobreviveu<\/p>\n<p>O equipamento subiu aos c\u00e9us atrav\u00e9s de um bal\u00e3o de grande altitude a partir de Kiruna. A liberta\u00e7\u00e3o deu-se exatamente a 30.607 metros, uma dist\u00e2ncia que supera em mais de tr\u00eas vezes a altitude m\u00e9dia de cruzeiro da avia\u00e7\u00e3o comercial. Para cumprir os rigorosos crit\u00e9rios do recorde, o smartphone viajou sem paraquedas, caixas de prote\u00e7\u00e3o adicionais ou sistemas t\u00e9rmicos, tendo a capa absorvido integralmente o primeiro embate no solo.<\/p>\n<p>A descida prolongou-se por cerca de 25 minutos, sujeitando o terminal a um frio extremo que atingiu temperaturas na ordem dos 60 graus negativos. Apesar dos n\u00fameros impressionantes da altitude, a velocidade final do impacto foi contida pelas leis da aerodin\u00e2mica. A resist\u00eancia do ar dita uma velocidade terminal que travou a acelera\u00e7\u00e3o cont\u00ednua do aparelho, fixando o embate a uma velocidade estimada entre os 48 e os 160 quil\u00f3metros por hora.<\/p>\n<p style=\"text-align: center;\">\n<p>A f\u00edsica por tr\u00e1s de uma queda de 25 minutos<\/p>\n<p>Este princ\u00edpio f\u00edsico explica como o dispositivo conseguiu suportar um choque que parece mortal \u00e0 primeira vista. A f\u00edsica da atmosfera faz com que o choque contra o terreno n\u00e3o seja dramaticamente superior ao de uma queda de uma altitude bastante inferior. O caso faz lembrar incidentes acidentais anteriores na avia\u00e7\u00e3o comercial, onde equipamentos semelhantes resistiram intactos ap\u00f3s serem ejetados a milhares de metros do solo.<\/p>\n<p>A tecnologia aplicada na prote\u00e7\u00e3o lateral foi determinante para dispersar a energia cin\u00e9tica gerada durante a aterragem. A estrutura da capa foi concebida a partir de um \u00fanico material recicl\u00e1vel, com inspira\u00e7\u00e3o direta no amortecimento de cal\u00e7ado desportivo e no princ\u00edpio de expans\u00e3o dos airbags autom\u00f3veis. A fabricante realizou testes pr\u00e9vios exaustivos para garantir a integridade estrutural perante a despressuriza\u00e7\u00e3o atmosf\u00e9rica severa.<\/p>\n<p><a target=\"_blank\" href=\"https:\/\/www.europesays.com\/pt\/wp-content\/uploads\/2026\/08\/iphone_17_queda_2.jpg\" onclick=\"refreshIframe()\" class=\"foobox\"><img loading=\"lazy\" decoding=\"async\" src=\"https:\/\/www.europesays.com\/pt\/wp-content\/uploads\/2026\/08\/iphone_17_queda_2.jpg\" alt=\"iPhone 17 Pro espa\u00e7o Guinness caiu\" width=\"1200\" height=\"675\" class=\"aligncenter size-full wp-image-1138142\"  \/><\/a><\/p>\n<p>Recupera\u00e7\u00e3o e valida\u00e7\u00e3o do recorde mundial<\/p>\n<p>A opera\u00e7\u00e3o de busca no terreno sueco revelou-se um desafio muito mais demorado do que a pr\u00f3pria viagem do dispositivo. O localizador integrado limitou a \u00e1rea de pesquisa a dois quil\u00f3metros, mas a equipa no local demorou mais de cinco horas at\u00e9 encontrar o telefone camuflado na vegeta\u00e7\u00e3o. A perseveran\u00e7a foi recompensada com o equipamento intacto e pronto a responder aos testes t\u00e9cnicos.<\/p>\n<p>Os respons\u00e1veis do Guinness World Records inspecionaram o smartphone no local e comprovaram a sua operacionalidade imediata. O dispositivo ligou sem anomalias, executou chamadas telef\u00f3nicas com sucesso e registou fotografias perfeitamente normais. A experi\u00eancia comprova os avan\u00e7os na engenharia de materiais e fecha com sucesso um dos testes de resist\u00eancia mais invulgares da tecnologia m\u00f3vel.<\/p>\n","protected":false},"excerpt":{"rendered":"Um iPhone 17 Pro sobreviveu a uma queda de mais de 30 mil metros. O teste extremo decorreu&hellip;\n","protected":false},"author":2,"featured_media":505640,"comment_status":"","ping_status":"","sticky":false,"template":"","format":"standard","meta":{"footnotes":"","_share_on_mastodon":"0"},"categories":[83],"tags":[88,68420,89,90,1008,10071,7178,32,33],"class_list":["post-505639","post","type-post","status-publish","format-standard","has-post-thumbnail","category-empresas","tag-business","tag-caiu","tag-economy","tag-empresas","tag-espaco","tag-guinness","tag-iphone-17-pro","tag-portugal","tag-pt"],"share_on_mastodon":{"url":"https:\/\/pubeurope.com\/@pt\/117185333090936549","error":""},"_links":{"self":[{"href":"https:\/\/www.europesays.com\/pt\/wp-json\/wp\/v2\/posts\/505639","targetHints":{"allow":["GET"]}}],"collection":[{"href":"https:\/\/www.europesays.com\/pt\/wp-json\/wp\/v2\/posts"}],"about":[{"href":"https:\/\/www.europesays.com\/pt\/wp-json\/wp\/v2\/types\/post"}],"author":[{"embeddable":true,"href":"https:\/\/www.europesays.com\/pt\/wp-json\/wp\/v2\/users\/2"}],"replies":[{"embeddable":true,"href":"https:\/\/www.europesays.com\/pt\/wp-json\/wp\/v2\/comments?post=505639"}],"version-history":[{"count":0,"href":"https:\/\/www.europesays.com\/pt\/wp-json\/wp\/v2\/posts\/505639\/revisions"}],"wp:featuredmedia":[{"embeddable":true,"href":"https:\/\/www.europesays.com\/pt\/wp-json\/wp\/v2\/media\/505640"}],"wp:attachment":[{"href":"https:\/\/www.europesays.com\/pt\/wp-json\/wp\/v2\/media?parent=505639"}],"wp:term":[{"taxonomy":"category","embeddable":true,"href":"https:\/\/www.europesays.com\/pt\/wp-json\/wp\/v2\/categories?post=505639"},{"taxonomy":"post_tag","embeddable":true,"href":"https:\/\/www.europesays.com\/pt\/wp-json\/wp\/v2\/tags?post=505639"}],"curies":[{"name":"wp","href":"https:\/\/api.w.org\/{rel}","templated":true}]}}