{"id":505641,"date":"2026-08-30T16:10:10","date_gmt":"2026-08-30T16:10:10","guid":{"rendered":"https:\/\/www.europesays.com\/pt\/505641\/"},"modified":"2026-08-30T16:10:10","modified_gmt":"2026-08-30T16:10:10","slug":"russia-diz-estar-a-preparar-ataques-massivos-contra-a-infraestrutura-energetica-ucraniana","status":"publish","type":"post","link":"https:\/\/www.europesays.com\/pt\/505641\/","title":{"rendered":"R\u00fassia diz estar a preparar &#8220;ataques massivos&#8221; contra a infraestrutura energ\u00e9tica ucraniana"},"content":{"rendered":"<p>\n                <b>&#8220;As for\u00e7as armadas russas come\u00e7aram a preparar ataques maci\u00e7os contra instala\u00e7\u00f5es do setor energ\u00e9tico da Ucr\u00e2nia em resposta aos ataques cont\u00ednuos do regime de Kiev contra infraestruturas civis e o complexo petrol\u00edfero e energ\u00e9tico da R\u00fassia&#8221;, declarou o Minist\u00e9rio russo da Defesa no Telegram.<br \/>&#13;<br \/>\n<\/b><br \/>\n<br \/>\nA Ucr\u00e2nia anunciou, este domingo, que atacou uma refinaria de petr\u00f3leo na regi\u00e3o de Leninegrado, na R\u00fassia, e uma base a\u00e9rea militar na regi\u00e3o de Krasnodar durante a noite. O ataque \u00e0 refinaria provocou um inc\u00eandio. <\/p>\n<p>          <img decoding=\"async\" itemprop=\"image\" class=\"img-fluid\"   src=\"https:\/\/www.europesays.com\/pt\/wp-content\/uploads\/2026\/08\/bea825304633731210be363b54a92e60_N.jpg\"\/><\/p>\n<p>\nA R\u00fassia e a Ucr\u00e2nia est\u00e3o envolvidas h\u00e1 v\u00e1rios meses numa escalada de ataques de longo alcance contra um n\u00famero crescente de instala\u00e7\u00f5es de infraestruturas civis, como armaz\u00e9ns, empresas, instala\u00e7\u00f5es petrol\u00edferas e portu\u00e1rias e navios.<\/p>\n<p><b>No s\u00e1bado, um ataque a\u00e9reo russo a um dep\u00f3sito de muni\u00e7\u00f5es nos arredores de Kiev provocou uma enorme explos\u00e3o, matando pelo menos 38 pessoas.<\/b><\/p>\n<p>O presidente ucraniano, Volodymyr Zelensky, disse no Telegram que as equipas de resgate conseguiram extinguir a maior parte dos inc\u00eandios e que estavam em curso buscas por quatro pessoas que continuam desaparecidas.<\/p>\n<p><b>A R\u00fassia lan\u00e7ou, na \u00faltima semana, quase 2.000 drones de ataque, mais de 1.600 bombas a\u00e9reas e 31 m\u00edsseis, incluindo m\u00edsseis bal\u00edsticos norte-coreanos, disse Zelensky.<\/b><\/p>\n<p>&#8220;Estamos \u00e0 procura de respostas justas para cada ataque e crime russo. Elas certamente vir\u00e3o&#8221;, afirmou.<\/p>\n<p>Na sexta-feira, Zelensky pediu na sexta-feira \u00e0 ind\u00fastria de defesa que acelerasse a produ\u00e7\u00e3o de armamento para aumentar o lan\u00e7amento de drones contra alvos na R\u00fassia de 300 para mil por dia.<\/p>\n<p>As negocia\u00e7\u00f5es para um cessar-fogo est\u00e3o paralisadas desde que os Estados Unidos se envolveram na guerra contra o Ir\u00e3o, ap\u00f3s a ofensiva que lan\u00e7aram em conjunto com Israel em 28 de fevereiro.<\/p>\n<p>Ucranianos e russos mant\u00eam contactos apenas para troca de prisioneiros de guerra e de corpos de soldados.<\/p>\n<p>c\/ag\u00eancias&#13;\n            <\/p>\n","protected":false},"excerpt":{"rendered":"&#8220;As for\u00e7as armadas russas come\u00e7aram a preparar ataques maci\u00e7os contra instala\u00e7\u00f5es do setor energ\u00e9tico da Ucr\u00e2nia em resposta&hellip;\n","protected":false},"author":2,"featured_media":505642,"comment_status":"","ping_status":"","sticky":false,"template":"","format":"standard","meta":{"footnotes":"","_share_on_mastodon":"0"},"categories":[50],"tags":[3391,27,28,15,16,14,25,26,21,22,62,12,13,19,20,23,24,839,17,18,840,29,30,31,63,64,65],"class_list":["post-505641","post","type-post","status-publish","format-standard","has-post-thumbnail","category-mundo","tag-ataques","tag-breaking-news","tag-breakingnews","tag-featured-news","tag-featurednews","tag-headlines","tag-latest-news","tag-latestnews","tag-main-news","tag-mainnews","tag-mundo","tag-news","tag-noticias","tag-noticias-principais","tag-noticiasprincipais","tag-principais-noticias","tag-principaisnoticias","tag-russia","tag-top-stories","tag-topstories","tag-ucrania","tag-ultimas","tag-ultimas-noticias","tag-ultimasnoticias","tag-world","tag-world-news","tag-worldnews"],"share_on_mastodon":{"url":"https:\/\/pubeurope.com\/@pt\/117185336431641204","error":""},"_links":{"self":[{"href":"https:\/\/www.europesays.com\/pt\/wp-json\/wp\/v2\/posts\/505641","targetHints":{"allow":["GET"]}}],"collection":[{"href":"https:\/\/www.europesays.com\/pt\/wp-json\/wp\/v2\/posts"}],"about":[{"href":"https:\/\/www.europesays.com\/pt\/wp-json\/wp\/v2\/types\/post"}],"author":[{"embeddable":true,"href":"https:\/\/www.europesays.com\/pt\/wp-json\/wp\/v2\/users\/2"}],"replies":[{"embeddable":true,"href":"https:\/\/www.europesays.com\/pt\/wp-json\/wp\/v2\/comments?post=505641"}],"version-history":[{"count":0,"href":"https:\/\/www.europesays.com\/pt\/wp-json\/wp\/v2\/posts\/505641\/revisions"}],"wp:featuredmedia":[{"embeddable":true,"href":"https:\/\/www.europesays.com\/pt\/wp-json\/wp\/v2\/media\/505642"}],"wp:attachment":[{"href":"https:\/\/www.europesays.com\/pt\/wp-json\/wp\/v2\/media?parent=505641"}],"wp:term":[{"taxonomy":"category","embeddable":true,"href":"https:\/\/www.europesays.com\/pt\/wp-json\/wp\/v2\/categories?post=505641"},{"taxonomy":"post_tag","embeddable":true,"href":"https:\/\/www.europesays.com\/pt\/wp-json\/wp\/v2\/tags?post=505641"}],"curies":[{"name":"wp","href":"https:\/\/api.w.org\/{rel}","templated":true}]}}