{"id":505643,"date":"2026-08-30T16:11:36","date_gmt":"2026-08-30T16:11:36","guid":{"rendered":"https:\/\/www.europesays.com\/pt\/505643\/"},"modified":"2026-08-30T16:11:36","modified_gmt":"2026-08-30T16:11:36","slug":"carlos-moedas-tambem-tem-outros-problemas-com-luis-neves","status":"publish","type":"post","link":"https:\/\/www.europesays.com\/pt\/505643\/","title":{"rendered":"Carlos Moedas tamb\u00e9m tem (outros) problemas com Lu\u00eds Neves"},"content":{"rendered":"<p class=\"wp-caption-text top\">Ant\u00f3nio Cotrim \/ Lusa<\/p>\n<p><img loading=\"eager\" fetchpriority=\"high\" decoding=\"async\" class=\"wp-image-750527 size-kopa-image-size-3\" src=\"https:\/\/www.europesays.com\/pt\/wp-content\/uploads\/2026\/08\/c20ad4d76fe97759aa27a0c99bff6710-4-783x450.jpg\" alt=\"\" width=\"700\" height=\"402\"  \/><\/p>\n<p class=\"wp-caption-text bot\">O presidente da C\u00e2mara de Lisboa, Carlos Moedas.<\/p>\n<p><strong>Bra\u00e7o de ferro entre autarca e Governo sobre pol\u00edcias em Lisboa continua sem solu\u00e7\u00e3o. Moedas diz que nada foi feito ainda, gabinete do ministro diz que j\u00e1<\/strong><strong> est\u00e1 a ser feito. (e deixa aviso).<\/strong><\/p>\n<p>O presidente da C\u00e2mara de Lisboa <strong>Carlos Moedas<\/strong> garantiu esta sexta-feira que \u201cn\u00e3o est\u00e1 em guerra com o Governo\u201d, mas mant\u00e9m a press\u00e3o para que seja cumprida a promessa de refor\u00e7ar o policiamento em Lisboa, mais de tr\u00eas meses depois do an\u00fancio de Lu\u00eds Montenegro, que prometeu 200 novos agentes da PSP \u00e0 capital.<\/p>\n<p>Esta semana, Moedas voltou a manifestar preocupa\u00e7\u00e3o com a seguran\u00e7a na cidade, durante uma interven\u00e7\u00e3o na Universidade de Ver\u00e3o do PSD.<\/p>\n<p>\u201cEu n\u00e3o estou em guerra nem com o Governo, nem com nenhum ministro. A minha guerra \u00e9 s\u00f3 uma\u201d, procurou esclarecer o autarca: \u201c\u00c9 a seguran\u00e7a em Lisboa\u201d.<\/p>\n<p>\u201cAlarmado\u201d, o autarca tem vindo a aumentar a press\u00e3o sobre o Executivo nos \u00faltimos dias. Na ter\u00e7a-feira, defendeu que \u201cchegou a hora\u201d de concretizar a promessa feita pelo primeiro-ministro em maio: mais 200 agentes da PSP e 100 pol\u00edcias municipais em Lisboa.<\/p>\n<p>\u201cEste Governo prometeu-me 200 pol\u00edcias de seguran\u00e7a p\u00fablica a mais em Lisboa, ainda n\u00e3o temos nenhum, prometeu 100 pol\u00edcias municipais, tamb\u00e9m ainda n\u00e3o temos nenhum\u201d, criticou Carlos Moedas, citado pela <a href=\"https:\/\/sicnoticias.pt\/pais\/2026-08-28-video-policias-em-lisboa-o-braco-de-ferro-entre-carlos-moedas-e-luis-neves-b309f8a0\" data-wpel-link=\"external\" rel=\"noopener nofollow\" class=\"ext-link\" target=\"_blank\">SIC Not\u00edcias<\/a>.<\/p>\n<p>Lu\u00eds Montenegro anunciou a 12 de maio, depois de uma reuni\u00e3o com Carlos Moedas e com o presidente da C\u00e2mara do Porto, Pedro Duarte, que os comandos metropolitanos da PSP das duas cidades seriam refor\u00e7ados com 200 agentes cada. Mais de tr\u00eas meses depois, nada foi feito.<\/p>\n<p>O presidente da C\u00e2mara lisboeta j\u00e1 ter\u00e1 abordado o assunto com o ministro da Administra\u00e7\u00e3o Interna, <strong>Lu\u00eds Neves<\/strong>, que, segundo o autarca, lhe garantiu que o processo iria avan\u00e7ar. Mas o minist\u00e9rio tem uma vers\u00e3o diferente dos factos. O gabinete de Lu\u00eds Neves garantiu que o refor\u00e7o em Lisboa \u201cj\u00e1 est\u00e1 a ser concretizado\u201d e avisou, em resposta emitida ao <a href=\"https:\/\/observador.pt\/especiais\/guerra-entre-moedas-e-neves-continua-mai-garante-que-reforco-em-lisboa-ja-esta-a-ser-concretizado\/\" data-wpel-link=\"external\" rel=\"noopener nofollow\" class=\"ext-link\" target=\"_blank\">Observador<\/a>, que o combate \u00e0 inseguran\u00e7a n\u00e3o depende apenas do aumento do n\u00famero de agentes.<\/p>\n<p>Segundo o Minist\u00e9rio da Administra\u00e7\u00e3o Interna, existe desde junho uma presen\u00e7a policial refor\u00e7ada nas ruas de Lisboa, que incluiu a mobiliza\u00e7\u00e3o de elementos do Corpo de Interven\u00e7\u00e3o para patrulhamento.<\/p>\n<p>Segundo a SIC, o encontro mais recente entre Moedas e o diretor nacional da PSP terminou sem acordo sobre um novo refor\u00e7o do policiamento.<\/p>\n","protected":false},"excerpt":{"rendered":"Ant\u00f3nio Cotrim \/ Lusa O presidente da C\u00e2mara de Lisboa, Carlos Moedas. Bra\u00e7o de ferro entre autarca e&hellip;\n","protected":false},"author":2,"featured_media":505644,"comment_status":"","ping_status":"","sticky":false,"template":"","format":"standard","meta":{"footnotes":"","_share_on_mastodon":"0"},"categories":[10],"tags":[19205,27,28,3766,15,16,301,14,25,26,797,21,22,12,13,19,20,52,32,23,24,4579,1306,33,1717,17,18,29,30,31],"class_list":["post-505643","post","type-post","status-publish","format-standard","has-post-thumbnail","category-portugal","tag-autarquia","tag-breaking-news","tag-breakingnews","tag-carlos-moedas","tag-featured-news","tag-featurednews","tag-governo","tag-headlines","tag-latest-news","tag-latestnews","tag-lisboa","tag-main-news","tag-mainnews","tag-news","tag-noticias","tag-noticias-principais","tag-noticiasprincipais","tag-politica","tag-portugal","tag-principais-noticias","tag-principaisnoticias","tag-psd","tag-psp","tag-pt","tag-seguranca","tag-top-stories","tag-topstories","tag-ultimas","tag-ultimas-noticias","tag-ultimasnoticias"],"share_on_mastodon":{"url":"https:\/\/pubeurope.com\/@pt\/117185340274599389","error":""},"_links":{"self":[{"href":"https:\/\/www.europesays.com\/pt\/wp-json\/wp\/v2\/posts\/505643","targetHints":{"allow":["GET"]}}],"collection":[{"href":"https:\/\/www.europesays.com\/pt\/wp-json\/wp\/v2\/posts"}],"about":[{"href":"https:\/\/www.europesays.com\/pt\/wp-json\/wp\/v2\/types\/post"}],"author":[{"embeddable":true,"href":"https:\/\/www.europesays.com\/pt\/wp-json\/wp\/v2\/users\/2"}],"replies":[{"embeddable":true,"href":"https:\/\/www.europesays.com\/pt\/wp-json\/wp\/v2\/comments?post=505643"}],"version-history":[{"count":0,"href":"https:\/\/www.europesays.com\/pt\/wp-json\/wp\/v2\/posts\/505643\/revisions"}],"wp:featuredmedia":[{"embeddable":true,"href":"https:\/\/www.europesays.com\/pt\/wp-json\/wp\/v2\/media\/505644"}],"wp:attachment":[{"href":"https:\/\/www.europesays.com\/pt\/wp-json\/wp\/v2\/media?parent=505643"}],"wp:term":[{"taxonomy":"category","embeddable":true,"href":"https:\/\/www.europesays.com\/pt\/wp-json\/wp\/v2\/categories?post=505643"},{"taxonomy":"post_tag","embeddable":true,"href":"https:\/\/www.europesays.com\/pt\/wp-json\/wp\/v2\/tags?post=505643"}],"curies":[{"name":"wp","href":"https:\/\/api.w.org\/{rel}","templated":true}]}}