{"id":505667,"date":"2026-08-30T16:49:51","date_gmt":"2026-08-30T16:49:51","guid":{"rendered":"https:\/\/www.europesays.com\/pt\/505667\/"},"modified":"2026-08-30T16:49:51","modified_gmt":"2026-08-30T16:49:51","slug":"fiocruz-boa-vista-entra-em-alerta-por-aumento-de-casos-graves-de-doencas-respiratorias","status":"publish","type":"post","link":"https:\/\/www.europesays.com\/pt\/505667\/","title":{"rendered":"Fiocruz: Boa Vista entra em alerta por aumento de casos graves de doen\u00e7as respirat\u00f3rias"},"content":{"rendered":"<p class=\"wp-block-paragraph\">Roraima est\u00e1 entre os tr\u00eas estados brasileiros com n\u00edvel de atividade de S\u00edndrome Respirat\u00f3ria Aguda Grave (SRAG) em alerta, risco ou alto risco e tend\u00eancia de crescimento nas \u00faltimas seis semanas, segundo o <a href=\"https:\/\/agencia.fiocruz.br\/sites\/agencia.fiocruz.br\/files\/Resumo_InfoGripe_2026_33.pdf\" rel=\"nofollow noopener\" target=\"_blank\">boletim InfoGripe da Fiocruz<\/a> referente \u00e0 semana de 16 a 22 de agosto.<\/p>\n<p class=\"wp-block-paragraph\">Al\u00e9m de Roraima, apenas Alagoas e Mato Grosso apresentam o mesmo cen\u00e1rio. No Estado, o aumento das hospitaliza\u00e7\u00f5es ocorre principalmente entre crian\u00e7as de dois a quatro anos.<\/p>\n<p class=\"wp-block-paragraph\">Em Boa Vista, a situa\u00e7\u00e3o tamb\u00e9m chama aten\u00e7\u00e3o. A capital aparece entre as quatro do Pa\u00eds com n\u00edvel de SRAG em alerta, risco ou alto risco e tend\u00eancia de crescimento no longo prazo.<\/p>\n<p class=\"text-center mb-3 mt-5\" style=\"line-height:0; font-size: 0.8rem;\">\n    CONTINUA DEPOIS DA PUBLICIDADE\n<\/p>\n<p class=\"wp-block-paragraph\">O levantamento aponta, ainda, que o avan\u00e7o dos casos na capital ocorre principalmente entre crian\u00e7as de at\u00e9 quatro anos. As outras capitais com tend\u00eancia semelhante s\u00e3o Aracaju (SE), Bel\u00e9m (PA) e Jo\u00e3o Pessoa (PB).<\/p>\n<p>VSR ainda preocupa<\/p>\n<p class=\"wp-block-paragraph\">Enquanto os casos de SRAG provocados pelo V\u00edrus Sincicial Respirat\u00f3rio (VSR) est\u00e3o em queda no Pa\u00eds, Roraima registra n\u00edveis altos de incid\u00eancia para o per\u00edodo.<\/p>\n<p class=\"wp-block-paragraph\">Al\u00e9m disso, o boletim identifica in\u00edcio ou manuten\u00e7\u00e3o do aumento das hospitaliza\u00e7\u00f5es por rinov\u00edrus em Roraima, embora sem impacto considerado importante sobre o conjunto das interna\u00e7\u00f5es por SRAG na maioria dos estados.<\/p>\n<p class=\"wp-block-paragraph\">A Fiocruz ressalta, por\u00e9m, que ainda n\u00e3o h\u00e1 dados laboratoriais suficientes para apontar com precis\u00e3o qual v\u00edrus impulsiona o crescimento em Roraima. Pelo perfil et\u00e1rio e pelo cen\u00e1rio nacional, o rinov\u00edrus aparece como uma das principais possibilidades.<\/p>\n<p class=\"wp-block-paragraph\">Por outro lado, a incid\u00eancia de Covid-19 permanece baixa nas 27 unidades da Federa\u00e7\u00e3o.<\/p>\n<p class=\"wp-block-paragraph\">Os dados analisados foram inseridos no sistema Sivep-Gripe at\u00e9 22 de agosto e podem sofrer altera\u00e7\u00f5es, especialmente nas semanas mais recentes, devido ao atraso na notifica\u00e7\u00e3o e atualiza\u00e7\u00e3o dos registros.<\/p>\n","protected":false},"excerpt":{"rendered":"Roraima est\u00e1 entre os tr\u00eas estados brasileiros com n\u00edvel de atividade de S\u00edndrome Respirat\u00f3ria Aguda Grave (SRAG) em&hellip;\n","protected":false},"author":2,"featured_media":505668,"comment_status":"","ping_status":"","sticky":false,"template":"","format":"standard","meta":{"footnotes":"","_share_on_mastodon":"0"},"categories":[86],"tags":[2807,116,32,33,117],"class_list":["post-505667","post","type-post","status-publish","format-standard","has-post-thumbnail","category-saude","tag-fiocruz","tag-health","tag-portugal","tag-pt","tag-saude"],"share_on_mastodon":{"url":"https:\/\/pubeurope.com\/@pt\/117185493244100861","error":""},"_links":{"self":[{"href":"https:\/\/www.europesays.com\/pt\/wp-json\/wp\/v2\/posts\/505667","targetHints":{"allow":["GET"]}}],"collection":[{"href":"https:\/\/www.europesays.com\/pt\/wp-json\/wp\/v2\/posts"}],"about":[{"href":"https:\/\/www.europesays.com\/pt\/wp-json\/wp\/v2\/types\/post"}],"author":[{"embeddable":true,"href":"https:\/\/www.europesays.com\/pt\/wp-json\/wp\/v2\/users\/2"}],"replies":[{"embeddable":true,"href":"https:\/\/www.europesays.com\/pt\/wp-json\/wp\/v2\/comments?post=505667"}],"version-history":[{"count":0,"href":"https:\/\/www.europesays.com\/pt\/wp-json\/wp\/v2\/posts\/505667\/revisions"}],"wp:featuredmedia":[{"embeddable":true,"href":"https:\/\/www.europesays.com\/pt\/wp-json\/wp\/v2\/media\/505668"}],"wp:attachment":[{"href":"https:\/\/www.europesays.com\/pt\/wp-json\/wp\/v2\/media?parent=505667"}],"wp:term":[{"taxonomy":"category","embeddable":true,"href":"https:\/\/www.europesays.com\/pt\/wp-json\/wp\/v2\/categories?post=505667"},{"taxonomy":"post_tag","embeddable":true,"href":"https:\/\/www.europesays.com\/pt\/wp-json\/wp\/v2\/tags?post=505667"}],"curies":[{"name":"wp","href":"https:\/\/api.w.org\/{rel}","templated":true}]}}