{"id":50570,"date":"2025-08-29T19:08:46","date_gmt":"2025-08-29T19:08:46","guid":{"rendered":"https:\/\/www.europesays.com\/pt\/50570\/"},"modified":"2025-08-29T19:08:46","modified_gmt":"2025-08-29T19:08:46","slug":"escritores-da-bahia-de-minas-gerais-e-de-sao-paulo-vencem-o-premio-sesc-de-literatura-2025-veja-quem-sao-os-vencedores","status":"publish","type":"post","link":"https:\/\/www.europesays.com\/pt\/50570\/","title":{"rendered":"Escritores da Bahia, de Minas Gerais e de S\u00e3o Paulo vencem o Pr\u00eamio Sesc de Literatura 2025; veja quem s\u00e3o os vencedores"},"content":{"rendered":"\n<p class=\" content-text__container theme-color-primary-first-letter\" data-track-category=\"Link no Texto\" data-track-links=\"\"> Escritores da Bahia, de Minas Gerais e de S\u00e3o Paulo s\u00e3o os ganhadores da edi\u00e7\u00e3o de 2025 do<a class=\"\" href=\"https:\/\/oglobo.globo.com\/cultura\/noticia\/2024\/03\/21\/apos-acusacao-de-censura-grupo-record-e-premio-sesc-de-literatura-encerram-parceria-de-20-anos.ghtml\" rel=\"nofollow noopener\" target=\"_blank\"> Pr\u00eamio Sesc de Literatura<\/a>, cujo resultado foi divulgado nesta quinta-feira (28). O paulista Marcus Groza, o baiano Ab\u00e1z e o mineiro <a class=\"\" href=\"https:\/\/oglobo.globo.com\/cultura\/livros\/de-volta-ao-brasil-profundo-editoras-apostam-em-obras-de-novos-autores-ambientadas-no-interior-do-pais-1-25449040\" rel=\"nofollow noopener\" target=\"_blank\">Leonardo Piana<\/a> venceram nas categorias melhor romance, melhor livro de contos e melhor livro de poesia, respectivamente. As obras foram selecionadas entre 2.451 inscritas (684 romances, 599 de contos e 1.168 de poesia). <\/p>\n<ul class=\"content-unordered-list\">\n<li><strong>Leitura por prazer despenca nos EUA: <\/strong><a class=\"\" href=\"https:\/\/oglobo.globo.com\/mundo\/epoca\/noticia\/2025\/08\/26\/leitura-por-prazer-despenca-nos-eua-estudo-aponta-queda-de-40percent-em-duas-decadas.ghtml\" rel=\"nofollow noopener\" target=\"_blank\">Estudo aponta queda de 40% em duas d\u00e9cadas<\/a><\/li>\n<li><strong>Novos documentos:<\/strong><a class=\"\" href=\"https:\/\/oglobo.globo.com\/cultura\/noticia\/2025\/08\/24\/com-novos-documentos-livro-ilumina-origens-de-luiz-gama-e-reforca-hipotese-de-engajamento-politico-de-sua-mae.ghtml\" rel=\"nofollow noopener\" target=\"_blank\"> Livro ilumina origens de Luiz Gama e refor\u00e7a hip\u00f3tese de engajamento pol\u00edtico de sua m\u00e3e<\/a><\/li>\n<\/ul>\n<p class=\" content-text__container \" data-track-category=\"Link no Texto\" data-track-links=\"\"> Os autores premiados ter\u00e3o seus livros publicados pela Editora Senac Rio e receber\u00e3o R$ 30 mil cada um. A cerim\u00f4nia de premia\u00e7\u00e3o ocorrer\u00e1 no fim deste ano e, em 2026, os vencedores participa\u00e7\u00e3o de eventos promovidos pelo Sesc. Al\u00e9m da venda em livrarias f\u00edsicas e virtuais, os livros ser\u00e3o distribu\u00eddos em escolas e bibliotecas do Sesc em todo o Brasil. Um dos concursos liter\u00e1rios mais tradicionais do pa\u00eds, o Pr\u00eamio Sesc de Literatura existe desde 2003 e revelou nomes destacados da fic\u00e7\u00e3o nacional, como <a class=\"\" href=\"https:\/\/oglobo.globo.com\/epoca\/ruan-de-sousa-gabriel\/por-que-livro-de-luisa-geisler-assustou-tanto-uma-cidadezinha-gaucha-24084754\" rel=\"nofollow noopener\" target=\"_blank\">Luisa Geisler<\/a> e<a class=\"\" href=\"https:\/\/oglobo.globo.com\/cultura\/livros\/noticia\/2023\/10\/18\/em-primeiro-romance-contista-tobias-carvalho-retrata-relacionamentos-entre-jovens-gays-de-porto-alegre.ghtml\" rel=\"nofollow noopener\" target=\"_blank\"> Tobias Carvalho<\/a>. <\/p>\n<p class=\" content-text__container \" data-track-category=\"Link no Texto\" data-track-links=\"\"> \u201cGoi\u00e1s\u201d, o romance premiado, \u00e9 descrito como \u201cuma mistura de mem\u00f3ria, cr\u00edtica social e poesia, com forte carga emocional e simb\u00f3lica\u201d pelo comunicado do Pr\u00eamio Sesc enviado ao GLOBO. O livro \u00e9 protagonizado por um cachorro caramelo que \u201crepresenta a resist\u00eancia, a alegria e a dor diante da devasta\u00e7\u00e3o humana e ambiental\u201d. Marcos Groza, o autor, \u00e9 poeta, dramaturgo, professor e encenador. \u201cGoi\u00e1s\u201d \u00e9 sua estreia no romance. <\/p>\n<ul class=\"content-unordered-list\">\n<li><strong>&#8216;Capital cultural&#8217;: <\/strong><a class=\"\" href=\"https:\/\/oglobo.globo.com\/cultura\/noticia\/2025\/08\/23\/novo-bordao-nas-redes-capital-cultural-ensina-a-ostentar-referencias-mas-distorce-teoria-criada-por-sociologo-frances.ghtml\" rel=\"nofollow noopener\" target=\"_blank\">Novo bord\u00e3o nas redes, &#8216;capital cultural&#8217; ensina a ostentar intelig\u00eancia, mas distorce teoria criada por soci\u00f3logo franc\u00eas<\/a><\/li>\n<\/ul>\n<p class=\" content-text__container \" data-track-category=\"Link no Texto\" data-track-links=\"\"> Os contos de \u201cMassaranduba\u201d oscilam entre a trag\u00e9dia e a com\u00e9dia para retratar o cotidiano de moradores das periferias \u00e0s voltas com quest\u00f5es relacionadas \u00e0 viol\u00eancia, ao afeto e \u00e0 f\u00e9. Ab\u00e1z, o autor, \u00e9 professor da rede municipal de S\u00e3o Paulo. \u201cMassaranduba\u201d \u00e9 seu primeiro livro. <\/p>\n<p class=\" content-text__container \" data-track-category=\"Link no Texto\" data-track-links=\"\"> J\u00e1 Leonardo Piana conquistou duas vezes o Pr\u00eamio Cidade de Belo Horizonte com os romances \u201cSism\u00f3grafo\u201d (Macondo), que foi finalista dos pr\u00eamios Jabuti e S\u00e3o Paulo de Literatura, e \u201cTarde no planeta\u201d, que ser\u00e1 publicado pela Aut\u00eantica Contempor\u00e2nea. \u201cEscalar cansa\u201d, vencedor do Pr\u00eamio Sesc, \u00e9 sua estreia na poesia. O livro recorre \u00e0 mitologia grega para falar de identidade, resist\u00eancia e mem\u00f3ria familiar. <\/p>\n<p class=\" content-text__container \" data-track-category=\"Link no Texto\" data-track-links=\"\"> \u201cO Pr\u00eamio Sesc de Literatura \u00e9 um dos mais importantes reconhecimentos \u00e0 nova literatura, iniciativa que h\u00e1 mais de duas d\u00e9cadas revela e valoriza novos escritores brasileiros, refor\u00e7ando o compromisso da institui\u00e7\u00e3o com o fomento \u00e0 cultura, a forma\u00e7\u00e3o de leitores e a revela\u00e7\u00e3o de novos talentos\u201d, disse em nota Veronica Tomsic, gerente de cultura do Departamento Nacional do Sesc. \u201cAcreditamos que a literatura \u00e9 um instrumento essencial de transforma\u00e7\u00e3o e nos orgulhamos de contribuir para a renova\u00e7\u00e3o do nosso panorama liter\u00e1rio\u201d, completou. <\/p>\n","protected":false},"excerpt":{"rendered":"Escritores da Bahia, de Minas Gerais e de S\u00e3o Paulo s\u00e3o os ganhadores da edi\u00e7\u00e3o de 2025 do&hellip;\n","protected":false},"author":2,"featured_media":50571,"comment_status":"","ping_status":"","sticky":false,"template":"","format":"standard","meta":{"footnotes":""},"categories":[143],"tags":[169,114,115,170,32,33,679],"class_list":{"0":"post-50570","1":"post","2":"type-post","3":"status-publish","4":"format-standard","5":"has-post-thumbnail","7":"category-livros","8":"tag-books","9":"tag-entertainment","10":"tag-entretenimento","11":"tag-livros","12":"tag-portugal","13":"tag-pt","14":"tag-reportagem"},"share_on_mastodon":{"url":"","error":""},"_links":{"self":[{"href":"https:\/\/www.europesays.com\/pt\/wp-json\/wp\/v2\/posts\/50570","targetHints":{"allow":["GET"]}}],"collection":[{"href":"https:\/\/www.europesays.com\/pt\/wp-json\/wp\/v2\/posts"}],"about":[{"href":"https:\/\/www.europesays.com\/pt\/wp-json\/wp\/v2\/types\/post"}],"author":[{"embeddable":true,"href":"https:\/\/www.europesays.com\/pt\/wp-json\/wp\/v2\/users\/2"}],"replies":[{"embeddable":true,"href":"https:\/\/www.europesays.com\/pt\/wp-json\/wp\/v2\/comments?post=50570"}],"version-history":[{"count":0,"href":"https:\/\/www.europesays.com\/pt\/wp-json\/wp\/v2\/posts\/50570\/revisions"}],"wp:featuredmedia":[{"embeddable":true,"href":"https:\/\/www.europesays.com\/pt\/wp-json\/wp\/v2\/media\/50571"}],"wp:attachment":[{"href":"https:\/\/www.europesays.com\/pt\/wp-json\/wp\/v2\/media?parent=50570"}],"wp:term":[{"taxonomy":"category","embeddable":true,"href":"https:\/\/www.europesays.com\/pt\/wp-json\/wp\/v2\/categories?post=50570"},{"taxonomy":"post_tag","embeddable":true,"href":"https:\/\/www.europesays.com\/pt\/wp-json\/wp\/v2\/tags?post=50570"}],"curies":[{"name":"wp","href":"https:\/\/api.w.org\/{rel}","templated":true}]}}