{"id":505703,"date":"2026-08-30T17:41:17","date_gmt":"2026-08-30T17:41:17","guid":{"rendered":"https:\/\/www.europesays.com\/pt\/505703\/"},"modified":"2026-08-30T17:41:17","modified_gmt":"2026-08-30T17:41:17","slug":"policial-potiguar-inspira-trama-de-novela-da-globo-apos-acolher-seis-irmaos","status":"publish","type":"post","link":"https:\/\/www.europesays.com\/pt\/505703\/","title":{"rendered":"Policial potiguar inspira trama de novela da Globo ap\u00f3s acolher seis irm\u00e3os"},"content":{"rendered":"<p class=\"wp-block-paragraph\">A ocorr\u00eancia parecia ser apenas mais uma entre tantas atendidas pela Divis\u00e3o de Homic\u00eddios e Prote\u00e7\u00e3o \u00e0 Pessoa (DHPP) do Rio Grande do Norte. Mas, para a policial civil Flaviana Bezerra, de 51 anos, aquele chamado recebido em 2018 mudaria sua vida para sempre. O caso, que come\u00e7ou com a investiga\u00e7\u00e3o de um assassinato em Parnamirim, na Regi\u00e3o Metropolitana de Natal, atravessou os limites da profiss\u00e3o e se transformou em uma hist\u00f3ria de afeto, acolhimento e reconstru\u00e7\u00e3o familiar. O impacto foi t\u00e3o grande que agora inspira a trama central da novela Por Voc\u00ea, nova produ\u00e7\u00e3o das sete da TV Globo.<\/p>\n<p class=\"wp-block-paragraph\">Exibida pela primeira vez em 17 de agosto, Por Voc\u00ea marca a nova aposta da TV Globo para a faixa das sete. Escrita por Dino Cantelli e Juliana Peres, a novela acompanha a trajet\u00f3ria de Bela, personagem interpretada por Sheron Menezzes, uma mulher que v\u00ea sua vida transformada ao assumir a cria\u00e7\u00e3o dos filhos da melhor amiga ap\u00f3s uma trag\u00e9dia familiar. <\/p>\n<p class=\"wp-block-paragraph\">A not\u00edcia chegou at\u00e9 Flaviana por meio de jornalistas da emissora. Ela conta que foi surpreendida pelo an\u00fancio e pela forma cuidadosa com que a equipe tratou sua hist\u00f3ria.<\/p>\n<p class=\"wp-block-paragraph\">\u201cFui procurada por jornalistas da TV Globo. Eles me deram a not\u00edcia. Foram muito corretos, pacientes e cuidadosos no trato comigo, s\u00e3o excelentes profissionais e pessoas \u00edntegras\u201d, afirmou em entrevista \u00e0 Ag\u00eancia Saiba Mais.<\/p>\n<p class=\"wp-block-paragraph\">A rea\u00e7\u00e3o foi de emo\u00e7\u00e3o. Afinal, a trajet\u00f3ria que agora chega \u00e0 televis\u00e3o foi constru\u00edda em meio a perdas, desafios e decis\u00f5es tomadas sem qualquer planejamento.<\/p>\n<p class=\"wp-block-paragraph\">\u201cFiquei muito honrada e feliz. Nossa hist\u00f3ria \u00e9 uma hist\u00f3ria de muito amor, muito impactante, que envolve ado\u00e7\u00e3o de grupo de irm\u00e3os e ado\u00e7\u00e3o tardia, de crian\u00e7as e adolescentes que n\u00e3o estavam em abrigos, que perderam repentinamente o \u00fanico v\u00ednculo familiar que tinham. De forma imediata ap\u00f3s a perda, foram acolhidos de maneira surpreendente\u201d, relembra.<\/p>\n<p class=\"wp-block-paragraph\">Na fic\u00e7\u00e3o, a inspira\u00e7\u00e3o aparece na personagem Bela, interpretada por Sheron Menezzes. A protagonista assume a cria\u00e7\u00e3o dos filhos da melhor amiga ap\u00f3s uma trag\u00e9dia familiar, dando in\u00edcio a uma jornada de maternidade inesperada. Embora os roteiristas tenham adaptado a hist\u00f3ria e criado novos contextos para a novela, a ess\u00eancia do enredo surgiu da experi\u00eancia vivida pela policial potiguar.<\/p>\n<p>Uma ocorr\u00eancia que virou fam\u00edlia<\/p>\n<p class=\"wp-block-paragraph\">Quando chegou ao local do crime, em 2018, Flaviana encontrou seis crian\u00e7as e adolescentes em uma situa\u00e7\u00e3o de extrema vulnerabilidade. Eles j\u00e1 haviam perdido a m\u00e3e anos antes e, com o assassinato do pai, ficaram sem qualquer refer\u00eancia familiar imediata.<\/p>\n<p class=\"wp-block-paragraph\">O primeiro movimento foi garantir prote\u00e7\u00e3o e atendimento emergencial. Mas a mobiliza\u00e7\u00e3o foi muito maior do que uma a\u00e7\u00e3o individual.<\/p>\n<p class=\"wp-block-paragraph\">\u201cEssa hist\u00f3ria n\u00e3o \u00e9 s\u00f3 minha. O primeiro acolhimento foi dado por mim e pela minha equipe de plant\u00e3o da DHPP. Quando comunicamos o fato aos colegas, todos colaboraram para que as crian\u00e7as tivessem suas necessidades b\u00e1sicas supridas\u201d, conta.<\/p>\n<p class=\"wp-block-paragraph\">Segundo ela, policiais civis de diferentes setores se uniram para oferecer ajuda. A iniciativa ganhou um nome que ainda hoje \u00e9 lembrado com orgulho: For\u00e7a-Tarefa do Bem.<\/p>\n<p class=\"wp-block-paragraph\">\u201cA Pol\u00edcia Civil do RN acolheu seis crian\u00e7as e adolescentes. Juntos formamos a For\u00e7a-Tarefa do Bem e assim, unidos em equipe, tiramos as crian\u00e7as da situa\u00e7\u00e3o de vulnerabilidade inicial. Tivemos o apoio de pessoas de v\u00e1rios segmentos da sociedade que contribu\u00edram de v\u00e1rias formas.\u201d<\/p>\n<p class=\"wp-block-paragraph\">A rede de solidariedade foi crescendo. O que come\u00e7ou como um esfor\u00e7o coletivo para garantir abrigo, alimenta\u00e7\u00e3o e seguran\u00e7a acabou se transformando em algo muito maior.<\/p>\n<p class=\"wp-block-paragraph\">\u201cFoi um grande movimento, que inclusive foi noticiado pela imprensa. Me orgulho muito de fazer parte da Pol\u00edcia Civil do RN e por ter nos meus colegas uma verdadeira fam\u00edlia, capaz de ter atitudes como essa.\u201d<\/p>\n<p class=\"wp-block-paragraph\">Flaviana nunca imaginou que se tornaria m\u00e3e daquela forma. Antes de ingressar na Pol\u00edcia Civil, sonhava em ser m\u00e9dica. A vida, por\u00e9m, seguiu outro caminho. Vinda de uma fam\u00edlia humilde, precisou trabalhar cedo e encontrou na carreira policial uma oportunidade que acabou se transformando em voca\u00e7\u00e3o.<\/p>\n<p class=\"wp-block-paragraph\">Mas foi longe das investiga\u00e7\u00f5es que viveu a transforma\u00e7\u00e3o mais profunda.<\/p>\n<p class=\"wp-block-paragraph\">Ao longo dos meses, o v\u00ednculo criado com os irm\u00e3os foi se fortalecendo. O cuidado cotidiano se tornou presen\u00e7a constante. A presen\u00e7a constante se tornou afeto. E o afeto virou fam\u00edlia.<\/p>\n<p class=\"wp-block-paragraph\">Entre 2020 e 2022, os cinco filhos passaram a viver com ela sob o mesmo teto, compartilhando inclusive os per\u00edodos mais dif\u00edceis da pandemia. O que havia come\u00e7ado como acolhimento emergencial transformou-se em maternidade constru\u00edda dia ap\u00f3s dia.<\/p>\n<p class=\"wp-block-paragraph\">\u201cMinha hist\u00f3ria envolve luto, paix\u00e3o, maternidade, conflitos, fam\u00edlia, cura, dor, luz, alegria, afeto, erros e acertos. \u00c9 uma hist\u00f3ria de amor nada convencional\u201d, resume.<\/p>\n<p>Oito anos depois<\/p>\n<p class=\"wp-block-paragraph\">Hoje, quase uma d\u00e9cada ap\u00f3s aquele encontro inesperado, Flaviana observa com orgulho a trajet\u00f3ria dos filhos.<\/p>\n<p class=\"wp-block-paragraph\">\u201cEst\u00e3o todos bem. O v\u00ednculo familiar permanece. Eles s\u00e3o muito jovens e ainda podem conquistar o mundo, ser qualquer coisa que quiserem.\u201d<\/p>\n<p class=\"wp-block-paragraph\">Ela destaca que a maior mudan\u00e7a n\u00e3o foi apenas material, mas emocional:<\/p>\n<p class=\"wp-block-paragraph\">\u201cH\u00e1 oito anos um novo mundo foi aberto para eles. Todos foram alfabetizados, finalmente tiveram oportunidades na vida e, principalmente, foram reconfigurados no quesito afeto. Cada um, na sua individualidade, soube como \u00e9 ser muito amado.\u201d<\/p>\n<p><img fetchpriority=\"high\" decoding=\"async\" width=\"984\" height=\"553\" src=\"https:\/\/www.europesays.com\/pt\/wp-content\/uploads\/2026\/08\/image-20.png\" alt=\"\" class=\"wp-image-176492\"\/><\/p>\n<p class=\"wp-block-paragraph\">Ao chegar \u00e0 televis\u00e3o, a trajet\u00f3ria de Flaviana amplia um debate ainda pouco discutido no Brasil: o da ado\u00e7\u00e3o tardia e do acolhimento de grupos de irm\u00e3os. Temas que costumam enfrentar preconceitos e desafios adicionais no sistema de ado\u00e7\u00e3o.<\/p>\n<p class=\"wp-block-paragraph\">A policial afirma n\u00e3o saber se sua experi\u00eancia j\u00e1 inspirou outras pessoas, mas acredita que a novela pode contribuir para ampliar essa conversa.<\/p>\n<p class=\"wp-block-paragraph\">Para ela, o mais importante \u00e9 mostrar que fam\u00edlias podem nascer de formas inesperadas e que o amor nem sempre segue os caminhos tradicionais. O que come\u00e7ou como uma investiga\u00e7\u00e3o de homic\u00eddio terminou como uma hist\u00f3ria de reconstru\u00e7\u00e3o. Uma ocorr\u00eancia policial transformou-se em la\u00e7o familiar. E agora, oito anos depois, ganha novos cap\u00edtulos diante de milh\u00f5es de telespectadores.<\/p>\n<p class=\"wp-block-paragraph\"><strong>SAIBA MAIS:<\/strong><br \/><a href=\"https:\/\/saibamais.jor.br\/2026\/01\/novela-da-globo-tera-rn-como-cenario-e-atores-potiguares-no-elenco\/\" data-type=\"link\" data-id=\"https:\/\/saibamais.jor.br\/2026\/01\/novela-da-globo-tera-rn-como-cenario-e-atores-potiguares-no-elenco\/\" rel=\"nofollow noopener\" target=\"_blank\">Novela da Globo ter\u00e1 RN como cen\u00e1rio e atores potiguares no elenco<\/a><\/p>\n","protected":false},"excerpt":{"rendered":"A ocorr\u00eancia parecia ser apenas mais uma entre tantas atendidas pela Divis\u00e3o de Homic\u00eddios e Prote\u00e7\u00e3o \u00e0 Pessoa&hellip;\n","protected":false},"author":2,"featured_media":505704,"comment_status":"","ping_status":"","sticky":false,"template":"","format":"standard","meta":{"footnotes":"","_share_on_mastodon":"0"},"categories":[142],"tags":[114,115,2931,32,18770,33,10563,151],"class_list":["post-505703","post","type-post","status-publish","format-standard","has-post-thumbnail","category-tv","tag-entertainment","tag-entretenimento","tag-novela","tag-portugal","tag-principais","tag-pt","tag-rn","tag-tv"],"share_on_mastodon":{"url":"https:\/\/pubeurope.com\/@pt\/117185694755900380","error":""},"_links":{"self":[{"href":"https:\/\/www.europesays.com\/pt\/wp-json\/wp\/v2\/posts\/505703","targetHints":{"allow":["GET"]}}],"collection":[{"href":"https:\/\/www.europesays.com\/pt\/wp-json\/wp\/v2\/posts"}],"about":[{"href":"https:\/\/www.europesays.com\/pt\/wp-json\/wp\/v2\/types\/post"}],"author":[{"embeddable":true,"href":"https:\/\/www.europesays.com\/pt\/wp-json\/wp\/v2\/users\/2"}],"replies":[{"embeddable":true,"href":"https:\/\/www.europesays.com\/pt\/wp-json\/wp\/v2\/comments?post=505703"}],"version-history":[{"count":0,"href":"https:\/\/www.europesays.com\/pt\/wp-json\/wp\/v2\/posts\/505703\/revisions"}],"wp:featuredmedia":[{"embeddable":true,"href":"https:\/\/www.europesays.com\/pt\/wp-json\/wp\/v2\/media\/505704"}],"wp:attachment":[{"href":"https:\/\/www.europesays.com\/pt\/wp-json\/wp\/v2\/media?parent=505703"}],"wp:term":[{"taxonomy":"category","embeddable":true,"href":"https:\/\/www.europesays.com\/pt\/wp-json\/wp\/v2\/categories?post=505703"},{"taxonomy":"post_tag","embeddable":true,"href":"https:\/\/www.europesays.com\/pt\/wp-json\/wp\/v2\/tags?post=505703"}],"curies":[{"name":"wp","href":"https:\/\/api.w.org\/{rel}","templated":true}]}}