{"id":505719,"date":"2026-08-30T17:58:27","date_gmt":"2026-08-30T17:58:27","guid":{"rendered":"https:\/\/www.europesays.com\/pt\/505719\/"},"modified":"2026-08-30T17:58:27","modified_gmt":"2026-08-30T17:58:27","slug":"maldicao-familiar-novo-susto-na-familia-schumacher-deixa-todos-de-coracao-nas-maos-mundo","status":"publish","type":"post","link":"https:\/\/www.europesays.com\/pt\/505719\/","title":{"rendered":"Maldi\u00e7\u00e3o familiar? Novo susto na fam\u00edlia Schumacher deixa todos de cora\u00e7\u00e3o nas m\u00e3os &#8211; Mundo"},"content":{"rendered":"<p class=\"\">&#13;<br \/>\n        Aos 51 anos, <b>Ralph Schumacher, irm\u00e3o de Michael<\/b>, estava a participar numa competi\u00e7\u00e3o de<b> jet ski<\/b> transmitida pela televis\u00e3o alem\u00e3 quando tudo correu mal. Ralf fazia dupla com o apresentador <b>Stefan Raab <\/b>e os dois acabaram por cair \u00e0 \u00e1gua durante uma manobra.&#13;\n    <\/p>\n<p class=\"\">&#13;<br \/>\n        O momento obrigou \u00e0 interven\u00e7\u00e3o dos meios de socorro. Ralf chegou a pensar que tinha sofrido apenas uma luxa\u00e7\u00e3o no ombro, mas os exames realizados posteriormente revelaram uma les\u00e3o mais complicada. Uma radiografia e uma resson\u00e2ncia magn\u00e9tica mostraram que, al\u00e9m da luxa\u00e7\u00e3o, <strong>tinha tamb\u00e9m sofrido uma fratura, com um fragmento de osso partido<\/strong>. O antigo piloto confirmou entretanto que ter\u00e1 de ser submetido a uma interven\u00e7\u00e3o cir\u00fargica.&#13;\n    <\/p>\n<p class=\"\">&#13;<br \/>\n        Apesar do susto, Ralf mant\u00e9m o sentido de humor. Nas redes sociais, explicou que espera recuperar rapidamente e regressar ao trabalho j\u00e1 no <b>Grande Pr\u00e9mio de It\u00e1lia, em Monza<\/b>. \u201c<b>S\u00f3 terei de segurar o microfone com a m\u00e3o esquerda<\/b>\u201d, brincou, numa refer\u00eancia \u00e0 sua atividade como comentador de F\u00f3rmula 1.&#13;\n    <\/p>\n<p class=\"\">&#13;<br \/>\n        O epis\u00f3dio acontece numa altura particularmente feliz da vida pessoal de Ralf. Em maio, o antigo piloto casou-se com <strong>\u00c9tienne Bousquet-Cassagne<\/strong>, numa cerim\u00f3nia realizada em Saint-Tropez, depois de quase dois anos de rela\u00e7\u00e3o assumida publicamente.&#13;\n    <\/p>\n<p class=\"\">&#13;<br \/>\n        O acidente de Ralf acaba inevitavelmente por despertar mem\u00f3rias dolorosas quando se fala na fam\u00edlia Schumacher. <strong>Michael sofreu o grave acidente de esqui em dezembro de 2013<\/strong>, que mudou para sempre a vida do sete vezes campe\u00e3o mundial de F\u00f3rmula 1 e dos seus familiares. Mais de uma d\u00e9cada depois do acidente, a fam\u00edlia continua a preservar com enorme discri\u00e7\u00e3o o estado de sa\u00fade de Michael.&#13;\n    <\/p>\n<p>        &#13;<br \/>\n            Saber mais sobre&#13;<br \/>\n            &#13;<br \/>\n            &#13;<\/p>\n<p>    &#13;<br \/>\n        &#13;<br \/>\n        &#13;<br \/>\n&#13;<\/p>\n","protected":false},"excerpt":{"rendered":"&#13; Aos 51 anos, Ralph Schumacher, irm\u00e3o de Michael, estava a participar numa competi\u00e7\u00e3o de jet ski transmitida&hellip;\n","protected":false},"author":2,"featured_media":505720,"comment_status":"","ping_status":"","sticky":false,"template":"","format":"standard","meta":{"footnotes":"","_share_on_mastodon":"0"},"categories":[87],"tags":[135,971,233,42145,3014,51881,32,33,67107,36995,67110,134,218],"class_list":["post-505719","post","type-post","status-publish","format-standard","has-post-thumbnail","category-desporto","tag-desporto","tag-formula-1","tag-italia","tag-medicina-cirurgica","tag-monza","tag-nova-familia","tag-portugal","tag-pt","tag-ralph-schumacher","tag-ressonar","tag-saint-tropez","tag-sports","tag-televisao"],"share_on_mastodon":{"url":"https:\/\/pubeurope.com\/@pt\/117185760989583675","error":""},"_links":{"self":[{"href":"https:\/\/www.europesays.com\/pt\/wp-json\/wp\/v2\/posts\/505719","targetHints":{"allow":["GET"]}}],"collection":[{"href":"https:\/\/www.europesays.com\/pt\/wp-json\/wp\/v2\/posts"}],"about":[{"href":"https:\/\/www.europesays.com\/pt\/wp-json\/wp\/v2\/types\/post"}],"author":[{"embeddable":true,"href":"https:\/\/www.europesays.com\/pt\/wp-json\/wp\/v2\/users\/2"}],"replies":[{"embeddable":true,"href":"https:\/\/www.europesays.com\/pt\/wp-json\/wp\/v2\/comments?post=505719"}],"version-history":[{"count":0,"href":"https:\/\/www.europesays.com\/pt\/wp-json\/wp\/v2\/posts\/505719\/revisions"}],"wp:featuredmedia":[{"embeddable":true,"href":"https:\/\/www.europesays.com\/pt\/wp-json\/wp\/v2\/media\/505720"}],"wp:attachment":[{"href":"https:\/\/www.europesays.com\/pt\/wp-json\/wp\/v2\/media?parent=505719"}],"wp:term":[{"taxonomy":"category","embeddable":true,"href":"https:\/\/www.europesays.com\/pt\/wp-json\/wp\/v2\/categories?post=505719"},{"taxonomy":"post_tag","embeddable":true,"href":"https:\/\/www.europesays.com\/pt\/wp-json\/wp\/v2\/tags?post=505719"}],"curies":[{"name":"wp","href":"https:\/\/api.w.org\/{rel}","templated":true}]}}