{"id":505747,"date":"2026-08-30T18:35:18","date_gmt":"2026-08-30T18:35:18","guid":{"rendered":"https:\/\/www.europesays.com\/pt\/505747\/"},"modified":"2026-08-30T18:35:18","modified_gmt":"2026-08-30T18:35:18","slug":"franco-fontana-mestre-italiano-da-fotografia-colorida-morre-aos-92-anos","status":"publish","type":"post","link":"https:\/\/www.europesays.com\/pt\/505747\/","title":{"rendered":"Franco Fontana, Mestre Italiano da Fotografia Colorida, Morre aos 92 anos"},"content":{"rendered":"<p class=\"wp-block-paragraph\"><strong>Franco Fontana<\/strong>, fot\u00f3grafo italiano famoso por transformar paisagens em imagens abstratas por meio do uso magistral da cor, da geometria e das sombras, faleceu aos 92 anos, noticiou a m\u00eddia italiana neste s\u00e1bado (29).<\/p>\n<p class=\"wp-block-paragraph\">Tendo iniciado sua carreira na d\u00e9cada de 1960, quando o preto e branco ainda dominava a fotografia art\u00edstica, Fontana foi um <strong>pioneiro do uso da cor,<\/strong> influenciado pelo expressionismo abstrato e pelo minimalismo.<\/p>\n<p class=\"wp-block-paragraph\">Algumas de suas fotos mais conhecidas \u2014 que mostram praias ou paisagens rurais do sul da It\u00e1lia em cores vivas e contrastantes, \u00e0s vezes retratando uma \u00fanica \u00e1rvore, nuvem ou sombra humana \u2014 evocavam a obra do pintor abstrato Mark Rothko.<\/p>\n<p class=\"wp-block-paragraph\">\u201cAcredito que (a fotografia) n\u00e3o deva documentar a realidade, mas interpret\u00e1-la\u201d, afirmou ele em uma declara\u00e7\u00e3o para sua exposi\u00e7\u00e3o \u201cFull Color\u201d, de 2014.Leia Tamb\u00e9m<\/p>\n<p class=\"wp-block-paragraph\">\u201cA realidade \u00e9 um pouco como um bloco de m\u00e1rmore. Voc\u00ea pode us\u00e1-lo para fazer um cinzeiro ou a \u2018Piet\u00e0\u2019 de Michelangelo\u201d, acrescentou, referindo-se \u00e0 escultura na Bas\u00edlica de S\u00e3o Pedro.&#13;<br \/>\n  &#13;\n<\/p>\n<p class=\"wp-block-paragraph\">Fontana tamb\u00e9m foi aclamado por suas paisagens urbanas, tanto na It\u00e1lia quanto nos Estados Unidos, que costumavam brincar com linhas marcantes, sombras e detalhes de carros estacionados, e por sua fotografia de nus.<\/p>\n<p class=\"wp-block-paragraph\">A trajet\u00f3ria de Franco Fontana<\/p>\n<p class=\"wp-block-paragraph\">Nascido em Modena, no norte da It\u00e1lia, em 9 de dezembro de 1933, Fontana nunca saiu de sua cidade natal, recusando uma oferta para se mudar para Nova York enquanto trabalhava para a Vogue norte-americana.<\/p>\n<p class=\"wp-block-paragraph\">Tendo abandonado os estudos, ele desenvolveu um interesse pela fotografia durante o servi\u00e7o militar e come\u00e7ou a fazer experi\u00eancias com a arte, inicialmente como amador, no in\u00edcio da d\u00e9cada de 1960.<\/p>\n<p class=\"wp-block-paragraph\">Nas d\u00e9cadas seguintes, realizou mais de 400 exposi\u00e7\u00f5es individuais, trabalhou com moda e publicidade e teve seu trabalho exibido em mais de 50 museus ao redor do mundo.<\/p>\n<p class=\"wp-block-paragraph\">Em Roma, ele foi homenageado com uma grande retrospectiva, com mais de 200 fotografias, que ficou em cartaz de dezembro de 2024 a agosto de 2025.<\/p>\n<p>Siga o canal da <a href=\"https:\/\/whatsapp.com\/channel\/0029Va9gQKwBFLgM96cJnu0u\" target=\"_blank\" rel=\"noopener noreferrer nofollow\" title=\"Grupo da Forbes no WhatsApp\">Forbes<\/a> no WhatsApp e receba as principais not\u00edcias de empreendedorismo, carreira, tecnologia, agro e lifestyle.\t\t\t\t\t\t<\/p>\n","protected":false},"excerpt":{"rendered":"Franco Fontana, fot\u00f3grafo italiano famoso por transformar paisagens em imagens abstratas por meio do uso magistral da cor,&hellip;\n","protected":false},"author":2,"featured_media":505748,"comment_status":"","ping_status":"","sticky":false,"template":"","format":"standard","meta":{"footnotes":"","_share_on_mastodon":"0"},"categories":[144],"tags":[207,205,206,203,201,202,204,114,115,32,33],"class_list":["post-505747","post","type-post","status-publish","format-standard","has-post-thumbnail","category-arte-e-design","tag-arte","tag-arte-e-design","tag-artedesign","tag-arts","tag-arts-and-design","tag-artsanddesign","tag-design","tag-entertainment","tag-entretenimento","tag-portugal","tag-pt"],"share_on_mastodon":{"url":"https:\/\/pubeurope.com\/@pt\/117185906281117251","error":""},"_links":{"self":[{"href":"https:\/\/www.europesays.com\/pt\/wp-json\/wp\/v2\/posts\/505747","targetHints":{"allow":["GET"]}}],"collection":[{"href":"https:\/\/www.europesays.com\/pt\/wp-json\/wp\/v2\/posts"}],"about":[{"href":"https:\/\/www.europesays.com\/pt\/wp-json\/wp\/v2\/types\/post"}],"author":[{"embeddable":true,"href":"https:\/\/www.europesays.com\/pt\/wp-json\/wp\/v2\/users\/2"}],"replies":[{"embeddable":true,"href":"https:\/\/www.europesays.com\/pt\/wp-json\/wp\/v2\/comments?post=505747"}],"version-history":[{"count":0,"href":"https:\/\/www.europesays.com\/pt\/wp-json\/wp\/v2\/posts\/505747\/revisions"}],"wp:featuredmedia":[{"embeddable":true,"href":"https:\/\/www.europesays.com\/pt\/wp-json\/wp\/v2\/media\/505748"}],"wp:attachment":[{"href":"https:\/\/www.europesays.com\/pt\/wp-json\/wp\/v2\/media?parent=505747"}],"wp:term":[{"taxonomy":"category","embeddable":true,"href":"https:\/\/www.europesays.com\/pt\/wp-json\/wp\/v2\/categories?post=505747"},{"taxonomy":"post_tag","embeddable":true,"href":"https:\/\/www.europesays.com\/pt\/wp-json\/wp\/v2\/tags?post=505747"}],"curies":[{"name":"wp","href":"https:\/\/api.w.org\/{rel}","templated":true}]}}