{"id":505749,"date":"2026-08-30T18:37:16","date_gmt":"2026-08-30T18:37:16","guid":{"rendered":"https:\/\/www.europesays.com\/pt\/505749\/"},"modified":"2026-08-30T18:37:16","modified_gmt":"2026-08-30T18:37:16","slug":"altas-horas-entenda-por-que-globo-nao-exibe-o-programa-hoje-2","status":"publish","type":"post","link":"https:\/\/www.europesays.com\/pt\/505749\/","title":{"rendered":"\u2018Altas Horas\u2019: entenda por que Globo n\u00e3o exibe o programa hoje"},"content":{"rendered":"<p class=\"headlines\">&#8216;Altas Horas&#8217; n\u00e3o ser\u00e1 exibido pela Globo neste s\u00e1bado, 29 de agosto de 2026<\/p>\n<p>00:53<\/p>\n<p><img  loading=\"lazy\" class=\"thumb lazy-load-img\"\/><\/p>\n<p class=\"description\">O &#8216;Altas Horas&#8217;, de Serginho Groisman, n\u00e3o vai ao ar neste s\u00e1bado, 29 de agosto; emissora publicou v\u00eddeo relembrando principais momentos do programa no m\u00eas.  Cr\u00e9dito: @altashoras via Instagram<\/p>\n<p data-component-name=\"paragraph\" class=\"styles__ParagraphStyled-sc-6adecn-0 geGWDE theme-default  \">O<a href=\"https:\/\/www.estadao.com.br\/tudo-sobre\/altas-horas\/\" target=\"_blank\" rel=\"nofollow noopener\" title=\"https:\/\/www.estadao.com.br\/tudo-sobre\/altas-horas\/\"> <strong>A<\/strong><strong>ltas Horas<\/strong><\/a> n\u00e3o vai ao ar na noite deste s\u00e1bado, 29, na <a href=\"https:\/\/www.estadao.com.br\/tudo-sobre\/rede-globo\" target=\"_blank\" rel=\"nofollow noopener\" title=\"https:\/\/www.estadao.com.br\/tudo-sobre\/rede-globo\"><strong>TV Globo<\/strong><\/a>. Isso acontece porque, al\u00e9m de o Estrela da Casa ter feito sua estreia nesta semana, ocupando assim mais espa\u00e7o na grade, a programa\u00e7\u00e3o de hoje tamb\u00e9m conta com a transmiss\u00e3o do evento de luta <a href=\"https:\/\/www.estadao.com.br\/midia-mkt\/repercussao-da-spaten-fight-night-traz-desafio-para-marca-em-territorio-de-lutas\/\" target=\"_blank\" rel=\"nofollow noopener\" title=\"https:\/\/www.estadao.com.br\/midia-mkt\/repercussao-da-spaten-fight-night-traz-desafio-para-marca-em-territorio-de-lutas\/\">Spaten Fight Night III.<\/a><\/p>\n<p>Leia tamb\u00e9m<\/p>\n<p>A atra\u00e7\u00e3o de <a href=\"https:\/\/www.estadao.com.br\/tudo-sobre\/sergio-groisman\/\" target=\"_blank\" rel=\"nofollow noopener\" title=\"https:\/\/www.estadao.com.br\/tudo-sobre\/sergio-groisman\/\"><strong>Serginho Groisman<\/strong><\/a> segue confirmada na programa\u00e7\u00e3o da Globo. O retorno ser\u00e1 no pr\u00f3ximo s\u00e1bado, dia 5 de setembro. No Instagram, a produ\u00e7\u00e3o do Altas Horas publicou um recado aos telespectadores: \u201cEste s\u00e1bado n\u00e3o tem Altas Horas. Na pr\u00f3xima semana estamos de volta com tudo!\u201d<\/p>\n<p data-component-name=\"paragraph\" class=\"styles__ParagraphStyled-sc-6adecn-0 geGWDE theme-default  \">Confira abaixo a<strong> programa\u00e7\u00e3o da Globo <\/strong>de hoje, s\u00e1bado, 29, sem o Altas Horas. <\/p>\n<ul>\n<li class=\" \">20h55 &#8211; Jornal Nacional<\/li>\n<li class=\" \">21h20 &#8211; Entrevista com o candidato Augusto Cury<\/li>\n<li class=\" \">22h05 &#8211; Quem Ama Cuida<\/li>\n<li class=\" \">22h45 &#8211; Estrelas da Casa<\/li>\n<li class=\" \">23h15 &#8211; Faixa Combate &#8211; Spaten Fight Night III<\/li>\n<li class=\" \">00h15 &#8211; Supercine (\u00c1guas Profundas)<\/li>\n<li class=\" \">01h45 &#8211; A Nobreza do Amor (reprise)<\/li>\n<li class=\" \">02h30 &#8211; Por Voc\u00ea (reprise)<\/li>\n<li class=\" \">03h15 &#8211; Coruj\u00e3o (L.O.C.A.)<\/li>\n<\/ul>\n<p><img  loading=\"lazy\" class=\"lazy-load-img\"\/><\/p>\n<p>Serginho Groisman ao lado das integrantes da dupla AnaVit\u00f3ria no &#8216;Altas Horas&#8217; exibido em mar\u00e7o de 2026; programa n\u00e3o ser\u00e1 exibido em 29 de agosto de 2026\u00a0Foto:  @altashoras via Instagram<\/p>\n<p>Vale ler tamb\u00e9mO pensamento determinista sempre encontra uma justificativa para o poder de quem o formula<a class=\"link\" title=\"O pensamento determinista sempre encontra uma justificativa para o poder de quem o formula\" href=\"https:\/\/www.estadao.com.br\/cultura\/leandro-karnal\/o-pensamento-determinista-sempre-encontra-uma-justificativa-para-o-poder-de-quem-o-formula\/\" rel=\"nofollow noopener\" target=\"_blank\">A  religi\u00e3o \u00e9 de \u00edndole conservadora,  moralista e excludente; O evangelho n\u00e3o \u00e9, diz pastor Ed Ren\u00e9<a class=\"link\" title=\"A  religi\u00e3o \u00e9 de \u00edndole conservadora,  moralista e excludente; O evangelho n\u00e3o \u00e9, diz pastor Ed Ren\u00e9\" href=\"https:\/\/www.estadao.com.br\/cultura\/alice-ferraz\/a-religiao-e-de-indole-conservadora-moralista-e-excludente-o-evangelho-nao-e-diz-pastor-ed-rene\/\" rel=\"nofollow noopener\" target=\"_blank\">O luxo est\u00e1 em alta no Brasil e a Louis Vuitton mostrou que isso \u00e9 verdade<a class=\"link\" title=\"O luxo est\u00e1 em alta no Brasil e a Louis Vuitton mostrou que isso \u00e9 verdade\" href=\"https:\/\/www.estadao.com.br\/cultura\/alice-ferraz\/o-luxo-esta-em-alta-no-brasil-e-a-louis-vuitton-mostrou-que-isso-e-verdade\/\" rel=\"nofollow noopener\" target=\"_blank\"><\/p>\n","protected":false},"excerpt":{"rendered":"&#8216;Altas Horas&#8217; n\u00e3o ser\u00e1 exibido pela Globo neste s\u00e1bado, 29 de agosto de 2026 00:53 O &#8216;Altas Horas&#8217;,&hellip;\n","protected":false},"author":2,"featured_media":505750,"comment_status":"","ping_status":"","sticky":false,"template":"","format":"standard","meta":{"footnotes":"","_share_on_mastodon":"0"},"categories":[142],"tags":[114,115,32,33,1711,151],"class_list":["post-505749","post","type-post","status-publish","format-standard","has-post-thumbnail","category-tv","tag-entertainment","tag-entretenimento","tag-portugal","tag-pt","tag-sample","tag-tv"],"share_on_mastodon":{"url":"https:\/\/pubeurope.com\/@pt\/117185914328939264","error":""},"_links":{"self":[{"href":"https:\/\/www.europesays.com\/pt\/wp-json\/wp\/v2\/posts\/505749","targetHints":{"allow":["GET"]}}],"collection":[{"href":"https:\/\/www.europesays.com\/pt\/wp-json\/wp\/v2\/posts"}],"about":[{"href":"https:\/\/www.europesays.com\/pt\/wp-json\/wp\/v2\/types\/post"}],"author":[{"embeddable":true,"href":"https:\/\/www.europesays.com\/pt\/wp-json\/wp\/v2\/users\/2"}],"replies":[{"embeddable":true,"href":"https:\/\/www.europesays.com\/pt\/wp-json\/wp\/v2\/comments?post=505749"}],"version-history":[{"count":0,"href":"https:\/\/www.europesays.com\/pt\/wp-json\/wp\/v2\/posts\/505749\/revisions"}],"wp:featuredmedia":[{"embeddable":true,"href":"https:\/\/www.europesays.com\/pt\/wp-json\/wp\/v2\/media\/505750"}],"wp:attachment":[{"href":"https:\/\/www.europesays.com\/pt\/wp-json\/wp\/v2\/media?parent=505749"}],"wp:term":[{"taxonomy":"category","embeddable":true,"href":"https:\/\/www.europesays.com\/pt\/wp-json\/wp\/v2\/categories?post=505749"},{"taxonomy":"post_tag","embeddable":true,"href":"https:\/\/www.europesays.com\/pt\/wp-json\/wp\/v2\/tags?post=505749"}],"curies":[{"name":"wp","href":"https:\/\/api.w.org\/{rel}","templated":true}]}}