{"id":505771,"date":"2026-08-30T19:00:20","date_gmt":"2026-08-30T19:00:20","guid":{"rendered":"https:\/\/www.europesays.com\/pt\/505771\/"},"modified":"2026-08-30T19:00:20","modified_gmt":"2026-08-30T19:00:20","slug":"para-onde-caminha-o-fidesz-de-viktor-orban-apos-100-dias-de-magyar-no-poder","status":"publish","type":"post","link":"https:\/\/www.europesays.com\/pt\/505771\/","title":{"rendered":"Para onde caminha o Fidesz de Viktor Orb\u00e1n ap\u00f3s 100 dias de Magyar no poder?"},"content":{"rendered":"<p>Viktor Orb\u00e1n num dos seus \u00faltimos Conselhos Europeus, em fevereiro.FREDERIC SIERAKOWSKI \/ UNI\u00c3O EUROPEIA<\/p>\n<p><a class=\"arrow-component arr--section-name\" aria-label=\"section-name\" href=\"https:\/\/www.dn.pt\/internacional\" rel=\"nofollow noopener\" target=\"_blank\">Internacional<\/a><\/p>\n<p>Ap\u00f3s 16 anos no poder, o Fidesz foi derrotado pelo Tisza de P\u00e9ter Magyar. Orb\u00e1n deixou o parlamento e viu ser aprovada uma emenda constitucional queo impede de voltar a ser primeiro-ministro. <\/p>\n<p>Publicado a:\u00a0<\/p>\n<p>30 Ago 2026, 13:55<\/p>\n<p>Atualizado a:\u00a0<\/p>\n<p>30 Ago 2026, 13:55<\/p>\n<p>Loading content, please wait&#8230;<\/p>\n","protected":false},"excerpt":{"rendered":"Viktor Orb\u00e1n num dos seus \u00faltimos Conselhos Europeus, em fevereiro.FREDERIC SIERAKOWSKI \/ UNI\u00c3O EUROPEIA Internacional Ap\u00f3s 16 anos&hellip;\n","protected":false},"author":2,"featured_media":505772,"comment_status":"","ping_status":"","sticky":false,"template":"","format":"standard","meta":{"footnotes":"","_share_on_mastodon":"0"},"categories":[50],"tags":[27,28,81055,81053,81051,81052,15,16,50145,14,1991,25,26,21,22,62,12,13,19,20,54144,23,24,81054,50146,17,18,29,30,31,1992,63,64,65],"class_list":["post-505771","post","type-post","status-publish","format-standard","has-post-thumbnail","category-mundo","tag-breaking-news","tag-breakingnews","tag-cargos-internacionais","tag-crise-interna","tag-eleicoes-hungaras","tag-emenda-constitucional","tag-featured-news","tag-featurednews","tag-fidesz","tag-headlines","tag-hungria","tag-latest-news","tag-latestnews","tag-main-news","tag-mainnews","tag-mundo","tag-news","tag-noticias","tag-noticias-principais","tag-noticiasprincipais","tag-peter-magyar","tag-principais-noticias","tag-principaisnoticias","tag-renovacao-partidaria","tag-tisza","tag-top-stories","tag-topstories","tag-ultimas","tag-ultimas-noticias","tag-ultimasnoticias","tag-viktor-orban","tag-world","tag-world-news","tag-worldnews"],"share_on_mastodon":{"url":"","error":"Validation failed: Text character limit of 500 exceeded"},"_links":{"self":[{"href":"https:\/\/www.europesays.com\/pt\/wp-json\/wp\/v2\/posts\/505771","targetHints":{"allow":["GET"]}}],"collection":[{"href":"https:\/\/www.europesays.com\/pt\/wp-json\/wp\/v2\/posts"}],"about":[{"href":"https:\/\/www.europesays.com\/pt\/wp-json\/wp\/v2\/types\/post"}],"author":[{"embeddable":true,"href":"https:\/\/www.europesays.com\/pt\/wp-json\/wp\/v2\/users\/2"}],"replies":[{"embeddable":true,"href":"https:\/\/www.europesays.com\/pt\/wp-json\/wp\/v2\/comments?post=505771"}],"version-history":[{"count":0,"href":"https:\/\/www.europesays.com\/pt\/wp-json\/wp\/v2\/posts\/505771\/revisions"}],"wp:featuredmedia":[{"embeddable":true,"href":"https:\/\/www.europesays.com\/pt\/wp-json\/wp\/v2\/media\/505772"}],"wp:attachment":[{"href":"https:\/\/www.europesays.com\/pt\/wp-json\/wp\/v2\/media?parent=505771"}],"wp:term":[{"taxonomy":"category","embeddable":true,"href":"https:\/\/www.europesays.com\/pt\/wp-json\/wp\/v2\/categories?post=505771"},{"taxonomy":"post_tag","embeddable":true,"href":"https:\/\/www.europesays.com\/pt\/wp-json\/wp\/v2\/tags?post=505771"}],"curies":[{"name":"wp","href":"https:\/\/api.w.org\/{rel}","templated":true}]}}