{"id":505775,"date":"2026-08-30T19:06:23","date_gmt":"2026-08-30T19:06:23","guid":{"rendered":"https:\/\/www.europesays.com\/pt\/505775\/"},"modified":"2026-08-30T19:06:23","modified_gmt":"2026-08-30T19:06:23","slug":"foi-dia-de-casamento-para-jessica-galhofas-amo-te-mais-do-que-as-palavras-conseguem-explicar","status":"publish","type":"post","link":"https:\/\/www.europesays.com\/pt\/505775\/","title":{"rendered":"Foi dia de casamento para J\u00e9ssica Galhofas: &#8220;Amo-te mais do que as palavras conseguem explicar&#8221;"},"content":{"rendered":"<p>&#8220;O meu cora\u00e7\u00e3o est\u00e1 cheio de emo\u00e7\u00f5es.&#8221; Foi desta forma que, recentemente, no Instagram, J\u00e9ssica Galhofas resumiu o dia em que viu um irm\u00e3o trocar juras de amor eterno.<\/p>\n<p>&#8220;O meu irm\u00e3o mais novo casou-se&#8230;\u00a0E eu ainda nem consigo explicar tudo o que estou a sentir. Parece que foi ontem que eras o meu menino, aquele que eu queria proteger de tudo, e, hoje, vejo-te a come\u00e7ar uma nova etapa da tua vida, ao lado da pessoa que escolheste para caminhar contigo&#8221;, prosseguiu a jovem, que deu a conhecer-se aos telespectadores enquanto concorrente do &#8220;<a href=\"https:\/\/tvi.iol.pt\/bigbrother\/\" target=\"_blank\" rel=\"nofollow noopener\">Big Brother<\/a> 2023&#8243;.<\/p>\n<p>Partilhando com os seguidores fotografias e v\u00eddeos da cerim\u00f3nia, <a href=\"https:\/\/selfie.iol.pt\/famosos\/casa-dos-segredos\/secret-story-jessica-galhofas-lanca-farpa-que-envolve-concorrente-se-a-inveja-doesse\/20260511\/6a01c0cad34e28842c83e1a5\" target=\"_blank\" rel=\"nofollow noopener\">J\u00e9ssica Galhofas<\/a> deixou claro que olha para o familiar como &#8220;muito mais do que o respetivo irm\u00e3o&#8221;: &#8220;\u00c9s uma parte de mim, algu\u00e9m que amo com todo o meu cora\u00e7\u00e3o e que vou proteger e apoiar para sempre, independentemente de onde a vida nos levar. Ver-te feliz, realizado e a construir a tua pr\u00f3pria fam\u00edlia deixa-me com o cora\u00e7\u00e3o apertado de orgulho e felicidade.&#8221;<\/p>\n<p>&#8220;Que esta nova vida seja cheia de amor, cumplicidade, respeito, gargalhadas e muitos momentos inesquec\u00edveis. Que nunca vos falte for\u00e7a para ultrapassar os dias dif\u00edceis e que saibam aproveitar ainda mais os dias felizes&#8221;, desejou a ex-participante do reality show da <a href=\"https:\/\/tvi.iol.pt\/\" target=\"_blank\" rel=\"nofollow noopener\">TVI<\/a>, referindo ainda: &#8220;Hoje, entrego-te um bocadinho do meu cora\u00e7\u00e3o para uma nova fam\u00edlia, mas lembra-te: ser\u00e1s para sempre o meu irm\u00e3o mais novo, o meu menino, e nada neste mundo vai mudar o amor que sinto por ti.&#8221;<\/p>\n<p>&#8220;Amo-te mais do que as palavras conseguem explicar. Que sejam muito, muito felizes&#8221;, felicitou <a href=\"https:\/\/selfie.iol.pt\/famosos\/big-brother\/hoje-comeca-uma-nova-etapa-jessica-galhofas-faz-revelacao-e-assume-sei-o-momento-dificil-que-atravessa\/20260812\/6a7c6dded34ed0733ba7f7de\" target=\"_blank\" rel=\"nofollow noopener\">J\u00e9ssica Galhofas<\/a>.<\/p>\n<p>Assista, agora, ao v\u00eddeo. Veja, ainda, na galeria que prepar\u00e1mos para si, as imagens partilhadas por J\u00e9ssica Galhofas.<\/p>\n","protected":false},"excerpt":{"rendered":"&#8220;O meu cora\u00e7\u00e3o est\u00e1 cheio de emo\u00e7\u00f5es.&#8221; Foi desta forma que, recentemente, no Instagram, J\u00e9ssica Galhofas resumiu o&hellip;\n","protected":false},"author":2,"featured_media":505776,"comment_status":"","ping_status":"","sticky":false,"template":"","format":"standard","meta":{"footnotes":"","_share_on_mastodon":"0"},"categories":[142],"tags":[6308,6981,48,6982,1435,114,115,6309,980,1015,6451,3591,619,32,33,1014,1012,151,162],"class_list":["post-505775","post","type-post","status-publish","format-standard","has-post-thumbnail","category-tv","tag-bb","tag-bb2023","tag-big-brother","tag-big-brother-2023","tag-casamento","tag-entertainment","tag-entretenimento","tag-ex-concorrente","tag-famosos","tag-instagram","tag-irmao","tag-jessica-galhofas","tag-nacional","tag-portugal","tag-pt","tag-reality-show","tag-selfie","tag-tv","tag-tvi"],"share_on_mastodon":{"url":"https:\/\/pubeurope.com\/@pt\/117186028268678987","error":""},"_links":{"self":[{"href":"https:\/\/www.europesays.com\/pt\/wp-json\/wp\/v2\/posts\/505775","targetHints":{"allow":["GET"]}}],"collection":[{"href":"https:\/\/www.europesays.com\/pt\/wp-json\/wp\/v2\/posts"}],"about":[{"href":"https:\/\/www.europesays.com\/pt\/wp-json\/wp\/v2\/types\/post"}],"author":[{"embeddable":true,"href":"https:\/\/www.europesays.com\/pt\/wp-json\/wp\/v2\/users\/2"}],"replies":[{"embeddable":true,"href":"https:\/\/www.europesays.com\/pt\/wp-json\/wp\/v2\/comments?post=505775"}],"version-history":[{"count":0,"href":"https:\/\/www.europesays.com\/pt\/wp-json\/wp\/v2\/posts\/505775\/revisions"}],"wp:featuredmedia":[{"embeddable":true,"href":"https:\/\/www.europesays.com\/pt\/wp-json\/wp\/v2\/media\/505776"}],"wp:attachment":[{"href":"https:\/\/www.europesays.com\/pt\/wp-json\/wp\/v2\/media?parent=505775"}],"wp:term":[{"taxonomy":"category","embeddable":true,"href":"https:\/\/www.europesays.com\/pt\/wp-json\/wp\/v2\/categories?post=505775"},{"taxonomy":"post_tag","embeddable":true,"href":"https:\/\/www.europesays.com\/pt\/wp-json\/wp\/v2\/tags?post=505775"}],"curies":[{"name":"wp","href":"https:\/\/api.w.org\/{rel}","templated":true}]}}