{"id":50582,"date":"2025-08-29T19:17:12","date_gmt":"2025-08-29T19:17:12","guid":{"rendered":"https:\/\/www.europesays.com\/pt\/50582\/"},"modified":"2025-08-29T19:17:12","modified_gmt":"2025-08-29T19:17:12","slug":"israel-elogia-boicote-americano-eua-negam-vistos-a-autoridades-palestinianas-antes-da-assembleia-geral-da-onu","status":"publish","type":"post","link":"https:\/\/www.europesays.com\/pt\/50582\/","title":{"rendered":"Israel elogia boicote americano. EUA negam vistos a autoridades palestinianas antes da Assembleia Geral da ONU"},"content":{"rendered":"<p>                    <b>&#8220;O Secret\u00e1rio de Estado Marco Rubio est\u00e1 a revogar e a negar vistos a membros da Organiza\u00e7\u00e3o para a Liberta\u00e7\u00e3o da Palestina e da Autoridade Palestiniana antes da pr\u00f3xima Assembleia Geral da ONU&#8221;, afirmou o Departamento de Estado em comunicado.<\/b><\/p>\n<p>O departamento n\u00e3o divulgou os nomes das autoridades visadas, n\u00e3o ficando claro se o presidente da Autoridade Palestiniana, Mahmoud Abbas, que tencionava discursar neste encontro, est\u00e1 inclu\u00eddo nas restri\u00e7\u00f5es. O Departamento de Estado disse, por\u00e9m, que a miss\u00e3o da Autoridade Palestiniana na ONU n\u00e3o estaria inclu\u00edda nas restri\u00e7\u00f5es. As restri\u00e7\u00f5es seguem-se \u00e0 imposi\u00e7\u00e3o de san\u00e7\u00f5es norte-americanas \u00e0 Autoridade Palestiniana e aos membros da OLP, em julho, por \u201capoio ao terrorismo\u201d. <\/p>\n<p><b>&#8220;A Administra\u00e7\u00e3o Trump tem sido clara: \u00e9 do nosso interesse de seguran\u00e7a nacional responsabilizar a Organiza\u00e7\u00e3o para a Liberta\u00e7\u00e3o da Palestina e a Autoridade Palestiniana por n\u00e3o cumprirem os seus compromissos e por comprometerem as perspetivas de paz&#8221;, l\u00ea-se no comunicado.<\/b><\/p>\n<p>O Departamento de Estado acusa ainda os palestinianos de utilizarem indevidamente o sistema judicial para fins ileg\u00edtimos, recorrendo ao Tribunal Penal Internacional e ao Tribunal Internacional de Justi\u00e7a para resolver os seus lit\u00edgios com Israel.<\/p>\n<p>No comunicado, o Departamento de Estado dos EUA considera que a Autoridade Palestiniana deve p\u00f4r fim \u00e0s &#8220;tentativas de contornar as negocia\u00e7\u00f5es atrav\u00e9s de guerras jur\u00eddicas internacionais&#8221; e aos &#8220;esfor\u00e7os para garantir o reconhecimento unilateral do Estado palestiniano&#8221;.<br \/>&#13;<br \/>\nIsrael sa\u00fada \u201ciniciativa corajosa\u201d<br \/>&#13;<br \/>\nO embaixador dos palestinianos na ONU, Riyad Mansour, disse que estavam a verificar os contornos da medida, prometendo responder \u201cem conformidade&#8221;.<br \/>&#13;<br \/>\n<b><br \/>&#13;<br \/>\n&#8220;Veremos exatamente o que isso implica e como se aplica \u00e0s nossas delega\u00e7\u00f5es, e depois responderemos em conformidade&#8221;, disse Mansour aos jornalistas.<\/b><\/p>\n<p>Israel, por sua vez, elogiou a \u201ciniciativa corajosa\u201d dos Estados Unidos. &#8220;Obrigado (&#8230;) por responsabilizar a OLP (Organiza\u00e7\u00e3o para a Liberta\u00e7\u00e3o da Palestina) e a Autoridade Palestiniana pelas recompensas que oferecem aos terroristas, pela sua incita\u00e7\u00e3o e pelos seus esfor\u00e7os para lan\u00e7ar uma guerra legal contra Israel&#8221;, escreveu o ministro israelita dos Neg\u00f3cios Estrangeiros, Gideon Saar, na rede social X.<br \/>&#13;<br \/>\n<b><br \/>&#13;<br \/>\n&#8220;Agradecemos [ao presidente dos EUA, Donald Trump] e \u00e0 sua administra\u00e7\u00e3o por esta corajosa iniciativa (e) pelo apoio mais uma vez oferecido a Israel&#8221;, acrescentou.<\/b><\/p>\n<p>De acordo com um acordo da ONU de 1947, os EUA est\u00e3o obrigados a permitir o acesso de diplomatas estrangeiros \u00e0 sede da ONU, em Nova Iorque. Mas Washington afirma que pode negar vistos por motivos de seguran\u00e7a, terrorismo e pol\u00edtica externa. O Departamento de Estado tamb\u00e9m argumenta que est\u00e1 a respeitar o acordo ao autorizar a miss\u00e3o palestiniana da ONU.<\/p>\n<p><b>A Assembleia Geral da ONU vai realizar-se de 9 a 23 de setembro. <\/b>O presidente norte-americano, Donald Trump, dever\u00e1 comparecer nesta reuni\u00e3o, depois de ter limitado significativamente as suas rela\u00e7\u00f5es com as Na\u00e7\u00f5es Unidas e outras organiza\u00e7\u00f5es internacionais.<\/p>\n<p><b>Durante esta Assembleia Geral \u00e9 tamb\u00e9m esperado que a Fran\u00e7a reconhe\u00e7a oficialmente o Estado da Palestina.<\/b> O presidente franc\u00eas, Emmanuel Macron, anunciou em julho que iria fazer o \u201can\u00fancio solene\u201d durante este encontro na ONU. <\/p>\n<p>O Canad\u00e1, a Gr\u00e3-Bretanha e a Austr\u00e1lia tamb\u00e9m sinalizaram, nas \u00faltimas semanas, a sua inten\u00e7\u00e3o de reconhecer um Estado palestiniano durante a reuni\u00e3o da Assembleia Geral da ONU.&#13;<\/p>\n","protected":false},"excerpt":{"rendered":"&#8220;O Secret\u00e1rio de Estado Marco Rubio est\u00e1 a revogar e a negar vistos a membros da Organiza\u00e7\u00e3o para&hellip;\n","protected":false},"author":2,"featured_media":50583,"comment_status":"","ping_status":"","sticky":false,"template":"","format":"standard","meta":{"footnotes":""},"categories":[50],"tags":[27,28,413,15,16,14,259,25,26,21,22,62,12,13,19,20,910,431,23,24,17,18,29,30,31,63,64,65],"class_list":{"0":"post-50582","1":"post","2":"type-post","3":"status-publish","4":"format-standard","5":"has-post-thumbnail","7":"category-mundo","8":"tag-breaking-news","9":"tag-breakingnews","10":"tag-eua","11":"tag-featured-news","12":"tag-featurednews","13":"tag-headlines","14":"tag-israel","15":"tag-latest-news","16":"tag-latestnews","17":"tag-main-news","18":"tag-mainnews","19":"tag-mundo","20":"tag-news","21":"tag-noticias","22":"tag-noticias-principais","23":"tag-noticiasprincipais","24":"tag-onu","25":"tag-palestina","26":"tag-principais-noticias","27":"tag-principaisnoticias","28":"tag-top-stories","29":"tag-topstories","30":"tag-ultimas","31":"tag-ultimas-noticias","32":"tag-ultimasnoticias","33":"tag-world","34":"tag-world-news","35":"tag-worldnews"},"share_on_mastodon":{"url":"","error":""},"_links":{"self":[{"href":"https:\/\/www.europesays.com\/pt\/wp-json\/wp\/v2\/posts\/50582","targetHints":{"allow":["GET"]}}],"collection":[{"href":"https:\/\/www.europesays.com\/pt\/wp-json\/wp\/v2\/posts"}],"about":[{"href":"https:\/\/www.europesays.com\/pt\/wp-json\/wp\/v2\/types\/post"}],"author":[{"embeddable":true,"href":"https:\/\/www.europesays.com\/pt\/wp-json\/wp\/v2\/users\/2"}],"replies":[{"embeddable":true,"href":"https:\/\/www.europesays.com\/pt\/wp-json\/wp\/v2\/comments?post=50582"}],"version-history":[{"count":0,"href":"https:\/\/www.europesays.com\/pt\/wp-json\/wp\/v2\/posts\/50582\/revisions"}],"wp:featuredmedia":[{"embeddable":true,"href":"https:\/\/www.europesays.com\/pt\/wp-json\/wp\/v2\/media\/50583"}],"wp:attachment":[{"href":"https:\/\/www.europesays.com\/pt\/wp-json\/wp\/v2\/media?parent=50582"}],"wp:term":[{"taxonomy":"category","embeddable":true,"href":"https:\/\/www.europesays.com\/pt\/wp-json\/wp\/v2\/categories?post=50582"},{"taxonomy":"post_tag","embeddable":true,"href":"https:\/\/www.europesays.com\/pt\/wp-json\/wp\/v2\/tags?post=50582"}],"curies":[{"name":"wp","href":"https:\/\/api.w.org\/{rel}","templated":true}]}}