{"id":50584,"date":"2025-08-29T19:18:22","date_gmt":"2025-08-29T19:18:22","guid":{"rendered":"https:\/\/www.europesays.com\/pt\/50584\/"},"modified":"2025-08-29T19:18:22","modified_gmt":"2025-08-29T19:18:22","slug":"catarina-martins-nao-enche-as-medidas-mas-entra-para-referendo-interno-do-livre","status":"publish","type":"post","link":"https:\/\/www.europesays.com\/pt\/50584\/","title":{"rendered":"Catarina Martins \u201cn\u00e3o enche as medidas\u201d, mas entra para referendo interno do Livre"},"content":{"rendered":"<p class=\"texto\">A recusa de Ant\u00f3nio Sampaio da N\u00f3voa em entrar na corrida a Bel\u00e9m veio baralhar as contas aos partidos \u00e0 esquerda, especialmente ao Livre e ao BE. Catarina Martins, ex-l\u00edder do BE e eurodeputada, foi obrigada a ir a jogo e enfrentar uma nova campanha eleitoral menos de dois anos ap\u00f3s as europeias. J\u00e1 o partido liderado por Rui Tavares continua \u00e0 procura de uma candidatura \u201cabrangente\u201d visto que, at\u00e9 agora, nenhum dos candidatos \u00e0 esquerda \u201cenche as medidas\u201d, apurou o Expresso junto de fonte do partido.<\/p>\n<p><a href=\"https:\/\/expresso.pt\/promo\/data\/content\/binaries\/custom\/expresso\/digital\/COGB6.html?returnUrl=https:\/\/expresso.pt\/politica\/eleicoes\/presidenciais\/2025-08-28-catarina-martins-nao-enche-as-medidas-mas-entra-para-referendo-interno-do-livre-beb8cdf7&amp;utm_source=expresso&amp;utm_medium=locked_article&amp;locked=true&amp;article_id=83abe837-3c6c-4001-8097-358bdd54a8a7&amp;author_id=Margarida+Coutinho&amp;category=Presidenciais+2026\" target=\"_self\" class=\"\" rel=\"nofollow noopener\">Subscrever<\/a>J\u00e1 \u00e9 Subscritor?Fa\u00e7a login e continue a ler<a href=\"http:\/\/expresso.pt\/codigo?redirectUrl=https:\/\/expresso.pt\/politica\/eleicoes\/presidenciais\/2025-08-28-catarina-martins-nao-enche-as-medidas-mas-entra-para-referendo-interno-do-livre-beb8cdf7\" target=\"_self\" class=\"\" rel=\"nofollow noopener\">Inserir C\u00f3digo<\/a>Comprou o Expresso?Insira o c\u00f3digo presente na Revista E para continuar a ler<\/p>\n","protected":false},"excerpt":{"rendered":"A recusa de Ant\u00f3nio Sampaio da N\u00f3voa em entrar na corrida a Bel\u00e9m veio baralhar as contas aos&hellip;\n","protected":false},"author":2,"featured_media":50585,"comment_status":"","ping_status":"","sticky":false,"template":"","format":"standard","meta":{"footnotes":""},"categories":[10],"tags":[27,28,15,16,14,25,26,21,22,12,13,19,20,32,23,24,33,17,18,29,30,31],"class_list":{"0":"post-50584","1":"post","2":"type-post","3":"status-publish","4":"format-standard","5":"has-post-thumbnail","7":"category-portugal","8":"tag-breaking-news","9":"tag-breakingnews","10":"tag-featured-news","11":"tag-featurednews","12":"tag-headlines","13":"tag-latest-news","14":"tag-latestnews","15":"tag-main-news","16":"tag-mainnews","17":"tag-news","18":"tag-noticias","19":"tag-noticias-principais","20":"tag-noticiasprincipais","21":"tag-portugal","22":"tag-principais-noticias","23":"tag-principaisnoticias","24":"tag-pt","25":"tag-top-stories","26":"tag-topstories","27":"tag-ultimas","28":"tag-ultimas-noticias","29":"tag-ultimasnoticias"},"share_on_mastodon":{"url":"","error":""},"_links":{"self":[{"href":"https:\/\/www.europesays.com\/pt\/wp-json\/wp\/v2\/posts\/50584","targetHints":{"allow":["GET"]}}],"collection":[{"href":"https:\/\/www.europesays.com\/pt\/wp-json\/wp\/v2\/posts"}],"about":[{"href":"https:\/\/www.europesays.com\/pt\/wp-json\/wp\/v2\/types\/post"}],"author":[{"embeddable":true,"href":"https:\/\/www.europesays.com\/pt\/wp-json\/wp\/v2\/users\/2"}],"replies":[{"embeddable":true,"href":"https:\/\/www.europesays.com\/pt\/wp-json\/wp\/v2\/comments?post=50584"}],"version-history":[{"count":0,"href":"https:\/\/www.europesays.com\/pt\/wp-json\/wp\/v2\/posts\/50584\/revisions"}],"wp:featuredmedia":[{"embeddable":true,"href":"https:\/\/www.europesays.com\/pt\/wp-json\/wp\/v2\/media\/50585"}],"wp:attachment":[{"href":"https:\/\/www.europesays.com\/pt\/wp-json\/wp\/v2\/media?parent=50584"}],"wp:term":[{"taxonomy":"category","embeddable":true,"href":"https:\/\/www.europesays.com\/pt\/wp-json\/wp\/v2\/categories?post=50584"},{"taxonomy":"post_tag","embeddable":true,"href":"https:\/\/www.europesays.com\/pt\/wp-json\/wp\/v2\/tags?post=50584"}],"curies":[{"name":"wp","href":"https:\/\/api.w.org\/{rel}","templated":true}]}}