{"id":505843,"date":"2026-08-30T20:10:02","date_gmt":"2026-08-30T20:10:02","guid":{"rendered":"https:\/\/www.europesays.com\/pt\/505843\/"},"modified":"2026-08-30T20:10:02","modified_gmt":"2026-08-30T20:10:02","slug":"12-filmes-de-ficcao-cientifica-pos-apocaliptica-para-assistir-agora","status":"publish","type":"post","link":"https:\/\/www.europesays.com\/pt\/505843\/","title":{"rendered":"12 filmes de fic\u00e7\u00e3o cient\u00edfica p\u00f3s-apocal\u00edptica para assistir agora"},"content":{"rendered":"\n<p class=\" content-text__container \" data-track-category=\"Link no Texto\" data-track-links=\"\"> Ainda falando de &#8220;macacos&#8221;, este longa dirigido por Terry Gilliam (integrante do grupo de com\u00e9dia Monty Python) costuma dar um n\u00f3 na cabe\u00e7a dos cin\u00e9filos menos atentos, gra\u00e7as as suas reviravoltas e enigmas de roteiro. A hist\u00f3ria come\u00e7a em um futuro onde a Terra foi assolada por um v\u00edrus mortal que quase dizimou a humanidade por completo. Um homem \u00e9 escolhido para viajar no tempo e impedir que isso aconte\u00e7a. Entretanto, ao chegar no ano de 1995, \u00e9 dado como louco e vai parar em um sanat\u00f3rio, onde ele tenta convencer a psiquiatra respons\u00e1vel pelo seu caso de que tudo o que ele fala \u00e9 verdade. Bruce Willis (Duro de Matar), Madeleine Stowe (Revenge) e Brad Pitt (<a class=\"\" href=\"https:\/\/www.techtudo.com.br\/listas\/2025\/07\/viu-f1-nos-cinemas-12-filmes-e-series-para-saber-ainda-mais-sobre-o-esporte-streaming.ghtml\" rel=\"nofollow noopener\" target=\"_blank\">F1<\/a>) est\u00e3o no elenco. <\/p>\n","protected":false},"excerpt":{"rendered":"Ainda falando de &#8220;macacos&#8221;, este longa dirigido por Terry Gilliam (integrante do grupo de com\u00e9dia Monty Python) costuma&hellip;\n","protected":false},"author":2,"featured_media":505844,"comment_status":"","ping_status":"","sticky":false,"template":"","format":"standard","meta":{"footnotes":"","_share_on_mastodon":"0"},"categories":[140],"tags":[937,2633,114,115,147,148,1583,2634,146,716,364,32,33,2635],"class_list":["post-505843","post","type-post","status-publish","format-standard","has-post-thumbnail","category-filmes","tag-amazon-prime-video","tag-apple-tv","tag-entertainment","tag-entretenimento","tag-film","tag-filmes","tag-hbo-max","tag-imdb","tag-movies","tag-netflix","tag-paramount","tag-portugal","tag-pt","tag-rotten-tomatoes"],"share_on_mastodon":{"url":"https:\/\/pubeurope.com\/@pt\/117186279686847721","error":""},"_links":{"self":[{"href":"https:\/\/www.europesays.com\/pt\/wp-json\/wp\/v2\/posts\/505843","targetHints":{"allow":["GET"]}}],"collection":[{"href":"https:\/\/www.europesays.com\/pt\/wp-json\/wp\/v2\/posts"}],"about":[{"href":"https:\/\/www.europesays.com\/pt\/wp-json\/wp\/v2\/types\/post"}],"author":[{"embeddable":true,"href":"https:\/\/www.europesays.com\/pt\/wp-json\/wp\/v2\/users\/2"}],"replies":[{"embeddable":true,"href":"https:\/\/www.europesays.com\/pt\/wp-json\/wp\/v2\/comments?post=505843"}],"version-history":[{"count":0,"href":"https:\/\/www.europesays.com\/pt\/wp-json\/wp\/v2\/posts\/505843\/revisions"}],"wp:featuredmedia":[{"embeddable":true,"href":"https:\/\/www.europesays.com\/pt\/wp-json\/wp\/v2\/media\/505844"}],"wp:attachment":[{"href":"https:\/\/www.europesays.com\/pt\/wp-json\/wp\/v2\/media?parent=505843"}],"wp:term":[{"taxonomy":"category","embeddable":true,"href":"https:\/\/www.europesays.com\/pt\/wp-json\/wp\/v2\/categories?post=505843"},{"taxonomy":"post_tag","embeddable":true,"href":"https:\/\/www.europesays.com\/pt\/wp-json\/wp\/v2\/tags?post=505843"}],"curies":[{"name":"wp","href":"https:\/\/api.w.org\/{rel}","templated":true}]}}