{"id":50586,"date":"2025-08-29T19:19:08","date_gmt":"2025-08-29T19:19:08","guid":{"rendered":"https:\/\/www.europesays.com\/pt\/50586\/"},"modified":"2025-08-29T19:19:08","modified_gmt":"2025-08-29T19:19:08","slug":"mercado-fc-porto-ze-pedro-a-caminho-de-italia","status":"publish","type":"post","link":"https:\/\/www.europesays.com\/pt\/50586\/","title":{"rendered":"Mercado FC Porto: Z\u00e9 Pedro a caminho de It\u00e1lia"},"content":{"rendered":"<p><a target=\"_blank\" class=\"editor-link autolink-enabled\" href=\"https:\/\/www.abola.pt\/futebol\/jogador\/ze-pedro-198472\" data-resource-id=\"198472\" data-resource-type=\"player\" data-sport=\"football\" rel=\"nofollow noopener\">Z\u00e9 Pedro<\/a> est\u00e1 de sa\u00edda do plantel do <a target=\"_blank\" class=\"editor-link autolink-enabled\" href=\"https:\/\/www.abola.pt\/futebol\/fc-porto-451\" data-resource-id=\"451\" data-resource-type=\"team\" data-sport=\"football\" rel=\"nofollow noopener\">FC Porto<\/a>. Com a chegada de <a target=\"_blank\" class=\"editor-link autolink-enabled\" href=\"https:\/\/www.abola.pt\/futebol\/jogador\/jan-bednarek-68459\" data-resource-id=\"68459\" data-resource-type=\"player\" data-sport=\"football\" rel=\"nofollow noopener\">Bednarek<\/a> e Pripic e tamb\u00e9m com a iminente contrata\u00e7\u00e3o de <a target=\"_blank\" class=\"editor-link autolink-enabled\" href=\"https:\/\/www.abola.pt\/futebol\/jogador\/jakub-kiwior-204106\" data-resource-id=\"204106\" data-resource-type=\"player\" data-sport=\"football\" rel=\"nofollow noopener\">Kiwior<\/a>, o espa\u00e7o do defesa-central no plantel de Francesco Farioli est\u00e1 amplamente reduzido, da\u00ed que o <a target=\"_blank\" class=\"editor-link autolink-enabled\" href=\"https:\/\/www.abola.pt\/futebol\/cagliari-242\" data-resource-id=\"242\" data-resource-type=\"team\" data-sport=\"football\" rel=\"nofollow noopener\">Cagliari<\/a> esteja empenhado na contrata\u00e7\u00e3o do portugu\u00eas e as negocia\u00e7\u00f5es est\u00e3o j\u00e1 bastante avan\u00e7adas.<\/p>\n<p>Com contrato at\u00e9 junho de 2027, <a target=\"_blank\" class=\"editor-link autolink-enabled\" href=\"https:\/\/www.abola.pt\/futebol\/jogador\/ze-pedro-198472\" data-resource-id=\"198472\" data-resource-type=\"player\" data-sport=\"football\" rel=\"nofollow noopener\">Z\u00e9 Pedro<\/a> deve assinar por quatro anos pelo emblema da Serie A, abra\u00e7ando assim a sua primeira aventura no estrangeiro. Os moldes do neg\u00f3cio devem fazer-se na ordem dos 2,5 milh\u00f5es de euros para a SAD portista, mais b\u00f3nus, devendo os drag\u00f5es ficar ainda com uma percentagem do passe do atleta, precavendo uma futura venda.<\/p>\n<p><a target=\"_blank\" class=\"editor-link autolink-enabled\" href=\"https:\/\/www.abola.pt\/futebol\/jogador\/ze-pedro-198472\" data-resource-id=\"198472\" data-resource-type=\"player\" data-sport=\"football\" rel=\"nofollow noopener\">Z\u00e9 Pedro<\/a> figura na lista de 23 convocados de Francesco Farioli para o cl\u00e1ssico desta s\u00e1bado em Alvalade, mas dever\u00e1, ao que tudo indica e salvo qualquer imponder\u00e1vel de \u00faltima hora, realizar o \u00faltimo jogo com a camisola dos azuis e brancos em Lisboa, devendo viajar para It\u00e1lia no domingo, a fim de ser submetido a uma pan\u00f3plia de exames m\u00e9dicos e comprometer-se com o <a target=\"_blank\" class=\"editor-link autolink-enabled\" href=\"https:\/\/www.abola.pt\/futebol\/cagliari-242\" data-resource-id=\"242\" data-resource-type=\"team\" data-sport=\"football\" rel=\"nofollow noopener\">Cagliari<\/a> por quatro temporadas.<\/p>\n","protected":false},"excerpt":{"rendered":"Z\u00e9 Pedro est\u00e1 de sa\u00edda do plantel do FC Porto. Com a chegada de Bednarek e Pripic e&hellip;\n","protected":false},"author":2,"featured_media":50587,"comment_status":"","ping_status":"","sticky":false,"template":"","format":"standard","meta":{"footnotes":""},"categories":[8],"tags":[27,28,15,16,14,25,26,21,22,12,13,19,20,32,23,24,33,17,18,29,30,31],"class_list":{"0":"post-50586","1":"post","2":"type-post","3":"status-publish","4":"format-standard","5":"has-post-thumbnail","7":"category-principais-noticias","8":"tag-breaking-news","9":"tag-breakingnews","10":"tag-featured-news","11":"tag-featurednews","12":"tag-headlines","13":"tag-latest-news","14":"tag-latestnews","15":"tag-main-news","16":"tag-mainnews","17":"tag-news","18":"tag-noticias","19":"tag-noticias-principais","20":"tag-noticiasprincipais","21":"tag-portugal","22":"tag-principais-noticias","23":"tag-principaisnoticias","24":"tag-pt","25":"tag-top-stories","26":"tag-topstories","27":"tag-ultimas","28":"tag-ultimas-noticias","29":"tag-ultimasnoticias"},"share_on_mastodon":{"url":"","error":""},"_links":{"self":[{"href":"https:\/\/www.europesays.com\/pt\/wp-json\/wp\/v2\/posts\/50586","targetHints":{"allow":["GET"]}}],"collection":[{"href":"https:\/\/www.europesays.com\/pt\/wp-json\/wp\/v2\/posts"}],"about":[{"href":"https:\/\/www.europesays.com\/pt\/wp-json\/wp\/v2\/types\/post"}],"author":[{"embeddable":true,"href":"https:\/\/www.europesays.com\/pt\/wp-json\/wp\/v2\/users\/2"}],"replies":[{"embeddable":true,"href":"https:\/\/www.europesays.com\/pt\/wp-json\/wp\/v2\/comments?post=50586"}],"version-history":[{"count":0,"href":"https:\/\/www.europesays.com\/pt\/wp-json\/wp\/v2\/posts\/50586\/revisions"}],"wp:featuredmedia":[{"embeddable":true,"href":"https:\/\/www.europesays.com\/pt\/wp-json\/wp\/v2\/media\/50587"}],"wp:attachment":[{"href":"https:\/\/www.europesays.com\/pt\/wp-json\/wp\/v2\/media?parent=50586"}],"wp:term":[{"taxonomy":"category","embeddable":true,"href":"https:\/\/www.europesays.com\/pt\/wp-json\/wp\/v2\/categories?post=50586"},{"taxonomy":"post_tag","embeddable":true,"href":"https:\/\/www.europesays.com\/pt\/wp-json\/wp\/v2\/tags?post=50586"}],"curies":[{"name":"wp","href":"https:\/\/api.w.org\/{rel}","templated":true}]}}