{"id":505883,"date":"2026-08-30T20:53:16","date_gmt":"2026-08-30T20:53:16","guid":{"rendered":"https:\/\/www.europesays.com\/pt\/505883\/"},"modified":"2026-08-30T20:53:16","modified_gmt":"2026-08-30T20:53:16","slug":"alguem-precisa-parar-os-tech-bros-30-08-2026-mafalda-anjos","status":"publish","type":"post","link":"https:\/\/www.europesays.com\/pt\/505883\/","title":{"rendered":"Algu\u00e9m precisa parar os &#8216;tech bros&#8217; &#8211; 30\/08\/2026 &#8211; Mafalda Anjos"},"content":{"rendered":"<p>Em 2014, fiz uma reportagem na sede do <a href=\"https:\/\/www1.folha.uol.com.br\/folha-topicos\/facebook\/\" rel=\"nofollow noopener\" target=\"_blank\">Facebook<\/a> e <a href=\"https:\/\/www1.folha.uol.com.br\/folha-topicos\/instagram\/\" rel=\"nofollow noopener\" target=\"_blank\">Instagram<\/a>, em Menlo Park, no Vale do Sil\u00edcio. Dentro do campus, encontrei uma palavra escrita por todo o lado \u2014nos grafites, nas decora\u00e7\u00f5es e at\u00e9 no ch\u00e3o, na pra\u00e7a central, em letras t\u00e3o grandes que eram vis\u00edveis do c\u00e9u. Consegue, caro leitor, adivinhar qual era esse termo?<\/p>\n<p>As sugest\u00f5es s\u00e3o normalmente benevolentes, como conex\u00e3o, rede, uni\u00e3o. Por\u00e9m, a palavra onipresente que simboliza a cultura da empresa \u00e9 &#8220;hack&#8221; ou &#8220;hacker&#8221;. Vem de piratear, ou na tradu\u00e7\u00e3o mais cl\u00e1ssica, de golpear grosseiramente, estra\u00e7alhar.<\/p>\n<p>Esse trabalho, feito anos antes do <a href=\"https:\/\/www1.folha.uol.com.br\/mercado\/2018\/03\/como-a-cambridge-analytica-recolheu-dados-do-facebook.shtml\" rel=\"nofollow noopener\" target=\"\">esc\u00e2ndalo da Cambridge Analytica <\/a>(que revelou como era poss\u00edvel fazer manipula\u00e7\u00e3o pol\u00edtica em massa nas redes sociais), foi um dos que mais me impactou na minha carreira de jornalista.<\/p>\n<p>Entrevistei o homem que liderava a equipe do algoritmo e me senti num Matrix. \u00c0 minha frente, de bon\u00e9, bebendo uma Coca-Cola, estava um homem que falava do poder incomensur\u00e1vel de escolher o que os utilizadores da maior na\u00e7\u00e3o do mundo viam nas suas timelines \u2014e como ficariam a se sentir e que percep\u00e7\u00e3o do mundo guardariam depois de umas quantas horas a navegar\u2014, com a mesma leveza de quem explicava uma op\u00e7\u00e3o est\u00e9tica.<\/p>\n<p>Ficou \u00e0 vista o potencial gigantesco dos algoritmos das grandes plataformas: tanto podiam informar, construir e conectar como criar realidades alternativas e fazer colapsar os nossos valores e ch\u00e3o comum. Desde ent\u00e3o, tenho acompanhado com misto de deslumbramento, pasmo e horror a voragem digital que assolou o mundo e que resultou na <a href=\"https:\/\/www1.folha.uol.com.br\/folha-topicos\/inteligencia-artificial\/\" rel=\"nofollow noopener\" target=\"_blank\">intelig\u00eancia artificial<\/a>. Umas vezes sinto-me num Admir\u00e1vel Mundo Novo; em outras, vejo o planeta numa irrevers\u00edvel descida ao abismo, sob a contagem regressiva: &#8220;esta civiliza\u00e7\u00e3o vai autodestruir-se em 5, 4, 3\u2026&#8221;.<\/p>\n<p>H\u00e1 dias, para p\u00f4r fim a um megaprocesso judicial, a <a href=\"https:\/\/www1.folha.uol.com.br\/folha-topicos\/meta\/\" rel=\"nofollow noopener\" target=\"_blank\">Meta<\/a> aceitou fazer <a href=\"https:\/\/www1.folha.uol.com.br\/tec\/2026\/08\/por-que-julgamento-da-meta-pode-mudar-o-futuro-do-facebook-e-do-instagram.shtml\" rel=\"nofollow noopener\" target=\"\">mudan\u00e7as em seu algoritmo<\/a> para atenuar os riscos de v\u00edcio de jovens, al\u00e9m de <a href=\"https:\/\/www1.folha.uol.com.br\/tec\/2026\/08\/meta-chega-a-acordo-e-aceita-pagar-ate-us-171-bi-para-estados-dos-eua-por-redes-sociais-viciantes.shtml\" rel=\"nofollow noopener\" target=\"\">pagar mais de US$ 17 bilh\u00f5es<\/a> (R$ 88 bilh\u00f5es) de indeniza\u00e7\u00f5es. Fica, mais uma vez, claro que, quando o servi\u00e7o \u00e9 gratuito, o produto somos n\u00f3s \u2014com todo o mal que isso pode causar na sa\u00fade mental, nas nossas escolhas di\u00e1rias, mas tamb\u00e9m na economia e na democracia.<\/p>\n<p>Na mesma altura, o <a href=\"https:\/\/www.nytimes.com\/2026\/08\/26\/technology\/bill-gates-ai-risks.html\" rel=\"nofollow noopener\" target=\"_blank\">New York Times publicou uma alarmada entrevista com Bill Gates<\/a>, que defende que a IA pode nos destruir e que discuti-la \u00e9 1.000% mais essencial do que o debate nuclear. Gates prop\u00f5e novas taxas, uma reserva de trabalhos apenas humanos e crit\u00e9rios claros para restringir os riscos extremos.<\/p>\n<p>Os todo-poderosos magnatas tecnol\u00f3gicos s\u00e3o os novos imperadores, e as mudan\u00e7as disruptivas que imp\u00f5em acontecem em velocidade vertiginosa, com a IA generativa a desbravar caminhos que ningu\u00e9m mais entende, nem mesmo os programadores que a desenharam.<\/p>\n<p>Atordoadas, as comunidades pol\u00edticas tentam fazer sentido da disrup\u00e7\u00e3o e ensaiar alguma autoridade. A Uni\u00e3o Europeia foi pioneira na imposi\u00e7\u00e3o de regulamenta\u00e7\u00e3o, mas a passos lentos, embrulhada em processos complexos e burocracia at\u00e1vica. O Brasil tenta travar abusos. Mas quando os pol\u00edticos partem para a corrida, as big techs j\u00e1 deram v\u00e1rias voltas ao campo sem parar na casa de partida.<\/p>\n<p>Bem sei que h\u00e1 guerras em v\u00e1rias frentes. Por\u00e9m, a luta para impor limites aos &#8220;tech bros&#8221; tem de ser prioridade absoluta. \u00c9 mesmo o maior combate de nossas vidas.<\/p>\n<p class=\"c-context__content\">&#13;<br \/>\n    <strong>LINK PRESENTE:<\/strong> Gostou deste texto? Assinante pode liberar sete acessos gratuitos de qualquer link por dia. Basta clicar no F azul abaixo.&#13;\n  <\/p>\n","protected":false},"excerpt":{"rendered":"Em 2014, fiz uma reportagem na sede do Facebook e Instagram, em Menlo Park, no Vale do Sil\u00edcio.&hellip;\n","protected":false},"author":2,"featured_media":505884,"comment_status":"","ping_status":"","sticky":false,"template":"","format":"standard","meta":{"footnotes":"","_share_on_mastodon":"0"},"categories":[145],"tags":[211,210,114,115,1169,236,1015,933,549,9824,111,17318,32,33,548,110,46528],"class_list":["post-505883","post","type-post","status-publish","format-standard","has-post-thumbnail","category-celebridades","tag-celebridades","tag-celebrities","tag-entertainment","tag-entretenimento","tag-facebook","tag-folha","tag-instagram","tag-inteligencia-artificial","tag-internet","tag-mark-zuckerberg","tag-meta","tag-midias-sociais","tag-portugal","tag-pt","tag-redes-sociais","tag-tecnologia","tag-vale-do-silicio"],"share_on_mastodon":{"url":"https:\/\/pubeurope.com\/@pt\/117186448774398918","error":""},"_links":{"self":[{"href":"https:\/\/www.europesays.com\/pt\/wp-json\/wp\/v2\/posts\/505883","targetHints":{"allow":["GET"]}}],"collection":[{"href":"https:\/\/www.europesays.com\/pt\/wp-json\/wp\/v2\/posts"}],"about":[{"href":"https:\/\/www.europesays.com\/pt\/wp-json\/wp\/v2\/types\/post"}],"author":[{"embeddable":true,"href":"https:\/\/www.europesays.com\/pt\/wp-json\/wp\/v2\/users\/2"}],"replies":[{"embeddable":true,"href":"https:\/\/www.europesays.com\/pt\/wp-json\/wp\/v2\/comments?post=505883"}],"version-history":[{"count":0,"href":"https:\/\/www.europesays.com\/pt\/wp-json\/wp\/v2\/posts\/505883\/revisions"}],"wp:featuredmedia":[{"embeddable":true,"href":"https:\/\/www.europesays.com\/pt\/wp-json\/wp\/v2\/media\/505884"}],"wp:attachment":[{"href":"https:\/\/www.europesays.com\/pt\/wp-json\/wp\/v2\/media?parent=505883"}],"wp:term":[{"taxonomy":"category","embeddable":true,"href":"https:\/\/www.europesays.com\/pt\/wp-json\/wp\/v2\/categories?post=505883"},{"taxonomy":"post_tag","embeddable":true,"href":"https:\/\/www.europesays.com\/pt\/wp-json\/wp\/v2\/tags?post=505883"}],"curies":[{"name":"wp","href":"https:\/\/api.w.org\/{rel}","templated":true}]}}