{"id":505891,"date":"2026-08-30T21:02:36","date_gmt":"2026-08-30T21:02:36","guid":{"rendered":"https:\/\/www.europesays.com\/pt\/505891\/"},"modified":"2026-08-30T21:02:36","modified_gmt":"2026-08-30T21:02:36","slug":"catarina-miranda-passa-por-transformacao-absurda-e-avisa-nao-e-preciso-deitarem-mau-olhado","status":"publish","type":"post","link":"https:\/\/www.europesays.com\/pt\/505891\/","title":{"rendered":"Catarina Miranda passa por &#8220;transforma\u00e7\u00e3o absurda&#8221; e avisa: &#8220;N\u00e3o \u00e9 preciso deitarem mau-olhado&#8221;"},"content":{"rendered":"<p>Antes de dar as boas-vindas a setembro, <a href=\"https:\/\/selfie.iol.pt\/famosos\/francisco-monteiro\/francisco-monteiro-mostra-se-com-ex-moranguito-e-catarina-miranda-reage-amigo-nem-convidas\/20260821\/6a885ad7d34e511da0b34795\" target=\"_blank\" rel=\"nofollow noopener\">Catarina Miranda<\/a> realizou uma mudan\u00e7a de visual.<\/p>\n<p>No Instagram, o sal\u00e3o de cabeleireiro respons\u00e1vel pela transforma\u00e7\u00e3o\u00a0deu detalhes sobre o novo look da ex-concorrente dos reality shows da <a href=\"https:\/\/tvi.iol.pt\/\" target=\"_blank\" rel=\"nofollow noopener\">TVI<\/a> &#8220;Big Brother 2024&#8221;, &#8220;Dilema&#8221; e &#8220;<a href=\"https:\/\/tvi.iol.pt\/bigbrother\/\" target=\"_blank\" rel=\"nofollow noopener\">Big Brother<\/a> Ver\u00e3o&#8221;. &#8220;Ela n\u00e3o estava preparada para este antes e depois!&#8221;, escreveu, referindo que a nova cor de cabelo e a coloca\u00e7\u00e3o de extens\u00f5es deu origem a uma &#8220;transforma\u00e7\u00e3o absurda&#8221;:\u00a0&#8220;Mais comprimento. Mais volume. Mais brilho. Mais confian\u00e7a. E aquele momento em que ela se v\u00ea ao espelho pela primeira vez&#8230; vale tudo!&#8221;<\/p>\n<p>Na mesma rede social, Catarina Miranda partilhou um v\u00eddeo em que mostra ao pormenor a atua apar\u00eancia: &#8220;Suas invejosas, j\u00e1 tenho uma nova cor de cabelo. Castanho. E novas extens\u00f5es. Tamb\u00e9m n\u00e3o \u00e9 preciso deitarem mau-olhado, nem terem inveja, porque voc\u00eas fazem como eu: v\u00eam aqui ao sal\u00e3o e fazem igual, ok? N\u00e3o deitem, porque, se n\u00e3o, amanh\u00e3, n\u00e3o tenho cabelo.&#8221;<\/p>\n<p>&#8220;Espero que gostem da minha nova cor de cabelo. Se n\u00e3o gostarem, n\u00e3o faz mal. O que interessa \u00e9 criticarem ou elogiarem. Por\u00e9m, deem-me o vosso feedback, que eu quero saber. V\u00e1, voc\u00eas t\u00eam opini\u00e3o sobre tudo. Tamb\u00e9m devem ter opini\u00e3o sobre o meu cabelo&#8221;, sugeriu ainda a ribatejana.<\/p>\n<p>Veja, agora, o v\u00eddeo feito por <a href=\"https:\/\/selfie.iol.pt\/famosos\/big-brother\/catarina-miranda-enfrenta-imprevisto-na-estrada-e-ha-imagens\/20260829\/6a92cc2cd34ed0733ba8263d\" target=\"_blank\" rel=\"nofollow noopener\">Catarina Miranda<\/a>.<\/p>\n<p style=\"text-align:center\"><img loading=\"lazy\" decoding=\"async\" alt=\"\" height=\"500\" src=\"https:\/\/www.europesays.com\/pt\/wp-content\/uploads\/2026\/08\/6a92f676d34e511da0b35e9b.webp\" width=\"281\"\/><\/p>\n<p>\u00a0<\/p>\n","protected":false},"excerpt":{"rendered":"Antes de dar as boas-vindas a setembro, Catarina Miranda realizou uma mudan\u00e7a de visual. No Instagram, o sal\u00e3o&hellip;\n","protected":false},"author":2,"featured_media":505892,"comment_status":"","ping_status":"","sticky":false,"template":"","format":"standard","meta":{"footnotes":"","_share_on_mastodon":"0"},"categories":[85],"tags":[6308,7081,48,7080,1170,342,4782,114,115,6309,980,1015,4319,619,32,33,1014,1012,162,6659],"class_list":["post-505891","post","type-post","status-publish","format-standard","has-post-thumbnail","category-entretenimento","tag-bb","tag-bb2024","tag-big-brother","tag-big-brother-2024","tag-big-brother-verao","tag-catarina-miranda","tag-dilema","tag-entertainment","tag-entretenimento","tag-ex-concorrente","tag-famosos","tag-instagram","tag-look","tag-nacional","tag-portugal","tag-pt","tag-reality-show","tag-selfie","tag-tvi","tag-visual"],"share_on_mastodon":{"url":"https:\/\/pubeurope.com\/@pt\/117186485167459288","error":""},"_links":{"self":[{"href":"https:\/\/www.europesays.com\/pt\/wp-json\/wp\/v2\/posts\/505891","targetHints":{"allow":["GET"]}}],"collection":[{"href":"https:\/\/www.europesays.com\/pt\/wp-json\/wp\/v2\/posts"}],"about":[{"href":"https:\/\/www.europesays.com\/pt\/wp-json\/wp\/v2\/types\/post"}],"author":[{"embeddable":true,"href":"https:\/\/www.europesays.com\/pt\/wp-json\/wp\/v2\/users\/2"}],"replies":[{"embeddable":true,"href":"https:\/\/www.europesays.com\/pt\/wp-json\/wp\/v2\/comments?post=505891"}],"version-history":[{"count":0,"href":"https:\/\/www.europesays.com\/pt\/wp-json\/wp\/v2\/posts\/505891\/revisions"}],"wp:featuredmedia":[{"embeddable":true,"href":"https:\/\/www.europesays.com\/pt\/wp-json\/wp\/v2\/media\/505892"}],"wp:attachment":[{"href":"https:\/\/www.europesays.com\/pt\/wp-json\/wp\/v2\/media?parent=505891"}],"wp:term":[{"taxonomy":"category","embeddable":true,"href":"https:\/\/www.europesays.com\/pt\/wp-json\/wp\/v2\/categories?post=505891"},{"taxonomy":"post_tag","embeddable":true,"href":"https:\/\/www.europesays.com\/pt\/wp-json\/wp\/v2\/tags?post=505891"}],"curies":[{"name":"wp","href":"https:\/\/api.w.org\/{rel}","templated":true}]}}