{"id":50590,"date":"2025-08-29T19:23:09","date_gmt":"2025-08-29T19:23:09","guid":{"rendered":"https:\/\/www.europesays.com\/pt\/50590\/"},"modified":"2025-08-29T19:23:09","modified_gmt":"2025-08-29T19:23:09","slug":"ex-namorado-de-volta-carolina-braga-esclarece-tudo-sobre-o-fim-da-relacao-com-diogo-bordin-big-brother","status":"publish","type":"post","link":"https:\/\/www.europesays.com\/pt\/50590\/","title":{"rendered":"Ex-namorado de volta? Carolina Braga esclarece tudo sobre o fim da rela\u00e7\u00e3o com Diogo Bordin &#8211; Big Brother"},"content":{"rendered":"<p><strong>Carolina Braga<\/strong>, ex-concorrente do <a href=\"https:\/\/tvi.iol.pt\/bigbrother\/\" target=\"_blank\" rel=\"nofollow noopener\"><strong>Big Brother<\/strong><\/a>, esteve esta sexta-feira, 29 de agosto, no <strong>Dois \u00e0s 10<\/strong>, da TVI, onde falou pela primeira vez em televis\u00e3o sobre o fim da rela\u00e7\u00e3o com <strong>Diogo Bordin<\/strong>, tamb\u00e9m ele ex-participante do reality show.<\/p>\n<p>Durante a conversa com <strong>Cl\u00e1udio Ramos<\/strong> e <strong>Cristina Ferreira<\/strong>, <strong>Carolina<\/strong> esclareceu ainda os rumores sobre uma poss\u00edvel reaproxima\u00e7\u00e3o a um antigo amor, tema que gerou alguma especula\u00e7\u00e3o durante a sua estadia na casa mais vigiada do pa\u00eds:\u00a0<strong>\u00abFal\u00e1mos. Eu ainda namorava com o Diogo, ele soube que n\u00f3s fal\u00e1mos e correu tudo bem. Sentimos muito carinho um pelo outro, muito respeito. Ele gostou da minha participa\u00e7\u00e3o, a dado momento deixou de acompanhar, mas \u00e9 bom perceber que foi uma pessoa que fez parte da minha vida durante muitos anos, e eu sa\u00ed do BB e a pessoa continua exatamente a mesma\u00bb<\/strong>.<\/p>\n<p>Sobre a famosa brincadeira em que um ator se fez passar pelo seu ex durante uma gala, Carolina reagiu com humor, mas admitiu que o tema n\u00e3o caiu bem:\u00a0<strong>\u00abEle n\u00e3o gostou. Ele n\u00e3o achou gra\u00e7a nenhuma, ainda por cima n\u00e3o t\u00eam nada a ver um com o outro, nem fisicamente, nem as coisas que disse&#8230; nada\u00bb<\/strong>.<\/p>\n<p>Apesar da separa\u00e7\u00e3o, Carolina mostrou-se serena e madura ao falar do ex-namorado Diogo, garantindo que houve sempre respeito e que o fim da rela\u00e7\u00e3o n\u00e3o envolveu terceiros diretamente. A entrevista serviu para esclarecer mal-entendidos e mostrar que, mesmo fora da casa do Big Brother, os sentimentos e as hist\u00f3rias continuam a marcar presen\u00e7a.<\/p>\n<p>Carolina tamb\u00e9m abordou <a href=\"https:\/\/tvi.iol.pt\/bigbrother\/diogo-bordin\/antonio-leal-e-silva\/antonio-leal-e-silva-e-apanhado-em-clima-de-cumplicidade-com-diogo-bordin-e-e-confrontado-em-direto\" rel=\"nofollow noopener\" target=\"_blank\">o papel de <strong>Ant\u00f3nio Leal Silva<\/strong>, comentador do programa, na hist\u00f3ria do fim do relacionamento.<\/a> Carolina garantiu que Ant\u00f3nio Leal e Silva n\u00e3o foi a raz\u00e3o de separa\u00e7\u00e3o do casal. <strong>\u00abEu estou de consci\u00eancia tranquila, sei que n\u00e3o fiz nada de errado. Respeitei o Diogo quando tinha de respeitar. Eu estive duas vezes com o Ant\u00f3nio. S\u00f3. O Diogo saiu do programa e eles tiveram logo uma rela\u00e7\u00e3o muito pr\u00f3xima e eu ao in\u00edcio n\u00e3o percebia porque eu n\u00e3o mantinha conversas com o Ant\u00f3nio como o Diogo manteve\u00bb<\/strong>, explicou.<\/p>\n<p><strong>Carolina Braga<\/strong> sublinhou que n\u00e3o esteve presente em todas as conversas entre os dois, admitindo tamb\u00e9m: <strong>\u00abH\u00e1 muita coisa que sei que n\u00e3o sei. N\u00e3o em rela\u00e7\u00e3o \u00e0 rela\u00e7\u00e3o entre eles, mas&#8230; (\u2026) A minha opini\u00e3o \u00e9 muito pessoal, eu j\u00e1 lhe dei a ele, mas eu sou diferente e n\u00e3o o fazia. Pelos vistos eles estavam em projetos e eu n\u00e3o sabia. Eu sabia que ele tinha um projeto dele, e n\u00e3o dos dois. Em alguns momentos, fiquei magoada\u00bb<\/strong>, detalha.<\/p>\n<p>Apesar de reconhecer que o nome de<strong> Ant\u00f3nio Leal e Silva <\/strong>esteve v\u00e1rias vezes em cima da mesa, <strong>Carolina<\/strong> foi categ\u00f3rica: <strong>\u00abO Ant\u00f3nio n\u00e3o foi a causa da separa\u00e7\u00e3o. Eu e o Diogo tivemos as nossas quez\u00edlias, mas obviamente o Ant\u00f3nio foi tema. De repente, estavam muito pr\u00f3ximos e eu, como namorada, queria perceber\u00bb<\/strong>.<\/p>\n<p><strong>\u00abO Ant\u00f3nio sempre apoiou muito o Diogo e os pais do Diogo quiseram conhec\u00ea-lo pessoalmente e criaram uma rela\u00e7\u00e3o de amizade e carinho. Desde esse momento O Diogo confia muito nele. O Ant\u00f3nio n\u00e3o tem culpa do fim da nossa rela\u00e7\u00e3o. N\u00e3o acredito que tenha chegado a tanto, mas n\u00e3o sei o que \u00e9 que os dois conversam\u00bb<\/strong>.<\/p>\n<p>\u00a0<\/p>\n","protected":false},"excerpt":{"rendered":"Carolina Braga, ex-concorrente do Big Brother, esteve esta sexta-feira, 29 de agosto, no Dois \u00e0s 10, da TVI,&hellip;\n","protected":false},"author":2,"featured_media":50591,"comment_status":"","ping_status":"","sticky":false,"template":"","format":"standard","meta":{"footnotes":""},"categories":[142],"tags":[331,48,2072,329,333,328,335,6989,336,114,115,334,332,330,13,32,33,151,162,227],"class_list":{"0":"post-50590","1":"post","2":"type-post","3":"status-publish","4":"format-standard","5":"has-post-thumbnail","7":"category-tv","8":"tag-big","9":"tag-big-brother","10":"tag-carolina-braga","11":"tag-claudio-ramos","12":"tag-comentadores","13":"tag-concorrentes","14":"tag-confrontos","15":"tag-diogo-bordin","16":"tag-discussoes","17":"tag-entertainment","18":"tag-entretenimento","19":"tag-exclusivos","20":"tag-expulso","21":"tag-gala","22":"tag-noticias","23":"tag-portugal","24":"tag-pt","25":"tag-tv","26":"tag-tvi","27":"tag-videos"},"share_on_mastodon":{"url":"","error":""},"_links":{"self":[{"href":"https:\/\/www.europesays.com\/pt\/wp-json\/wp\/v2\/posts\/50590","targetHints":{"allow":["GET"]}}],"collection":[{"href":"https:\/\/www.europesays.com\/pt\/wp-json\/wp\/v2\/posts"}],"about":[{"href":"https:\/\/www.europesays.com\/pt\/wp-json\/wp\/v2\/types\/post"}],"author":[{"embeddable":true,"href":"https:\/\/www.europesays.com\/pt\/wp-json\/wp\/v2\/users\/2"}],"replies":[{"embeddable":true,"href":"https:\/\/www.europesays.com\/pt\/wp-json\/wp\/v2\/comments?post=50590"}],"version-history":[{"count":0,"href":"https:\/\/www.europesays.com\/pt\/wp-json\/wp\/v2\/posts\/50590\/revisions"}],"wp:featuredmedia":[{"embeddable":true,"href":"https:\/\/www.europesays.com\/pt\/wp-json\/wp\/v2\/media\/50591"}],"wp:attachment":[{"href":"https:\/\/www.europesays.com\/pt\/wp-json\/wp\/v2\/media?parent=50590"}],"wp:term":[{"taxonomy":"category","embeddable":true,"href":"https:\/\/www.europesays.com\/pt\/wp-json\/wp\/v2\/categories?post=50590"},{"taxonomy":"post_tag","embeddable":true,"href":"https:\/\/www.europesays.com\/pt\/wp-json\/wp\/v2\/tags?post=50590"}],"curies":[{"name":"wp","href":"https:\/\/api.w.org\/{rel}","templated":true}]}}