{"id":505919,"date":"2026-08-30T21:38:39","date_gmt":"2026-08-30T21:38:39","guid":{"rendered":"https:\/\/www.europesays.com\/pt\/505919\/"},"modified":"2026-08-30T21:38:39","modified_gmt":"2026-08-30T21:38:39","slug":"perseguicao-policial-termina-com-acidente-aparatoso-e-carro-incendiado-em-alges","status":"publish","type":"post","link":"https:\/\/www.europesays.com\/pt\/505919\/","title":{"rendered":"Persegui\u00e7\u00e3o policial termina com acidente aparatoso e carro incendiado em Alg\u00e9s"},"content":{"rendered":"<p>                Acidente fez tr\u00eas feridos que foram transportados para o Hospital S\u00e3o Francisco Xavier e para o Santa Maria<\/p>\n<p>Lisboa acordou com um aparatoso acidente na Avenida Bras\u00edlia junto \u00e0 Funda\u00e7\u00e3o Champalimaud.\u00a0Fonte da PSP confirma \u00e0 CNN Portugal que uma persegui\u00e7\u00e3o com dois ve\u00edculos em fuga ter\u00e1 estado na origem do incidente.<\/p>\n<p>Um dos carros que tentava escapar \u00e0s autoridades policiais acabou por se despistar ao entrar no viaduto de Pedrou\u00e7os, em Alg\u00e9s. O carro acabou por embater contra dois ve\u00edculos que ali estavam estacionados e incendiar-se.<\/p>\n<p>O segundo ve\u00edculo envolvido na persegui\u00e7\u00e3o conseguiu evadir-se do local.<\/p>\n<p> <img loading=\"lazy\" decoding=\"async\" alt=\"\" height=\"605\" src=\"https:\/\/www.europesays.com\/pt\/wp-content\/uploads\/2026\/08\/6a92e046d34e511da0b35e61.webp\" width=\"600\"\/> <\/p>\n<p>   Acidente ocorreu por volta das 7:20 deste s\u00e1bado, na\u00a0na Avenida Bras\u00edlia, em frente ao Museu do Combatente (Fonte da imagem: Monhacas) <\/p>\n<p>No ve\u00edculo acidentado,\u00a0que &#8220;seguia em velocidade elevad\u00edssima&#8221; de acordo com a PSP,\u00a0seguiam tr\u00eas homens, com idades compreendidas entre os 25 e 31 anos. O condutor e dois passageiros, sendo que todos sa\u00edram auxiliados pelo pol\u00edcia e foram transportados para o hospital, dois para o Hospital de Santa Maria e um para o hospital S\u00e3o Francisco Xavier.<\/p>\n<p>Em comunicado, a PSP indicou que hoje, pelas 07h25, no \u00e2mbito de uma opera\u00e7\u00e3o de fiscaliza\u00e7\u00e3o de tr\u00e2nsito, o condutor de uma viatura que ia ser fiscalizada n\u00e3o obedeceu \u00e0 ordem de paragem realizada pelo pol\u00edcia, continuando a sua marcha em elevada velocidade, obrigando aquele pol\u00edcia a desviar-se repentinamente da trajet\u00f3ria da viatura para evitar o seu atropelamento.<\/p>\n<p>Na sequ\u00eancia destes factos, &#8220;um dos pol\u00edcias motociclistas iniciou a sua persegui\u00e7\u00e3o, sempre visualizada, tendo o condutor da referida viatura, ao chegar \u00e0 zona do viaduto que liga a Avenida Bras\u00edlia \u00e0 Avenida da \u00cdndia, perdido o controlo do ve\u00edculo, despistando-se, indo embater em duas viaturas que se encontravam estacionadas na Avenida Bras\u00edlia, em frente ao Museu do Combatente&#8221;.<\/p>\n<p>No seguimento deste despiste, a circula\u00e7\u00e3o na Avenida Bras\u00edlia foi cortada para permitir trabalhos de limpeza.<\/p>\n<p> <img loading=\"lazy\" decoding=\"async\" alt=\"\" height=\"469\" src=\"https:\/\/www.europesays.com\/pt\/wp-content\/uploads\/2026\/08\/6a92e057d34ed0733ba8265c.webp\" width=\"600\"\/> <\/p>\n<p>   Condutor foi detido pela PSP e vai responder por\u00a0condu\u00e7\u00e3o sem habilita\u00e7\u00e3o legal, resist\u00eancia e coa\u00e7\u00e3o sobre funcion\u00e1rio e condu\u00e7\u00e3o perigosa (Fonte da imagem: Monhacas) <\/p>\n<p>&#8220;Estamos numa fase final de remo\u00e7\u00e3o dos res\u00edduos do acidente, acredito que na pr\u00f3xima hora consigamos libertar a via&#8221;, disse hoje o Comiss\u00e1rio Carlos Fernandes, da PSP, em declara\u00e7\u00f5es transmitidas pelas televis\u00f5es, pelas 12 horas.<\/p>\n<p>De acordo com as informa\u00e7\u00f5es avan\u00e7adas \u00e0 CNN Portugal apurou, o condutor n\u00e3o teria carta de condu\u00e7\u00e3o e estava a conduzir sob efeito de \u00e1lcool.<\/p>\n<p>O condutor &#8220;ir\u00e1 ser detido e presente a interrogat\u00f3rio judicial quando a autoridade judici\u00e1ria assim o determinar&#8221;, adiantou o Comiss\u00e1rio.<\/p>\n<p>A deten\u00e7\u00e3o deve-se \u00e0 falta de habilita\u00e7\u00e3o legal para conduzir, resist\u00eancia e coa\u00e7\u00e3o sobre funcion\u00e1rio e condu\u00e7\u00e3o perigosa.<\/p>\n","protected":false},"excerpt":{"rendered":"Acidente fez tr\u00eas feridos que foram transportados para o Hospital S\u00e3o Francisco Xavier e para o Santa Maria&hellip;\n","protected":false},"author":2,"featured_media":505920,"comment_status":"","ping_status":"","sticky":false,"template":"","format":"standard","meta":{"footnotes":"","_share_on_mastodon":"0"},"categories":[8],"tags":[59,609,5886,836,611,27,28,607,608,333,832,604,135,610,476,15,16,301,830,14,603,25,26,797,570,21,22,831,833,62,834,12,13,19,20,835,602,52,32,23,24,33,17,18,29,30,31],"class_list":["post-505919","post","type-post","status-publish","format-standard","has-post-thumbnail","category-principais-noticias","tag-acidente","tag-alerta","tag-alges","tag-analise","tag-ao-minuto","tag-breaking-news","tag-breakingnews","tag-cnn","tag-cnn-portugal","tag-comentadores","tag-costa","tag-crime","tag-desporto","tag-direto","tag-economia","tag-featured-news","tag-featurednews","tag-governo","tag-guerra","tag-headlines","tag-justica","tag-latest-news","tag-latestnews","tag-lisboa","tag-live","tag-main-news","tag-mainnews","tag-mais-vistas","tag-marcelo","tag-mundo","tag-negocios","tag-news","tag-noticias","tag-noticias-principais","tag-noticiasprincipais","tag-opiniao","tag-pais","tag-politica","tag-portugal","tag-principais-noticias","tag-principaisnoticias","tag-pt","tag-top-stories","tag-topstories","tag-ultimas","tag-ultimas-noticias","tag-ultimasnoticias"],"share_on_mastodon":{"url":"","error":"Validation failed: Text character limit of 500 exceeded"},"_links":{"self":[{"href":"https:\/\/www.europesays.com\/pt\/wp-json\/wp\/v2\/posts\/505919","targetHints":{"allow":["GET"]}}],"collection":[{"href":"https:\/\/www.europesays.com\/pt\/wp-json\/wp\/v2\/posts"}],"about":[{"href":"https:\/\/www.europesays.com\/pt\/wp-json\/wp\/v2\/types\/post"}],"author":[{"embeddable":true,"href":"https:\/\/www.europesays.com\/pt\/wp-json\/wp\/v2\/users\/2"}],"replies":[{"embeddable":true,"href":"https:\/\/www.europesays.com\/pt\/wp-json\/wp\/v2\/comments?post=505919"}],"version-history":[{"count":0,"href":"https:\/\/www.europesays.com\/pt\/wp-json\/wp\/v2\/posts\/505919\/revisions"}],"wp:featuredmedia":[{"embeddable":true,"href":"https:\/\/www.europesays.com\/pt\/wp-json\/wp\/v2\/media\/505920"}],"wp:attachment":[{"href":"https:\/\/www.europesays.com\/pt\/wp-json\/wp\/v2\/media?parent=505919"}],"wp:term":[{"taxonomy":"category","embeddable":true,"href":"https:\/\/www.europesays.com\/pt\/wp-json\/wp\/v2\/categories?post=505919"},{"taxonomy":"post_tag","embeddable":true,"href":"https:\/\/www.europesays.com\/pt\/wp-json\/wp\/v2\/tags?post=505919"}],"curies":[{"name":"wp","href":"https:\/\/api.w.org\/{rel}","templated":true}]}}