{"id":505931,"date":"2026-08-30T21:47:46","date_gmt":"2026-08-30T21:47:46","guid":{"rendered":"https:\/\/www.europesays.com\/pt\/505931\/"},"modified":"2026-08-30T21:47:46","modified_gmt":"2026-08-30T21:47:46","slug":"rita-comprou-uma-casa-abandonada-dos-anos-50-e-mostra-te-como-a-tornar-num-sonho","status":"publish","type":"post","link":"https:\/\/www.europesays.com\/pt\/505931\/","title":{"rendered":"Rita comprou uma casa abandonada dos anos 50 e mostra-te como a tornar num sonho"},"content":{"rendered":"<p>Rita Belinha tinha um sonho: <a target=\"_blank\" rel=\"noopener noreferrer nofollow\" href=\"https:\/\/versa.iol.pt\/casa\/remodelacao\/este-casal-esta-a-reconstruir-uma-casa-abandonada-que-escondia-um-tesouro-num-paraiso-com-vista-para-o-mar\/20260812\/6a7c88af0cf2f6a1a1e73c24\">recuperar uma casa antiga<\/a>. <a target=\"_blank\" rel=\"noopener noreferrer nofollow\" href=\"https:\/\/versa.iol.pt\/apartamento\/transformacao\/maravilhoso-o-antes-e-depois-deste-apartamento-dos-anos-70-esta-a-surpreender-e-a-receber-elogios\/20260814\/6a7f09bf0cf2f6a1a1e73f81\">Parece que est\u00e1 na moda<\/a> faz\u00ea-lo, mas ainda bem que assim \u00e9, porque os espa\u00e7os devolutos podem ganhar uma nova e digna vida. E \u00e9 isso que Rita e o companheiro pretendem fazer.<\/p>\n<p>Sobre a moradia em Espinho, sabe-se que foi constru\u00edda nos anos 50 e est\u00e1 desabitada h\u00e1 cerca de 30 anos, d\u00e9cadas que acabaram por degradar grande parte das divis\u00f5es, incluindo as paredes, os tetos e o ch\u00e3o de madeira.<\/p>\n<p>Contudo, h\u00e1 partes que Rita pretende recuperar: uma delas \u00e9 o ch\u00e3o de mosaicos da casa de banho, tamb\u00e9m a bancada da cozinha em pedra, certamente os interruptores redondos em preto e ainda as portas pintadas em vermelho. No fundo, o que poder ser mantido assim ser\u00e1, enquanto o restante ganhar\u00e1 uma nova vida.<\/p>\n<p>O primeiro passo neste processo de recupera\u00e7\u00e3o foi a limpeza do terreno, inclusivamente a remo\u00e7\u00e3o de um loureiro que estava muito perto de uma oliveira, \u00e1rvore que devido \u00e0 altura elevada teve de ser podada para n\u00e3o danificar o telhado.<\/p>\n<p>Mas porqu\u00ea escolher uma casa que vai implicar tantas horas de trabalho? Primeiramente, por se tratar de uma moradia que merece uma segunda vida, depois por ter um jardim virado a sul e ainda quatro frentes rodeadas de janelas para maior luminosidade dentro de casa. E, claro, pelo gosto de remodelar e ver no fim o antes e o depois.<\/p>\n<p>Para j\u00e1, podes ver o que mudou desde a compra do im\u00f3vel, porque com uma s\u00f3 limpeza &#8220;a casa j\u00e1 parece outra&#8221;, afirma Rita num v\u00eddeo partilhado no TikTok.<\/p>\n","protected":false},"excerpt":{"rendered":"Rita Belinha tinha um sonho: recuperar uma casa antiga. Parece que est\u00e1 na moda faz\u00ea-lo, mas ainda bem&hellip;\n","protected":false},"author":2,"featured_media":505932,"comment_status":"","ping_status":"","sticky":false,"template":"","format":"standard","meta":{"footnotes":"","_share_on_mastodon":"0"},"categories":[85],"tags":[1081,2019,204,114,115,7854,754,456,186,1079,32,33,5261,1078,1080],"class_list":["post-505931","post","type-post","status-publish","format-standard","has-post-thumbnail","category-entretenimento","tag-beleza","tag-casa","tag-design","tag-entertainment","tag-entretenimento","tag-espinho","tag-gastronomia","tag-habitacao","tag-lifestyle","tag-moda","tag-portugal","tag-pt","tag-recuperacao","tag-versa","tag-viagens"],"share_on_mastodon":{"url":"https:\/\/pubeurope.com\/@pt\/117186661324128877","error":""},"_links":{"self":[{"href":"https:\/\/www.europesays.com\/pt\/wp-json\/wp\/v2\/posts\/505931","targetHints":{"allow":["GET"]}}],"collection":[{"href":"https:\/\/www.europesays.com\/pt\/wp-json\/wp\/v2\/posts"}],"about":[{"href":"https:\/\/www.europesays.com\/pt\/wp-json\/wp\/v2\/types\/post"}],"author":[{"embeddable":true,"href":"https:\/\/www.europesays.com\/pt\/wp-json\/wp\/v2\/users\/2"}],"replies":[{"embeddable":true,"href":"https:\/\/www.europesays.com\/pt\/wp-json\/wp\/v2\/comments?post=505931"}],"version-history":[{"count":0,"href":"https:\/\/www.europesays.com\/pt\/wp-json\/wp\/v2\/posts\/505931\/revisions"}],"wp:featuredmedia":[{"embeddable":true,"href":"https:\/\/www.europesays.com\/pt\/wp-json\/wp\/v2\/media\/505932"}],"wp:attachment":[{"href":"https:\/\/www.europesays.com\/pt\/wp-json\/wp\/v2\/media?parent=505931"}],"wp:term":[{"taxonomy":"category","embeddable":true,"href":"https:\/\/www.europesays.com\/pt\/wp-json\/wp\/v2\/categories?post=505931"},{"taxonomy":"post_tag","embeddable":true,"href":"https:\/\/www.europesays.com\/pt\/wp-json\/wp\/v2\/tags?post=505931"}],"curies":[{"name":"wp","href":"https:\/\/api.w.org\/{rel}","templated":true}]}}