{"id":50594,"date":"2025-08-29T19:26:13","date_gmt":"2025-08-29T19:26:13","guid":{"rendered":"https:\/\/www.europesays.com\/pt\/50594\/"},"modified":"2025-08-29T19:26:13","modified_gmt":"2025-08-29T19:26:13","slug":"joao-almeida-sobe-ao-terceiro-lugar-apos-7-a-etapa-da-vuelta-ciclismo","status":"publish","type":"post","link":"https:\/\/www.europesays.com\/pt\/50594\/","title":{"rendered":"Jo\u00e3o Almeida sobe ao terceiro lugar ap\u00f3s 7.\u00aa etapa da Vuelta | Ciclismo"},"content":{"rendered":"<p>O ciclista portugu\u00eas Jo\u00e3o Almeida (UAE Emirates) subiu nesta sexta-feira ao terceiro lugar da Volta a Espanha, ap\u00f3s a s\u00e9tima etapa, ganha pelo espanhol Juan Ayuso (UAE Emirates), com o noruegu\u00eas Torstein Traeen (Barhain Victorius) a manter a lideran\u00e7a.<\/p>\n<p>Um dia depois de ter tido uma quebra que o afastou da luta pela geral, Ayuso venceu em 4h49m41s, no final dos 188 quil\u00f3metros entre Andorra-a-Velha e Cerler, com 1m15s de avan\u00e7o sobre o italiano Marco Frigo (Israel Premier-Tech) e 1m21s sobre o espanhol Ra\u00fal Garc\u00eda Pierna (Ark\u00e9a-B&amp;B Hotels).<\/p>\n<p>        &#13;<\/p>\n<blockquote class=\"twitter-tweet\">\n<p lang=\"en\" dir=\"ltr\">?? Take a look at the stage 7? standings:<\/p>\n<p>\u00a1Estas son las clasificaciones de la etapa 7? !<a href=\"https:\/\/twitter.com\/hashtag\/LaVuelta25?src=hash&amp;ref_src=twsrc%5Etfw\" rel=\"nofollow noopener\" target=\"_blank\">#LaVuelta25<\/a> <a href=\"https:\/\/t.co\/XHQZEWniaF\" rel=\"nofollow\">pic.twitter.com\/XHQZEWniaF<\/a><\/p>\n<p>\u2014 La Vuelta (@lavuelta) <a href=\"https:\/\/twitter.com\/lavuelta\/status\/1961455569006444707?ref_src=twsrc%5Etfw\" rel=\"nofollow noopener\" target=\"_blank\">August 29, 2025<\/a><\/p><\/blockquote>\n<p> &#13;<\/p>\n<p>Na classifica\u00e7\u00e3o geral, Torstein Traeen mant\u00e9m a lideran\u00e7a, com 2m33s de avan\u00e7o sobre o dinamarqu\u00eas Jonas Vingegaard (Visma-Lease a bike), enquanto Jo\u00e3o Almeida \u00e9 agora terceiro, a 2m41s.<\/p>\n<p>No s\u00e1bado, ap\u00f3s duas etapas de montanha, os ciclistas v\u00e3o ter uma oitava etapa sem qualquer contagem de montanha, com 163,5 quil\u00f3metros entre Monz\u00f3n Templ\u00e1rio e Sarago\u00e7a.<\/p>\n<p>            <script async src=\"https:\/\/platform.twitter.com\/widgets.js\" charset=\"utf-8\"><\/script><\/p>\n","protected":false},"excerpt":{"rendered":"O ciclista portugu\u00eas Jo\u00e3o Almeida (UAE Emirates) subiu nesta sexta-feira ao terceiro lugar da Volta a Espanha, ap\u00f3s&hellip;\n","protected":false},"author":2,"featured_media":50595,"comment_status":"","ping_status":"","sticky":false,"template":"","format":"standard","meta":{"footnotes":""},"categories":[87],"tags":[1342,135,10299,1867,32,33,134,11279],"class_list":{"0":"post-50594","1":"post","2":"type-post","3":"status-publish","4":"format-standard","5":"has-post-thumbnail","7":"category-desporto","8":"tag-ciclismo","9":"tag-desporto","10":"tag-joao-almeida","11":"tag-outras-modalidades","12":"tag-portugal","13":"tag-pt","14":"tag-sports","15":"tag-volta-a-espanha"},"share_on_mastodon":{"url":"","error":""},"_links":{"self":[{"href":"https:\/\/www.europesays.com\/pt\/wp-json\/wp\/v2\/posts\/50594","targetHints":{"allow":["GET"]}}],"collection":[{"href":"https:\/\/www.europesays.com\/pt\/wp-json\/wp\/v2\/posts"}],"about":[{"href":"https:\/\/www.europesays.com\/pt\/wp-json\/wp\/v2\/types\/post"}],"author":[{"embeddable":true,"href":"https:\/\/www.europesays.com\/pt\/wp-json\/wp\/v2\/users\/2"}],"replies":[{"embeddable":true,"href":"https:\/\/www.europesays.com\/pt\/wp-json\/wp\/v2\/comments?post=50594"}],"version-history":[{"count":0,"href":"https:\/\/www.europesays.com\/pt\/wp-json\/wp\/v2\/posts\/50594\/revisions"}],"wp:featuredmedia":[{"embeddable":true,"href":"https:\/\/www.europesays.com\/pt\/wp-json\/wp\/v2\/media\/50595"}],"wp:attachment":[{"href":"https:\/\/www.europesays.com\/pt\/wp-json\/wp\/v2\/media?parent=50594"}],"wp:term":[{"taxonomy":"category","embeddable":true,"href":"https:\/\/www.europesays.com\/pt\/wp-json\/wp\/v2\/categories?post=50594"},{"taxonomy":"post_tag","embeddable":true,"href":"https:\/\/www.europesays.com\/pt\/wp-json\/wp\/v2\/tags?post=50594"}],"curies":[{"name":"wp","href":"https:\/\/api.w.org\/{rel}","templated":true}]}}