{"id":505945,"date":"2026-08-30T22:00:35","date_gmt":"2026-08-30T22:00:35","guid":{"rendered":"https:\/\/www.europesays.com\/pt\/505945\/"},"modified":"2026-08-30T22:00:35","modified_gmt":"2026-08-30T22:00:35","slug":"cancro-vih-lupus-hepatite-b-doencas-cardiovasculares-apesar-de-longe-de-curas-vacinas-mrna-sao-o-futuro","status":"publish","type":"post","link":"https:\/\/www.europesays.com\/pt\/505945\/","title":{"rendered":"Cancro, VIH, l\u00fapus, Hepatite B, doen\u00e7as cardiovasculares. Apesar de &#8220;longe de curas&#8221;, vacinas mRNA s\u00e3o o futuro"},"content":{"rendered":"<p>                A not\u00edcia da primeira vacina contra o melanoma voltou a fazer a sociedade e a comunidade m\u00e9dica sonhar com o fim do cancro, mas apesar de ainda estarmos &#8220;longe de curas&#8221;, h\u00e1 muito que o RNA mensageiro \u00e9 visto como a luz ao fundo do t\u00fanel e para v\u00e1rias patologias. &#8220;\u00c9 uma confirma\u00e7\u00e3o, sab\u00edamos que isto ia acontecer&#8221;, diz o cientista Nuno Vale, apontando a medicina personalizada e de precis\u00e3o como o futuro (bem pr\u00f3ximo) do combate a v\u00e1rias doen\u00e7as<\/p>\n<p>\u201cS\u00e3o \u00f3timos, s\u00e3o excelentes resultados e, de certa maneira, demonstram que a tecnologia de mRNA acaba por conseguir resolver v\u00e1rios problemas\u201d. Nuno Vale, professor associado com agrega\u00e7\u00e3o e diretor do Centro Pluridisciplinar de Medicina Personalizada da Faculdade de Medicina da Universidade do Porto (FMUP) n\u00e3o esconde o entusiasmo sobre a recente not\u00edcia da <a href=\"https:\/\/cnnportugal.iol.pt\/videos\/esta-vacina-nao-previne-o-melanoma-o-que-ja-se-sabe-sobre-o-novo-tratamento-com-resultados-promissores\/6a8947870cf2f6a1a1e74e9a\" target=\"_blank\" rel=\"nofollow noopener\">vacina contra o melanoma<\/a>, dizendo que \u00e9 a prova do poder da medicina personalizada, algo que j\u00e1 era esperado pela comunidade cient\u00edfica h\u00e1 largos anos. \u201c\u00c9 promissor para a classe m\u00e9dica, mas n\u00e3o surpreende quem est\u00e1 muito pr\u00f3ximo do desenvolvimento destas tecnologias, \u00e9 uma confirma\u00e7\u00e3o, sab\u00edamos que isto ia acontecer\u201d, vinca.<\/p>\n<p>A tecnologia mRNA &#8211; <a href=\"https:\/\/cnnportugal.iol.pt\/biotecnologia-mrna\/saude\/mrna-o-mensageiro-que-combate-a-covid-19-e-que-se-prepara-para-travar-outras-doencas\/20220122\/61e051070cf2cc58e7dcece3\" target=\"_blank\" rel=\"nofollow noopener\">o mensageiro que ajudou no combate \u00e0 covid-19<\/a> &#8211; \u00e9 j\u00e1 uma velha\u00a0amiga dos cientistas e n\u00e3o apenas no combate ao cancro. \u201cTinha-se falado [do seu papel] no cancro, fez-se um compasso de espera, depois fez-se a vacina para a covid-19, e depois retomou-se ao [estudo do] cancro\u201d, diz o investigador, destacando que \u201c\u00e9 uma tecnologia muito promissora, permite identificar a informa\u00e7\u00e3o gen\u00e9tica que est\u00e1 associada a uma invas\u00e3o qualquer, quer seja um v\u00edrus, um parasita, uma doen\u00e7a gen\u00e9tica ou <a href=\"https:\/\/cnnportugal.iol.pt\/dossier\/a-heranca-que-ninguem-quer-receber\/678fd829d34ea1acf27323f2\" target=\"_blank\" rel=\"nofollow noopener\">heredit\u00e1ria<\/a>\u201d. Atualmente, exemplifica, est\u00e1 a ser testada no Zika (num <a href=\"https:\/\/clinicaltrials.gov\/study\/NCT04917861\" target=\"_blank\" rel=\"nofollow noopener\">ensaio com 800 participantes<\/a>) e no <a href=\"https:\/\/cnnportugal.iol.pt\/videos\/teremos-vacinas-para-o-vih-cancro-alergias-ou-doencas-autoimunes-entrevista-ao-pai-do-mrna\/620fb0420cf21a10a4201107\" target=\"_blank\" rel=\"nofollow noopener\">V\u00edrus da Imunodefici\u00eancia Humana<\/a> (VIH) e estudada para o l\u00fapus, a Hepatite B e doen\u00e7as cardiovasculares, mas \u201ctamb\u00e9m come\u00e7am [a surgir] lentamente [investiga\u00e7\u00f5es] nas doen\u00e7as raras associadas \u00e0 falta de enzimas no f\u00edgado\u201d.\u00a0<\/p>\n<p>Esta tecnologia, que continua a ser usada para vacinas para v\u00edrus respirat\u00f3rios, \u00e9, na verdade, altamente, vers\u00e1til. Num ensaio realizado em ratos de laborat\u00f3rio, publicado em 2021 na revista <a href=\"https:\/\/www.nature.com\/articles\/s41577-021-00504-3#author-information\" target=\"_blank\" rel=\"nofollow noopener\">Nature Reviews Immunology<\/a>, os cientistas detetaram uma efic\u00e1cia promissora da tecnologia mRNA na esclerose m\u00faltipla, podendo este ser um primeiro passo para novas investiga\u00e7\u00f5es e para outros estudos de doen\u00e7as autoimunes. \u00c0 boleia da efic\u00e1cia da vacina criada para combater a covid-19, a Moderna aliou-se \u00e0 <a href=\"https:\/\/investors.vrtx.com\/news-releases\/news-release-details\/moderna-and-vertex-establish-new-collaboration-treat-cystic\" target=\"_blank\" rel=\"nofollow noopener\">Vertex Pharmaceuticals<\/a> no desenvolvimento de uma vacina com tecnologia mRNA para a fibrose qu\u00edstica (doen\u00e7a gen\u00e9tica, heredit\u00e1ria e que afeta sobretudo os pulm\u00f5es).\u00a0<\/p>\n<p>\u201cEm algumas doen\u00e7as raras era dif\u00edcil fazer o tratamento\u201d, mas com esta informa\u00e7\u00e3o produzida de forma personalizada e administrada no paciente, \u201c\u00e9 poss\u00edvel avan\u00e7ar\u201d para tratamentos mais eficazes, afirma Nuno Vale.<\/p>\n<blockquote>\n<p><strong>\u201cA vacina mRNA ajuda a prevenir algumas doen\u00e7as, a tratar outras. Ao fim e ao cabo estamos a criar informa\u00e7\u00e3o para que o sistema imunit\u00e1rio atue de forma precisa e r\u00e1pida e sem recorrer a tantos medicamentos\u201d<\/strong>, continua o diretor do Centro Pluridisciplinar de Medicina Personalizada da Faculdade de Medicina da Universidade do Porto (FMUP).<\/p>\n<\/blockquote>\n<p>Porta aberta para o combate a outros cancros <\/p>\n<p>Nuno Vale mant\u00e9m o entusiasmo sobre o poder do RNA mensageiro, mas, como cientista, n\u00e3o consegue n\u00e3o ver o outro lado da quest\u00e3o: se para umas doen\u00e7as \u00e9 eficaz para todos (o chamado efeito comunidade, como aconteceu com o combate ao SARS-CoV-2), no caso do cancro pode n\u00e3o ser para todos. \u201cVai ser sempre muito dif\u00edcil que estas vacinas curem todos os tumores, depende do per\u00edodo em que s\u00e3o aplicadas, da idade do paciente, do papel do sistema imunit\u00e1rio\u201d, diz. Ainda assim, aponta que este \u00e9 o caminho que a ci\u00eancia deve continuar a seguir, mesmo que estejamos \u201clonge de curas\u201d.\u00a0<\/p>\n<p>H\u00e1 dois anos, num primeiro ensaio cl\u00ednico em humanos, com apenas quatro adultos, uma vacina de mRNA contra o cancro reprogramou rapidamente o sistema imunit\u00e1rio para atacar o <a href=\"https:\/\/cnnportugal.iol.pt\/cancro\/tumor\/vacina-de-mrna-provoca-resposta-imunologica-forte-contra-tumor-cerebral\/20240501\/66325cf2d34ebf9bbb3d04d6\" target=\"_blank\" rel=\"nofollow noopener\">glioblastoma<\/a>, o tumor cerebral mais letal, revelou a Universidade da Florida, nos Estados Unidos. Os resultados do estudo reproduzem os obtidos num teste com dez c\u00e3es que tinham desenvolvido tumores cerebrais, cujos donos aprovaram a sua participa\u00e7\u00e3o dado n\u00e3o existirem outras op\u00e7\u00f5es de tratamento, bem como os de um estudo pr\u00e9-cl\u00ednico com ratos.<\/p>\n<p>Atualmente, a Moderna e a MSD\/Merck t\u00eam em andamento um outro ensaio com a mesma tecnologia mRNA da vacina contra o melanoma, desta vez focada no <a href=\"https:\/\/clinicaltrials.gov\/study\/NCT06077760\" target=\"_blank\" rel=\"nofollow noopener\">cancro do pulm\u00e3o de n\u00e3o pequenas c\u00e9lulas<\/a>. O ensaio est\u00e1 j\u00e1 na fase 3. Os cancros do pulm\u00e3o e da bexiga s\u00e3o, na verdade, dos que tamb\u00e9m beneficiam desta tecnologia, pois \u201cs\u00e3o tumores muito parecidos com o melanoma, s\u00e3o muito imun\u00f3genos, t\u00eam muitos neoantig\u00e9nios\u201d, que s\u00e3o prote\u00ednas que podem ser \u201ccolocadas na vacina e que s\u00e3o apresentadas ao sistema imunit\u00e1rio para que os linf\u00f3citos possam reconhecer estas c\u00e9lulas\u201d, matando-as, explica Patr\u00edcia Pereira, <a href=\"https:\/\/cnnportugal.iol.pt\/videos\/ipo-tambem-participou-nos-ensaios-clinicos-para-a-vacina-contra-o-melanoma-e-garante-que-resultados-parecem-ser-muito-promissores\/6a8741310cf2b42132dbe85c\" target=\"_blank\" rel=\"nofollow noopener\">investigadora principal do Ensaio Cl\u00ednico INTerpath-001<\/a>, que deu vida \u00e0 vacina contra o melanoma.<\/p>\n<p>A BioNTech tem dois ensaios em andamento, um com uma vacina contra o <a href=\"https:\/\/clinicaltrials.gov\/study\/NCT04534205\" target=\"_blank\" rel=\"nofollow noopener\">carcinoma espinocelular da cabe\u00e7a e pesco\u00e7o HPV16+<\/a> e outro para o <a href=\"https:\/\/clinicaltrials.gov\/study\/NCT05142189\" target=\"_blank\" rel=\"nofollow noopener\">cancro do pulm\u00e3o de n\u00e3o pequenas c\u00e9lulas<\/a>. Em parceria com a Genentech e Roche, a BioNTech tem ainda um ensaio para <a href=\"https:\/\/clinicaltrials.gov\/study\/NCT04486378\" target=\"_blank\" rel=\"nofollow noopener\">tumores end\u00f3crinos avan\u00e7ados<\/a>. H\u00e1 tr\u00eas anos, a farmac\u00eautica alem\u00e3 desenvolveu uma vacina contra o cancro do p\u00e2ncreas que obteve resultados muito promissores, ao ponto de ser j\u00e1 considerada &#8220;um marco&#8221; na evolu\u00e7\u00e3o da medicina e da ci\u00eancia. Os resultados do ensaio foram publicados na <a href=\"https:\/\/www.nature.com\/articles\/s41586-023-06063-y\" target=\"_blank\" rel=\"nofollow noopener\">Nature<\/a>.<\/p>\n<p>Na China s\u00e3o v\u00e1rios os ensaios com vacinas mRNA contra cancros digestivos, carcinoma hepatocelular avan\u00e7ado e colangiocarcinoma intra-hep\u00e1tico avan\u00e7ado.<\/p>\n<p>A vacina do melanoma agora noticiada destaca-se pelo elevado n\u00famero de participantes, 1.137. E este n\u00famero \u00e9, para Nuno Vale, um sinal claro da potencialidade do tratamento. \u201cPode ser uma primeira vacina de cancro? Digo que sim e num futuro pr\u00f3ximo\u201d, atesta.<\/p>\n<p>Da comunidade para o indiv\u00edduo: porque \u00e9 que \u00e9 uma tecnologia t\u00e3o promissora <\/p>\n<p>A descoberta de uma forma de RNA como chave para a produ\u00e7\u00e3o de vacinas seguras e eficazes contra a covid-19 valeu a Katalin Karik\u00f3 e a Drew Weissman o <a href=\"https:\/\/cnnportugal.iol.pt\/mrna\/vacina\/diziam-que-o-que-ela-estudava-nao-interessava-nada-e-agora-vence-o-nobel-da-medicina-todo-o-mundo-beneficiou-desta-descoberta\/20231008\/651adffed34e65afa2f5f177\" target=\"_blank\" rel=\"nofollow noopener\">Nobel da Medicina em 2024<\/a>. E foi a pr\u00f3pria covid-19 a servir de trampolim para a compreens\u00e3o de como esta tecnologia pode ser vers\u00e1til, seja para a comunidade ou para o paciente singular.<\/p>\n<p>\u201c\u00c9 como se d\u00e9ssemos ao sistema imunit\u00e1rio o mapa no qual vai talhar o seu caminho at\u00e9 ao cancro para, depois, fazer aquilo que n\u00f3s queremos, que \u00e9 elimin\u00e1-lo de forma mais eficaz\u201d. \u00c9 desta forma que a <a href=\"https:\/\/cnnportugal.iol.pt\/videos\/vacina-contra-o-melanoma-da-boas-indicacoes-e-altamente-promissor\/6a88b6410cf2b42132dbeaa4\" target=\"_blank\" rel=\"nofollow noopener\">oncologista Matilde Salgado<\/a>, diretora do Servi\u00e7o de Oncologia M\u00e9dica da Unidade Local de Sa\u00fade de Matosinhos, descreve a tecnologia mRNA.\u00a0<\/p>\n<p> <img loading=\"lazy\" decoding=\"async\" alt=\"\" height=\"667\" src=\"https:\/\/www.europesays.com\/pt\/wp-content\/uploads\/2026\/08\/6a8db3fed34e511da0b353dc.webp\" width=\"1000\"\/> <\/p>\n<p>   A bioqu\u00edmica h\u00fangaro-americana Katalin Karik\u00f3 e o m\u00e9dico-cientista norte-americano Drew Weissman foram distinguidos com o Pr\u00e9mio Nobel da Medicina pelas descobertas que permitiram a cria\u00e7\u00e3o de vacinas de mRNA contra a covid-19 e cuja tecnologia poder\u00e1 ser utilizada no futuro para desenvolver vacinas contra outras doen\u00e7as, como o cancro e o l\u00fapus. (Fotografia AP\/Matt Rourke) <\/p>\n<p>Esta vacina \u201ccompara o ADN do tumor com o ADN da parte saud\u00e1vel e s\u00e3o selecionadas todas as altera\u00e7\u00f5es que podem levar ao cancro, e \u00e9 feita uma sele\u00e7\u00e3o das que podem ser mais pass\u00edveis ao desenvolvimento da doen\u00e7a\u201d, continua a m\u00e9dica. No fundo, acrescenta, a vacina \u201cd\u00e1 uma instru\u00e7\u00e3o gen\u00e9tica para, quando \u00e9 administrada no corpo, o nosso sistema imunit\u00e1rio vai aperceber-se de que h\u00e1 ali qualquer coisa estranha e vai levar \u00e0 forma\u00e7\u00e3o de ant\u00edgenos que combatem o cancro\u201d.<\/p>\n<p>Al\u00e9m da personaliza\u00e7\u00e3o, as vacinas com mRNA destinadas ao combate ao cancro destacam-se ainda pelo baixo impacto que t\u00eam nos pacientes. Matilde Salgado destaca ainda que, por serem &#8220;muito mais personalizadas&#8221; quando comparadas com os tratamentos atualmente em vigor, &#8220;que matam n\u00e3o s\u00f3 as c\u00e9lulas malignas, como matam muitas c\u00e9lulas boas&#8221;, as vacinas acabam por &#8220;ir diretamente ao tumor, \u00e0quilo que causou o tumor&#8221; e, por isso, &#8220;esperamos ter bons resultados com toxicidades muito inferiores&#8221;, al\u00e9m de que os efeitos colaterais parecem ser menores do que as terap\u00eauticas convencionais atualmente usadas.<\/p>\n<p>No entanto, pelo menos, para j\u00e1, esta vacina n\u00e3o \u00e9 para todos. Em declara\u00e7\u00f5es \u00e0 <a href=\"https:\/\/cnnportugal.iol.pt\/videos\/ipo-tambem-participou-nos-ensaios-clinicos-para-a-vacina-contra-o-melanoma-e-garante-que-resultados-parecem-ser-muito-promissores\/6a8741310cf2b42132dbe85c\" target=\"_blank\" rel=\"nofollow noopener\">CNN Portugal<\/a>, a investigadora Patr\u00edcia Pereira destaca que estamos perante uma \u201cdescoberta importante\u201d, mas como se trata de \u201cuma vacina personalizada\u201d, considera que ser\u00e1 \u201cdif\u00edcil termos em todos os doentes\u201d. Ali\u00e1s, para o estudo em causa, &#8220;foram recrutadas sete [pessoas em Portugal], mas nem a todas se aplica esta tecnologia&#8221;, que est\u00e1 desenhada para <a href=\"https:\/\/tvi.iol.pt\/noticias\/video\/tres-doentes-do-ipo-participam-no-ensaio-clinico-revolucionario-para-testar-vacina-contra-o-melanoma\/6a8740170cf2f6a1a1e74c24\" target=\"_blank\" rel=\"nofollow noopener\">casos avan\u00e7ados de melanoma grave<\/a> e cujo tumor j\u00e1 foi retirado em cirurgia, tendo sido apenas selecionados tr\u00eas pacientes portugueses, como diz \u00e0 <a href=\"https:\/\/tvi.iol.pt\/noticias\/video\/tres-doentes-do-ipo-participam-no-ensaio-clinico-revolucionario-para-testar-vacina-contra-o-melanoma\/6a8740170cf2f6a1a1e74c24\" target=\"_blank\" rel=\"nofollow noopener\">TVI<\/a> (do mesmo grupo da CNN Portugal) Cec\u00edlia Moura, diretora do Servi\u00e7o de Dermatologia do IPO Lisboa.<\/p>\n<p>\u00c9 cara, mas tamb\u00e9m pode deixar de o ser (e bem cedo) <\/p>\n<p>Os bons resultados da vacina contra o melanoma d\u00e3o \u201calento\u201d \u00e0 comunidade m\u00e9dica, pois, at\u00e9 ent\u00e3o, \u201cn\u00e3o t\u00ednhamos grandes armas para lutar contra o melanoma\u201d, a forma mais agressiva de cancro da pele, lamenta a dermatologista <a href=\"https:\/\/cnnportugal.iol.pt\/videos\/esta-vacina-nao-previne-o-melanoma-o-que-ja-se-sabe-sobre-o-novo-tratamento-com-resultados-promissores\/6a8947870cf2f6a1a1e74e9a\" target=\"_blank\" rel=\"nofollow noopener\">Marta Ribeiro Teixeira<\/a>. No entanto, h\u00e1 um mas: os custos. \u201cEstamos a falar de medicamentos muito caros\u201d, alerta. Mas, qu\u00e3o caros? Os valores da vacina e o custo da sua produ\u00e7\u00e3o e administra\u00e7\u00e3o por paciente n\u00e3o foram ainda oficializados pela Moderna, mas h\u00e1 j\u00e1 estimativas a serem feitas. Fala-se de custos de produ\u00e7\u00e3o na ordem dos <a href=\"https:\/\/cromospharma.com\/cancer-vaccines-2025-part-i-the-mrna-revolution\/\" target=\"_blank\" rel=\"nofollow noopener\">100 mil a 300 mil euros<\/a> por paciente &#8211; valores que n\u00e3o fogem muito, por exemplo, a outras <a href=\"https:\/\/cnnportugal.iol.pt\/celulas-car-t\/cancro\/custa-350-mil-euros-e-nao-e-ainda-para-todos-os-cancros-como-funciona-a-terapia-com-celulas-car-t-usada-no-pequeno-tomas\/20230211\/63e6137c0cf2cf9224f85ef7\" target=\"_blank\" rel=\"nofollow noopener\">tecnologias promissoras, como as c\u00e9lulas CAR-T<\/a>.<\/p>\n<p>Os custos elevados prendem-se, primeiro, com o facto de, neste momento, a vacina ser apenas produzida nos Estados Unidos, mas importa destacar o moroso processo at\u00e9 que seja feita a formula\u00e7\u00e3o final para cada paciente. Primeiro \u00e9 preciso selecionar o paciente &#8211; algo que Nuno Vale acredita que poder\u00e1 ser mais r\u00e1pido e certeiro com recurso \u00e0 Intelig\u00eancia Artificial -, depois \u00e9 necess\u00e1rio oper\u00e1-lo para a recolha do tumor, seguindo-se a sequencia\u00e7\u00e3o do mesmo e a identifica\u00e7\u00e3o das muta\u00e7\u00f5es, os neoantig\u00e9nios. Depois, d\u00e1-se a sele\u00e7\u00e3o computacional dos alvos para que seja poss\u00edvel avan\u00e7ar com o desenho da sequ\u00eancia de mRNA. Estando a f\u00f3rmula\u00a0feita, segue-se o fabrico individualizado para cada doente &#8211; e s\u00f3 neste estudo foram 1.137. H\u00e1 ainda a fase de controlo de qualidade e a administra\u00e7\u00e3o de v\u00e1rias doses, neste caso, nove.<\/p>\n<p>No caso da vacina para o melanoma &#8211; e de outras para outros tumores ainda em estudo -, h\u00e1 sempre que colocar na balan\u00e7a os custos da imunoterapia, tamb\u00e9m ela uma aliada no combate ao cancro e sem a qual a vacina poderia n\u00e3o ter os efeitos desejados. &#8220;Uma vez que \u00e9 personalizada para os neoantig\u00e9nios, que s\u00e3o as prote\u00ednas anormais do melanoma daquele doente, o que acontece \u00e9 que parece que esta vacina \u00e9 sin\u00e9rgica&#8221; com a imunoterapia. \u201cParece realmente haver melhor efeito quando usamos esta vacina com a imunoterapia&#8221;, explica Patr\u00edcia Pereira, <a href=\"https:\/\/cnnportugal.iol.pt\/videos\/ipo-tambem-participou-nos-ensaios-clinicos-para-a-vacina-contra-o-melanoma-e-garante-que-resultados-parecem-ser-muito-promissores\/6a8741310cf2b42132dbe85c\" target=\"_blank\" rel=\"nofollow noopener\">investigadora principal do Ensaio Cl\u00ednico INTerpath-001<\/a>.<\/p>\n<p>\u201cSem imunoterapia, [esta vacina] n\u00e3o teria os resultados que apresentou, a imunoterapia \u00e9 fundamental para balizar o que est\u00e1 a acontecer no nosso corpo, seja alguma resist\u00eancia ou lentid\u00e3o. Os imunomoduladores s\u00e3o espec\u00edficos, a imunoterapia acaba por ser um complemento\u201d, diz Nuno Vale, vincando que \u201ca vacina s\u00f3 tem efic\u00e1cia com a coadjuvante imunomodulador\u201d.<\/p>\n<p>Segundo o diretor do Centro Pluridisciplinar de Medicina Personalizada, da FMUP, \u00e9 poss\u00edvel ter &#8220;em comum um padr\u00e3o de cancro, h\u00e1 uma informa\u00e7\u00e3o gen\u00e9tica base que n\u00e3o difere de pessoa para pessoa, depois h\u00e1 tipos de graus de tumor que devem ser acertados para cada paciente&#8221;. Mas estando a tal base feita, \u00e9 meio caminho andado para que os custos baixem, assegura. &#8220;O que poderia ser algo muito dispendioso, passa a ser mais rotineiro&#8221; e a covid-19, apesar de ter servido para uma produ\u00e7\u00e3o &#8220;para a comunidade&#8221;, &#8220;impulsionou&#8221; a redu\u00e7\u00e3o de custos associada a esta tecnologia.<\/p>\n<blockquote>\n<p><strong>\u201c\u00c9 uma tecnologia cara, mas j\u00e1 foi muito mais cara, se n\u00e3o, n\u00e3o t\u00ednhamos tantas pessoas a participar neste ensaio cl\u00ednico\u201d<\/strong>, adianta Nuno Vale, explicando que <strong>\u201ccada vez mais s\u00e3o feitas experi\u00eancias piloto para outras \u00e1reas e com isto estamos a baixar os custos de produ\u00e7\u00e3o\u201d<\/strong>.<\/p>\n<\/blockquote>\n<p>Embora reconhe\u00e7a que \u00e9 uma tecnologia para custar uns bons milhares de euros, Vale n\u00e3o hesita em dizer que &#8220;\u00e9 uma tecnologia para ser implementada&#8221; e n\u00e3o descarta a produ\u00e7\u00e3o generalizada de vacinas para o cancro, mesmo que continuem com o cunho da personaliza\u00e7\u00e3o. \u201cA ind\u00fastria quer [produzir mais]. Estamos a falar de doen\u00e7as que afetam pa\u00edses muito desenvolvidos, afetando toda a gente, a procura \u00e9 imensa. Independentemente de as pessoas terem ou n\u00e3o dinheiro, morrem de cancro, s\u00f3 isso \u00e9 motivo mais do que suficiente para que haja interesse [em produzir mais] mesmo que seja muito dispendioso, mas h\u00e1 mecanismos de gest\u00e3o de custos, o benef\u00edcio [destas vacinas] \u00e9 tremendo. Se o benef\u00edcio \u00e9 tremendo, essa dificuldade [de custos] tem de ser ultrapassada\u201d, vinca.<\/p>\n","protected":false},"excerpt":{"rendered":"A not\u00edcia da primeira vacina contra o melanoma voltou a fazer a sociedade e a comunidade m\u00e9dica sonhar&hellip;\n","protected":false},"author":2,"featured_media":505946,"comment_status":"","ping_status":"","sticky":false,"template":"","format":"standard","meta":{"footnotes":"","_share_on_mastodon":"0"},"categories":[86],"tags":[609,836,611,27,1207,607,608,333,832,604,135,610,476,301,830,116,603,570,831,833,15129,62,834,13,835,602,52,32,33,71249,117,29,81083,81084,78919],"class_list":["post-505945","post","type-post","status-publish","format-standard","has-post-thumbnail","category-saude","tag-alerta","tag-analise","tag-ao-minuto","tag-breaking-news","tag-cancro","tag-cnn","tag-cnn-portugal","tag-comentadores","tag-costa","tag-crime","tag-desporto","tag-direto","tag-economia","tag-governo","tag-guerra","tag-health","tag-justica","tag-live","tag-mais-vistas","tag-marcelo","tag-mrna","tag-mundo","tag-negocios","tag-noticias","tag-opiniao","tag-pais","tag-politica","tag-portugal","tag-pt","tag-rna-mensageiro","tag-saude","tag-ultimas","tag-vacina-contra-o-cancro","tag-vacina-melanoma","tag-vacina-mrna"],"share_on_mastodon":{"url":"https:\/\/pubeurope.com\/@pt\/117186712891559179","error":""},"_links":{"self":[{"href":"https:\/\/www.europesays.com\/pt\/wp-json\/wp\/v2\/posts\/505945","targetHints":{"allow":["GET"]}}],"collection":[{"href":"https:\/\/www.europesays.com\/pt\/wp-json\/wp\/v2\/posts"}],"about":[{"href":"https:\/\/www.europesays.com\/pt\/wp-json\/wp\/v2\/types\/post"}],"author":[{"embeddable":true,"href":"https:\/\/www.europesays.com\/pt\/wp-json\/wp\/v2\/users\/2"}],"replies":[{"embeddable":true,"href":"https:\/\/www.europesays.com\/pt\/wp-json\/wp\/v2\/comments?post=505945"}],"version-history":[{"count":0,"href":"https:\/\/www.europesays.com\/pt\/wp-json\/wp\/v2\/posts\/505945\/revisions"}],"wp:featuredmedia":[{"embeddable":true,"href":"https:\/\/www.europesays.com\/pt\/wp-json\/wp\/v2\/media\/505946"}],"wp:attachment":[{"href":"https:\/\/www.europesays.com\/pt\/wp-json\/wp\/v2\/media?parent=505945"}],"wp:term":[{"taxonomy":"category","embeddable":true,"href":"https:\/\/www.europesays.com\/pt\/wp-json\/wp\/v2\/categories?post=505945"},{"taxonomy":"post_tag","embeddable":true,"href":"https:\/\/www.europesays.com\/pt\/wp-json\/wp\/v2\/tags?post=505945"}],"curies":[{"name":"wp","href":"https:\/\/api.w.org\/{rel}","templated":true}]}}