{"id":505959,"date":"2026-08-30T22:19:39","date_gmt":"2026-08-30T22:19:39","guid":{"rendered":"https:\/\/www.europesays.com\/pt\/505959\/"},"modified":"2026-08-30T22:19:39","modified_gmt":"2026-08-30T22:19:39","slug":"ha-uma-nova-ameaca-na-economia-da-alemanha","status":"publish","type":"post","link":"https:\/\/www.europesays.com\/pt\/505959\/","title":{"rendered":"H\u00e1 uma nova amea\u00e7a na economia da Alemanha"},"content":{"rendered":"<p class=\"wp-caption-text top\"><a href=\"https:\/\/depositphotos.com\/photo\/recession-impact-on-young-man-and-society-in-germany-8639328.html\" rel=\"nofollow noopener\" data-wpel-link=\"external\" class=\"ext-link\" target=\"_blank\">vepar5 \/ depositphotos<\/a><\/p>\n<p><img loading=\"eager\" fetchpriority=\"high\" decoding=\"async\" class=\"size-kopa-image-size-3 wp-image-717608\" src=\"https:\/\/www.europesays.com\/pt\/wp-content\/uploads\/2026\/08\/dcb2950933bf094925943102941e3886-783x450.jpg\" alt=\"\" width=\"700\" height=\"402\"  \/><\/p>\n<p><strong>Infla\u00e7\u00e3o e mercado de trabalho pressionam fam\u00edlias alem\u00e3s e amea\u00e7am agravar sobre-endividamento.<\/strong><\/p>\n<p>O alerta \u00e9 da Creditreform: a Alemanha enfrenta uma nova amea\u00e7a. Trata-se de um maior <strong>sobre-endividamento<\/strong> das fam\u00edlias, impulsionado pela press\u00e3o sobre o custo de vida e pela fragilidade do mercado de trabalho.<\/p>\n<p>A Creditreform \u00e9 uma das principais empresas alem\u00e3s de informa\u00e7\u00e3o financeira. Prev\u00ea um aumento significativo do n\u00famero de consumidores que n\u00e3o v\u00e3o conseguir cumprir regularmente as suas obriga\u00e7\u00f5es financeiras. <strong>N\u00e3o v\u00e3o conseguir pagar.<\/strong><\/p>\n<p>Patrik-Ludwig Hantzsch, respons\u00e1vel pela \u00e1rea de investiga\u00e7\u00e3o econ\u00f3mica da Creditreform, considera poss\u00edvel que o n\u00famero de pessoas sobre-endividadas aumente de forma expressiva ainda neste ano, em 2026.<\/p>\n<p>\u201cOlhando para as altas press\u00f5es de custos e do fraco mercado de trabalho, acho que outro aumento significativo \u00e9 poss\u00edvel\u201d, refor\u00e7ou, no <a href=\"https:\/\/www.handelsblatt.com\/politik\/deutschland\/inflation-creditreform-warnt-vor-ueberschuldungswelle-in-deutschland\/100248547.html\" data-wpel-link=\"external\" rel=\"noopener nofollow\" class=\"ext-link\" target=\"_blank\">Handelsblatt<\/a>.<\/p>\n<p>Segundo o especialista, a combina\u00e7\u00e3o entre custos elevados e um mercado de trabalho enfraquecido est\u00e1 a reduzir a margem financeira de muitas fam\u00edlias, tornando-as mais vulner\u00e1veis a imprevistos e ao recurso ao cr\u00e9dito.<\/p>\n<p>A evolu\u00e7\u00e3o preocupa tamb\u00e9m o Governo alem\u00e3o, nomeadamente o Minist\u00e9rio Federal da Prote\u00e7\u00e3o dos Consumidores.<\/p>\n<p>Alimentos 37% mais caros<\/p>\n<p>O alerta surge num contexto em que os pre\u00e7os dos bens essenciais continuam significativamente acima dos n\u00edveis registados antes da vaga inflacionista: desde 2020 os alimentos ficaram 37% mais caros desde 2020, mostra o Servi\u00e7o Federal de Estat\u00edstica.<\/p>\n<p>O problema n\u00e3o se limita \u00e0s fam\u00edlias que j\u00e1 enfrentam dificuldades financeiras. A persist\u00eancia de despesas elevadas pode levar mais fam\u00edlias a recorrer \u00e0 poupan\u00e7a ou ao cr\u00e9dito para pagar as despesas correntes.<\/p>\n<p>Se, ao mesmo tempo, algu\u00e9m do agregado perder o emprego ou ficar com menos rendimentos, o risco de incumprimento aumenta e pode originar processos de insolv\u00eancia pessoal.<\/p>\n","protected":false},"excerpt":{"rendered":"vepar5 \/ depositphotos Infla\u00e7\u00e3o e mercado de trabalho pressionam fam\u00edlias alem\u00e3s e amea\u00e7am agravar sobre-endividamento. O alerta \u00e9&hellip;\n","protected":false},"author":2,"featured_media":505960,"comment_status":"","ping_status":"","sticky":false,"template":"","format":"standard","meta":{"footnotes":"","_share_on_mastodon":"0"},"categories":[83],"tags":[1305,88,4212,476,89,90,32,33],"class_list":["post-505959","post","type-post","status-publish","format-standard","has-post-thumbnail","category-empresas","tag-alemanha","tag-business","tag-consumo","tag-economia","tag-economy","tag-empresas","tag-portugal","tag-pt"],"share_on_mastodon":{"url":"https:\/\/pubeurope.com\/@pt\/117186787804644784","error":""},"_links":{"self":[{"href":"https:\/\/www.europesays.com\/pt\/wp-json\/wp\/v2\/posts\/505959","targetHints":{"allow":["GET"]}}],"collection":[{"href":"https:\/\/www.europesays.com\/pt\/wp-json\/wp\/v2\/posts"}],"about":[{"href":"https:\/\/www.europesays.com\/pt\/wp-json\/wp\/v2\/types\/post"}],"author":[{"embeddable":true,"href":"https:\/\/www.europesays.com\/pt\/wp-json\/wp\/v2\/users\/2"}],"replies":[{"embeddable":true,"href":"https:\/\/www.europesays.com\/pt\/wp-json\/wp\/v2\/comments?post=505959"}],"version-history":[{"count":0,"href":"https:\/\/www.europesays.com\/pt\/wp-json\/wp\/v2\/posts\/505959\/revisions"}],"wp:featuredmedia":[{"embeddable":true,"href":"https:\/\/www.europesays.com\/pt\/wp-json\/wp\/v2\/media\/505960"}],"wp:attachment":[{"href":"https:\/\/www.europesays.com\/pt\/wp-json\/wp\/v2\/media?parent=505959"}],"wp:term":[{"taxonomy":"category","embeddable":true,"href":"https:\/\/www.europesays.com\/pt\/wp-json\/wp\/v2\/categories?post=505959"},{"taxonomy":"post_tag","embeddable":true,"href":"https:\/\/www.europesays.com\/pt\/wp-json\/wp\/v2\/tags?post=505959"}],"curies":[{"name":"wp","href":"https:\/\/api.w.org\/{rel}","templated":true}]}}