{"id":50598,"date":"2025-08-29T19:29:06","date_gmt":"2025-08-29T19:29:06","guid":{"rendered":"https:\/\/www.europesays.com\/pt\/50598\/"},"modified":"2025-08-29T19:29:06","modified_gmt":"2025-08-29T19:29:06","slug":"usuarios-reclamam-de-aparencia-de-ia-nos-videos-do-youtube-shorts-coletiva-net","status":"publish","type":"post","link":"https:\/\/www.europesays.com\/pt\/50598\/","title":{"rendered":"Usu\u00e1rios reclamam de apar\u00eancia de IA nos v\u00eddeos do YouTube Shorts &#8211; Coletiva.net"},"content":{"rendered":"<ol>\n<li><a href=\"https:\/\/news.google.com\/rss\/articles\/CBMirAFBVV95cUxOLTkzWDM0d3F5U1VFTFl2NEswV1pPeHJ3R1ZJZDBia3RmRk04bS13NW5FcFpsZGluVGpxVXZBQlBoZHRlbEhNcS1kZFZXUE9EVHdGNEg3cVltdy1OUnllYWpkc2Q3UGRMNHhYSU1VUHhPNVdxN3FfeDFidng3Q2hFT0FBQV9IeW9GRGR6U083dzlIUkFITHEtLXRleVlKMi1YZE5PRDRvUlRYM0FZ?oc=5\" target=\"_blank\" rel=\"nofollow noopener\">Usu\u00e1rios reclamam de apar\u00eancia de IA nos v\u00eddeos do YouTube Shorts<\/a>&nbsp;&nbsp;Coletiva.net<\/li>\n<li><a href=\"https:\/\/news.google.com\/rss\/articles\/CBMipAFBVV95cUxNbHpSOWxZUDhxVWNqeDREU3BMSGtid0VkTFpMS2ZHQzNPQWxGbTl3SkEwd0FmTUdKYTliTmJBTnR5WU5tMFlGaWJCN2QzbVBmMHBaUE94N0FKd3BFa3NlX0dkY3U5c1hqSTlDZTkyaFNKR1BqZmFYVm5sQ1VfaVpHZ25QNGhmRm96TzJqUllSRV9JRFFuOXl5X1hyckxyUkpHYjQwUA?oc=5\" target=\"_blank\" rel=\"nofollow noopener\">YouTube altera v\u00eddeos sem avisar e usu\u00e1rios questionam apar\u00eancia de IA<\/a>&nbsp;&nbsp;Tecnoblog<\/li>\n<li><a href=\"https:\/\/news.google.com\/rss\/articles\/CBMiqgFBVV95cUxOR1Y4Z2xtdDFFMHhEZDNocDFMZFRsRUNmNk1JUFhUMEQzSklKR25nalNVRmtvanFFSnJaeGFSLUxDTjZwV1BpaG5NOFd2b1BoNkVtMkxTc1RfcGFfUjNCNFZzTHVSbGRNM3RGT3owZ0o5cDhPR0JKOVZlQ1FZTXU2dEtrd3N6dnJFYnpsdERDdURKMzBwNzFYMnlSVFRvck9RWUJnaEVRN0tiQQ?oc=5\" target=\"_blank\" rel=\"nofollow noopener\">YouTube \u00e9 criticado por usar IA sem autoriza\u00e7\u00e3o de criadores e &#8220;estragar&#8221; qualidade de v\u00eddeos<\/a>&nbsp;&nbsp;TudoCelular.com<\/li>\n<li><a href=\"https:\/\/news.google.com\/rss\/articles\/CBMiwAFBVV95cUxQMHZZNkJnOHNTRGE3Q0F5eFB4aHUtNXFZWjhOeTFKRml3Z3F6OXRDZ2hoVGRYUW5YTDBqbkc2d3FRdWVsaWt0S2ZsU1JSZWYweVlER0Z3X1BLZDVHQlh1b1loUzMyd1BaOEFqOVphMTc3MjVEaXdrVDlDWFRaTUlPV0JPeGtSN3dXSXhOVVFpX3pDb3dkWFMyZUxQYTR5TGF6cXhwdWUySDN4Vm1IZ0tlLVJBdmdrZjNjQjZRTWk5T1g?oc=5\" target=\"_blank\" rel=\"nofollow noopener\">Voc\u00ea notou algum v\u00eddeo estranho no YouTube? O Google est\u00e1 editando-os secretamente com a ajuda da IA.<\/a>&nbsp;&nbsp;Samsung Magazine<\/li>\n<li><a href=\"https:\/\/news.google.com\/rss\/articles\/CBMi5wFBVV95cUxOcS1PNXBqcUVEdzVFNGJHWGQ3dndWblV6XzI2OWJ3OEItTlQ0cFJrUXBjejBuUVd6N1BtSFc2QkJmNWlyR1BVWEo0ZU9HVUNBbmlfbnB2cnl5QkFSVHVIaFlESFhEdEFVdkF6VXdtc21VWkZMc3hTUG5VNTNnQlo4ODNnSDRkZnVMbVVlZW5YRFJLNXdra3pXZVdjVUEyOWdsWkVZb0dTbXhUNGFnY3I5UjlPR1N1NXdlemZhNkk5YkVnUHdxVXU1WFppMEVyRVVPc0JraEp6OTd4RzB5bjN0bE1CX29yS0k?oc=5\" target=\"_blank\" rel=\"nofollow noopener\">O Google est\u00e1 treinando suas ferramentas de IA nos v\u00eddeos do YouTube. Esses criadores n\u00e3o est\u00e3o felizes<\/a>&nbsp;&nbsp;bahiaverdade.com.br<\/li>\n<\/ol>\n","protected":false},"excerpt":{"rendered":"Usu\u00e1rios reclamam de apar\u00eancia de IA nos v\u00eddeos do YouTube Shorts&nbsp;&nbsp;Coletiva.net YouTube altera v\u00eddeos sem avisar e usu\u00e1rios&hellip;\n","protected":false},"author":2,"featured_media":33109,"comment_status":"","ping_status":"","sticky":false,"template":"","format":"standard","meta":{"footnotes":""},"categories":[84],"tags":[109,107,108,10179,1044,42,32,33,105,103,104,106,110],"class_list":{"0":"post-50598","1":"post","2":"type-post","3":"status-publish","4":"format-standard","5":"has-post-thumbnail","7":"category-ciencia-e-tecnologia","8":"tag-ciencia","9":"tag-ciencia-e-tecnologia","10":"tag-cienciaetecnologia","11":"tag-coletiva","12":"tag-comunicacao","13":"tag-mercado","14":"tag-portugal","15":"tag-pt","16":"tag-science","17":"tag-science-and-technology","18":"tag-scienceandtechnology","19":"tag-technology","20":"tag-tecnologia"},"share_on_mastodon":{"url":"","error":""},"_links":{"self":[{"href":"https:\/\/www.europesays.com\/pt\/wp-json\/wp\/v2\/posts\/50598","targetHints":{"allow":["GET"]}}],"collection":[{"href":"https:\/\/www.europesays.com\/pt\/wp-json\/wp\/v2\/posts"}],"about":[{"href":"https:\/\/www.europesays.com\/pt\/wp-json\/wp\/v2\/types\/post"}],"author":[{"embeddable":true,"href":"https:\/\/www.europesays.com\/pt\/wp-json\/wp\/v2\/users\/2"}],"replies":[{"embeddable":true,"href":"https:\/\/www.europesays.com\/pt\/wp-json\/wp\/v2\/comments?post=50598"}],"version-history":[{"count":0,"href":"https:\/\/www.europesays.com\/pt\/wp-json\/wp\/v2\/posts\/50598\/revisions"}],"wp:featuredmedia":[{"embeddable":true,"href":"https:\/\/www.europesays.com\/pt\/wp-json\/wp\/v2\/media\/33109"}],"wp:attachment":[{"href":"https:\/\/www.europesays.com\/pt\/wp-json\/wp\/v2\/media?parent=50598"}],"wp:term":[{"taxonomy":"category","embeddable":true,"href":"https:\/\/www.europesays.com\/pt\/wp-json\/wp\/v2\/categories?post=50598"},{"taxonomy":"post_tag","embeddable":true,"href":"https:\/\/www.europesays.com\/pt\/wp-json\/wp\/v2\/tags?post=50598"}],"curies":[{"name":"wp","href":"https:\/\/api.w.org\/{rel}","templated":true}]}}