{"id":505999,"date":"2026-08-30T23:14:21","date_gmt":"2026-08-30T23:14:21","guid":{"rendered":"https:\/\/www.europesays.com\/pt\/505999\/"},"modified":"2026-08-30T23:14:21","modified_gmt":"2026-08-30T23:14:21","slug":"sporting-faz-desconto-brutal-e-deixa-sair-jogador-por-39m-abaixo-do-valor-da-clausula","status":"publish","type":"post","link":"https:\/\/www.europesays.com\/pt\/505999\/","title":{"rendered":"Sporting faz desconto brutal e deixa sair jogador por 39M abaixo do valor da cl\u00e1usula"},"content":{"rendered":"<p>A<a href=\"https:\/\/pt.wikipedia.org\/wiki\/Futebol_feminino_do_Sporting_Clube_de_Portugal\" target=\"_blank\" rel=\"nofollow noopener\"> equipa feminina do Sporting<\/a><b>\u00a0bateu o Real Massam\u00e1 por 3-0.<\/b> Num encontro realizado \u00e0 porta fechada, em Palmela, o duelo serviu para testar diferentes solu\u00e7\u00f5es, depois de as leoas falharem a qualifica\u00e7\u00e3o para a <a href=\"https:\/\/pt.uefa.com\/womenschampionsleague\/\" target=\"_blank\" rel=\"nofollow noopener\">Liga dos Campe\u00f5es<\/a>, ap\u00f3s desaire frente ao St. Polten 1-1\u00a0(4-1 g.p.).<\/p>\n<p><\/p>\n<p><b>A superioridade ficou traduzida no marcador ainda durante a primeira parte<\/b>. Telma Encarna\u00e7\u00e3o esteve em destaque ao apontar dois dos tr\u00eas golos, enquanto <a href=\"https:\/\/www.instagram.com\/florbonse\/\" target=\"_blank\" rel=\"nofollow noopener\">Flor Bonsegundo<\/a> tamb\u00e9m deixou a sua marca, permitindo \u00e0s verdes e brancas chegar ao intervalo com uma vantagem confort\u00e1vel.<\/p>\n<p>O encontro foi igualmente aproveitado pela equipa t\u00e9cnica para dar minutos a v\u00e1rias jogadoras. <b>Na primeira parte, Micael Sequeira apostou num onze composto por <\/b>Cassie Coster, Emma Ram\u00edrez, \u00c9rica Cancelinha, Georgia Eaton-Collins, Madalena Marau, Andreia Bravo, Jeneva Gray, Neuza Besugo, Miri O&#8217;Donnell, Flor Bonsegundo e Telma Encarna\u00e7\u00e3o.<\/p>\n<p><\/p>\n<p>Ap\u00f3s o intervalo, <b>houve uma verdadeira revolu\u00e7\u00e3o na equipa, com a entrada de<\/b> T\u00e2nia Rodrigues, Mackenzie Cherry, Ashley Barron, \u00c1gata Filipa, Brenda P\u00e9rez, Joana Martins, Carla Armengol, Cl\u00e1udia Neto, Ana Dias e Ma\u00edsa Correia. Carol Alves, que j\u00e1 tinha substitu\u00eddo Cassie Coster durante a primeira parte, permaneceu em campo, enquanto Julia Wozniak e Carolina Santiago tamb\u00e9m tiveram oportunidade de participar.<\/p>\n<p>Com o 3-0 j\u00e1 constru\u00eddo na primeira metade, o resultado n\u00e3o sofreu altera\u00e7\u00f5es at\u00e9 ao apito final. <b>O Sporting prossegue, assim, a prepara\u00e7\u00e3o para a nova \u00e9poca com mais um teste ultrapassado<\/b>, tendo a estreia oficial na Liga 2026\/27 marcada para 12 de setembro.<\/p>\n<p><\/p>\n<p>                                                                                <script async src=\"\/\/www.instagram.com\/embed.js\"><\/script><\/p>\n","protected":false},"excerpt":{"rendered":"A equipa feminina do Sporting\u00a0bateu o Real Massam\u00e1 por 3-0. Num encontro realizado \u00e0 porta fechada, em Palmela,&hellip;\n","protected":false},"author":2,"featured_media":506000,"comment_status":"","ping_status":"","sticky":false,"template":"","format":"standard","meta":{"footnotes":"","_share_on_mastodon":"0"},"categories":[87],"tags":[135,32,33,34,134],"class_list":["post-505999","post","type-post","status-publish","format-standard","has-post-thumbnail","category-desporto","tag-desporto","tag-portugal","tag-pt","tag-sporting","tag-sports"],"share_on_mastodon":{"url":"https:\/\/pubeurope.com\/@pt\/117187003220893097","error":""},"_links":{"self":[{"href":"https:\/\/www.europesays.com\/pt\/wp-json\/wp\/v2\/posts\/505999","targetHints":{"allow":["GET"]}}],"collection":[{"href":"https:\/\/www.europesays.com\/pt\/wp-json\/wp\/v2\/posts"}],"about":[{"href":"https:\/\/www.europesays.com\/pt\/wp-json\/wp\/v2\/types\/post"}],"author":[{"embeddable":true,"href":"https:\/\/www.europesays.com\/pt\/wp-json\/wp\/v2\/users\/2"}],"replies":[{"embeddable":true,"href":"https:\/\/www.europesays.com\/pt\/wp-json\/wp\/v2\/comments?post=505999"}],"version-history":[{"count":0,"href":"https:\/\/www.europesays.com\/pt\/wp-json\/wp\/v2\/posts\/505999\/revisions"}],"wp:featuredmedia":[{"embeddable":true,"href":"https:\/\/www.europesays.com\/pt\/wp-json\/wp\/v2\/media\/506000"}],"wp:attachment":[{"href":"https:\/\/www.europesays.com\/pt\/wp-json\/wp\/v2\/media?parent=505999"}],"wp:term":[{"taxonomy":"category","embeddable":true,"href":"https:\/\/www.europesays.com\/pt\/wp-json\/wp\/v2\/categories?post=505999"},{"taxonomy":"post_tag","embeddable":true,"href":"https:\/\/www.europesays.com\/pt\/wp-json\/wp\/v2\/tags?post=505999"}],"curies":[{"name":"wp","href":"https:\/\/api.w.org\/{rel}","templated":true}]}}