{"id":506005,"date":"2026-08-30T23:21:14","date_gmt":"2026-08-30T23:21:14","guid":{"rendered":"https:\/\/www.europesays.com\/pt\/506005\/"},"modified":"2026-08-30T23:21:14","modified_gmt":"2026-08-30T23:21:14","slug":"ii-liga-fc-porto-b-volta-a-perder-nel-salva-sporting-b-e-e-expulso","status":"publish","type":"post","link":"https:\/\/www.europesays.com\/pt\/506005\/","title":{"rendered":"II Liga: FC Porto B volta a perder, Nel salva Sporting B (e \u00e9 expulso)"},"content":{"rendered":"<p><a href=\"https:\/\/maisfutebol.iol.pt\/ii-liga\/amarante\/ii-liga-benfica-b-perde-com-o-amarante-e-falha-ataque-ao-primeiro-lugar\" rel=\"nofollow noopener\" target=\"_blank\">J\u00e1 depois do Benfica B ter falhado o assalto \u00e0 lideran\u00e7a da II Liga<\/a>, o FC Porto B voltou a perder no campeonato, enquanto Rafael Nel salvou o Sporting B da derrota (acabando expulso).<\/p>\n<p>Os azuis e brancos perderam na rece\u00e7\u00e3o por <a href=\"https:\/\/maisfutebol.iol.pt\/jogo\/fc-porto-b\/penafiel\/13838617\" rel=\"nofollow noopener\" target=\"_blank\">3-0<\/a> ao Penafiel, numa primeira parte para esquecer dos pupilos de Jo\u00e3o Brand\u00e3o.\u00a0<\/p>\n<p>A forma\u00e7\u00e3o visitante rapidamente imp\u00f4s o seu estilo de jogo, chegando ao golo por Svensson (5m) e Jo\u00e3o Pinto (35m). No segundo tempo, Gon\u00e7alo Negr\u00e3o sentenciou o resultado aos 50 minutos. Os drag\u00f5es, por outro lado, n\u00e3o se mostraram capazes de reagir \u00e0 desvantagem no marcador.<\/p>\n<p>J\u00e1 o Sporting B venceu na rece\u00e7\u00e3o ao Farense por <a href=\"https:\/\/maisfutebol.iol.pt\/jogo\/sporting-b\/farense\/13838615\" rel=\"nofollow noopener\" target=\"_blank\">2-1<\/a>. Assistido por Rodrigo Dias, Mauro Couto fez o golo para a forma\u00e7\u00e3o leonina a fechar a primeira parte do encontro (44m).\u00a0No segundo tempo, o Farense chegou ao empate, por interm\u00e9dio de Derick Poloni, aos 68 minutos.<\/p>\n<p>Mesmo em cima do apito final, a turma de Tiago Fernandes &#8211; j\u00e1 em vantagem num\u00e9rica depois da expuls\u00e3o de Cl\u00e1udio Falc\u00e3o aos 84 minutos &#8211; chegou ao golo da vit\u00f3ria por interm\u00e9dio de Rafael Nel, que n\u00e3o desperdi\u00e7ou a grande penalidade. O avan\u00e7ado, que brilhou durante a pr\u00e9-\u00e9poca da equipa principal dos le\u00f5es, picou-se com um dos advers\u00e1rios durante os festejos e foi expulso na sequ\u00eancia do segundo amarelo.<\/p>\n<p>Noutros jogos do dia, o AFS venceu por <a href=\"https:\/\/maisfutebol.iol.pt\/jogo\/avs\/feirense\/13838621\" rel=\"nofollow noopener\" target=\"_blank\">2-0<\/a> diante do Feirense. Depois de uma primeira parte sem golos, a forma\u00e7\u00e3o orientada por S\u00e9rgio Fonseca afinou a pontaria. Andr\u00e9 (59m) e Rodrigo Pinho (90+6m).<\/p>\n<p>Por fim, mas n\u00e3o menos importante, o Felgueiras venceu o Chaves por <a href=\"https:\/\/maisfutebol.iol.pt\/jogo\/felgueiras-1932\/chaves\/13838619\" rel=\"nofollow noopener\" target=\"_blank\">2-1<\/a>. Dudu Cruz (40m) e Rivas (48m) marcaram os golos para a forma\u00e7\u00e3o da casa, enquanto Andr\u00e9 Rodrigues, aos 63 minutos, reduziu para os visitante.<\/p>\n<p>Contudo, o tento do avan\u00e7ado portugu\u00eas n\u00e3o foi suficiente para chegar ao empate.<\/p>\n","protected":false},"excerpt":{"rendered":"J\u00e1 depois do Benfica B ter falhado o assalto \u00e0 lideran\u00e7a da II Liga, o FC Porto B&hellip;\n","protected":false},"author":2,"featured_media":506006,"comment_status":"","ping_status":"","sticky":false,"template":"","format":"standard","meta":{"footnotes":"","_share_on_mastodon":"0"},"categories":[8],"tags":[27,28,282,2421,15,16,14,5919,25,26,21,22,46,12,13,19,20,32,23,24,33,47,6081,5434,5920,34,1970,17,18,29,30,31],"class_list":["post-506005","post","type-post","status-publish","format-standard","has-post-thumbnail","category-principais-noticias","tag-breaking-news","tag-breakingnews","tag-fc-porto","tag-fc-porto-b","tag-featured-news","tag-featurednews","tag-headlines","tag-ii-liga","tag-latest-news","tag-latestnews","tag-main-news","tag-mainnews","tag-maisfutebol","tag-news","tag-noticias","tag-noticias-principais","tag-noticiasprincipais","tag-portugal","tag-principais-noticias","tag-principaisnoticias","tag-pt","tag-pura-paixao","tag-resultado","tag-resultados-hoje","tag-resultados-maisfutebol","tag-sporting","tag-sporting-b","tag-top-stories","tag-topstories","tag-ultimas","tag-ultimas-noticias","tag-ultimasnoticias"],"share_on_mastodon":{"url":"","error":"Validation failed: Text character limit of 500 exceeded"},"_links":{"self":[{"href":"https:\/\/www.europesays.com\/pt\/wp-json\/wp\/v2\/posts\/506005","targetHints":{"allow":["GET"]}}],"collection":[{"href":"https:\/\/www.europesays.com\/pt\/wp-json\/wp\/v2\/posts"}],"about":[{"href":"https:\/\/www.europesays.com\/pt\/wp-json\/wp\/v2\/types\/post"}],"author":[{"embeddable":true,"href":"https:\/\/www.europesays.com\/pt\/wp-json\/wp\/v2\/users\/2"}],"replies":[{"embeddable":true,"href":"https:\/\/www.europesays.com\/pt\/wp-json\/wp\/v2\/comments?post=506005"}],"version-history":[{"count":0,"href":"https:\/\/www.europesays.com\/pt\/wp-json\/wp\/v2\/posts\/506005\/revisions"}],"wp:featuredmedia":[{"embeddable":true,"href":"https:\/\/www.europesays.com\/pt\/wp-json\/wp\/v2\/media\/506006"}],"wp:attachment":[{"href":"https:\/\/www.europesays.com\/pt\/wp-json\/wp\/v2\/media?parent=506005"}],"wp:term":[{"taxonomy":"category","embeddable":true,"href":"https:\/\/www.europesays.com\/pt\/wp-json\/wp\/v2\/categories?post=506005"},{"taxonomy":"post_tag","embeddable":true,"href":"https:\/\/www.europesays.com\/pt\/wp-json\/wp\/v2\/tags?post=506005"}],"curies":[{"name":"wp","href":"https:\/\/api.w.org\/{rel}","templated":true}]}}