{"id":506037,"date":"2026-08-31T00:09:16","date_gmt":"2026-08-31T00:09:16","guid":{"rendered":"https:\/\/www.europesays.com\/pt\/506037\/"},"modified":"2026-08-31T00:09:16","modified_gmt":"2026-08-31T00:09:16","slug":"heart-of-the-beast-temos-convites-duplos-para-a-antestreia-do-filme-com-brad-pitt","status":"publish","type":"post","link":"https:\/\/www.europesays.com\/pt\/506037\/","title":{"rendered":"Heart of the Beast | Temos convites duplos para a antestreia do filme com Brad Pitt"},"content":{"rendered":"<p>\u201cHeart of the Beast: Her\u00f3is Insepar\u00e1veis\u201d, com Brad Pitt e J.K. Simmons, chega \u00e0s salas de cinema nacionais a 24 de setembro.<\/p>\n<p>Sinopse: Ap\u00f3s um dram\u00e1tico acidente de avi\u00e3o, o oficial das For\u00e7as Especiais James Belmont (<a href=\"https:\/\/www.magazine-hd.com\/apps\/wp\/f1-filme-mais-lucrativo-brad-pitt-top-da-apple-tv-portugal\/\" target=\"_blank\" rel=\"noopener nofollow\">Brad Pitt<\/a>) e o seu c\u00e3o de combate, Odin, ficam isolados no cora\u00e7\u00e3o da natureza selvagem do Alasca. Juntos, ter\u00e3o de enfrentar condi\u00e7\u00f5es extremas e lutar pela sobreviv\u00eancia.<\/p>\n<p>Do aclamado realizador <a href=\"https:\/\/www.magazine-hd.com\/apps\/wp\/david-ayer-suicide-squad-projeto\/\" target=\"_blank\" rel=\"noopener nofollow\">David Ayer<\/a>, \u201c<a href=\"https:\/\/www.magazine-hd.com\/filme\/heart-of-the-beast-herois-inseparaveis\" target=\"_blank\" rel=\"noopener nofollow\">Heart of the Beast \u2013 Her\u00f3is Insepar\u00e1veis<\/a>\u201d \u00e9 um thriller de aventura intenso e emocionante sobre que explora o v\u00ednculo inquebr\u00e1vel entre um homem e o seu melhor amigo enquanto enfrentam a batalha mais dif\u00edcil das suas vidas.<\/p>\n<p><img loading=\"lazy\" decoding=\"async\" class=\"wp-image-783489 aligncenter\" src=\"https:\/\/www.europesays.com\/pt\/wp-content\/uploads\/2026\/08\/heart-of-the-beast-herois-inseparaveis-poster.webp\" alt=\"Heart of the Beast Her\u00f3is Insepar\u00e1veis\" width=\"500\" height=\"625\"  \/><\/p>\n<p>            <img decoding=\"async\" src=\"https:\/\/www.europesays.com\/pt\/wp-content\/uploads\/2026\/08\/heart-of-the-beast-herois-inseparaveis.jpg\" alt=\"Heart of the Beast - Her\u00f3is Insepar\u00e1veis\"\/><\/p>\n<p>\n                &#8220;Heart of the Beast &#8211; Her\u00f3is Insepar\u00e1veis&#8221;\n            <\/p>\n<p style=\"text-align: center;\">#HeartOfTheBeastFilme<\/p>\n<p>Heart of the Beast: Her\u00f3is Insepar\u00e1veis | Passatempo MHD<\/p>\n<p style=\"text-align: justify;\">A MagazineHD, em parceria com a Paramount Pictures e NOS Audiovisuais, tem para oferecer 10 convites duplos para a antestreia de <strong>\u201cHeart of the Beast: Her\u00f3is Insepar\u00e1veis\u201d<\/strong>, com Brad Pitt no principal papel. Para te habilitares a um destes pr\u00e9mios basta fazer <strong>Follow no Instagram da\u00a0<a href=\"https:\/\/www.instagram.com\/magazine.hd\/\" target=\"_blank\" rel=\"noopener nofollow\">Magazine.HD<\/a> e <a href=\"https:\/\/www.instagram.com\/paramountpicturespt\/\" target=\"_blank\" rel=\"noopener nofollow\">Paramount Pictures Portugal<\/a>,<\/strong>\u00a0e\u00a0preencher os dados requeridos no\u00a0<a href=\"https:\/\/www.magazine-hd.com\/apps\/wp\/heart-of-the-beast-herois-inseparaveis-convites-antestreia-filme-brad-pitt\/\" target=\"_blank\" rel=\"noopener noreferrer nofollow\"><strong>Formul\u00e1rio de Participa\u00e7\u00e3o<\/strong><\/a>\u00a0at\u00e9\u00a0<strong>21 de setembro<\/strong>.<\/p>\n<ul>\n<li style=\"list-style-type: none;\">\n<ul>\n<li><strong>Lisboa \u2013 Cinemas UCI El Corte Ingl\u00e9s, dia 22 de janeiro (ter\u00e7a-feira), pelas 21h30<\/strong>\u00a0\u2013 5 convites duplos<\/li>\n<li><strong>Porto \u2013 Cinemas UCI Arr\u00e1bida 20, dia 22 de janeiro (ter\u00e7a-feira), pelas 21h30 <\/strong>\u2013 5 convites duplos<\/li>\n<\/ul>\n<\/li>\n<\/ul>\n<p>Formul\u00e1rio:<\/p>\n<p>Importante<\/p>\n<ul style=\"text-align: center;\">\n<li style=\"text-align: justify;\">Para a atribui\u00e7\u00e3o de qualquer pr\u00e9mio, designadamente convites, dvds, blu-rays, cds, jogos ou livros, ser\u00e3o apenas consideradas participa\u00e7\u00f5es v\u00e1lidas, aquelas que incluam os dados pessoais solicitados, al\u00e9m da indica\u00e7\u00e3o das respostas certas.<\/li>\n<li style=\"text-align: justify;\">O evento \u00e9 privado, sendo que a admiss\u00e3o pode ser vetada pelos respons\u00e1veis do evento, a qualquer momento do evento.<\/li>\n<li style=\"text-align: justify;\">S\u00f3 \u00e9 v\u00e1lida uma participa\u00e7\u00e3o por pessoa. As participa\u00e7\u00f5es repetidas (com o mesmo e-mail ou cart\u00e3o do cidad\u00e3o) ser\u00e3o ANULADAS.\u00a0No caso do passatempo incluir mais do que um pr\u00e9mio, o leitor pode ter uma participa\u00e7\u00e3o por pr\u00e9mio. Por exemplo, havendo antestreia do filme em Lisboa e no Porto, o leitor pode participar uma vez para Lisboa, e uma vez para o Porto. Contudo, \u00e9 necess\u00e1rio ter em aten\u00e7\u00e3o que o participante n\u00e3o ser\u00e1 vencedor de mais do que um pr\u00e9mio. Por exemplo, se ele receber o bilhete duplo para a antestreia no Porto, ele n\u00e3o poder\u00e1 ir \u00e0 antestreia de Lisboa, e vice-versa.<\/li>\n<li style=\"text-align: justify;\">No local de levantamento do convite, pode ser pedido pelo Cinema exibidor, identifica\u00e7\u00e3o via documento adequado designadamente cart\u00e3o de cidad\u00e3o. S\u00f3 s\u00e3o consideradas participa\u00e7\u00f5es com nome completo.<\/li>\n<li style=\"text-align: justify;\">Os convites s\u00e3o pessoais e intransmiss\u00edveis, sendo que s\u00f3 podem ser levantados pelos pr\u00f3prios vencedores mediante a apresenta\u00e7\u00e3o de um documento de identifica\u00e7\u00e3o dentro do prazo de validade. N\u00e3o existe op\u00e7\u00e3o de fornecer \u201cautoriza\u00e7\u00f5es\u201d para levantamento.<\/li>\n<li style=\"text-align: justify;\">As desist\u00eancias de \u00faltima hora \u00e0s antestreias ser\u00e3o penalizadas. Apenas deve concorrer quem sabe ir poder usufruir, pois o contr\u00e1rio prejudica o Distribuidor Sponsor do passatempo, o Cinema exibidor, a MHD e os restantes participantes que poderiam ter usufru\u00eddo desse pr\u00e9mio.<\/li>\n<li style=\"text-align: justify;\">Salvo indica\u00e7\u00e3o expressa em contr\u00e1rio, os portes de envio n\u00e3o est\u00e3o inclu\u00eddos.<\/li>\n<li style=\"text-align: justify;\">A participa\u00e7\u00e3o neste passatempo pressup\u00f5e que o seu titular aceita lhe seja enviada a nossa Newsletter informativa e de aviso sobre outros passatempos.<\/li>\n<\/ul>\n<p>\u00a92026 Paramount Pictures.<\/p>\n<p>\t\t\t\t<script async src=\"\/\/www.instagram.com\/embed.js\"><\/script><\/p>\n","protected":false},"excerpt":{"rendered":"\u201cHeart of the Beast: Her\u00f3is Insepar\u00e1veis\u201d, com Brad Pitt e J.K. Simmons, chega \u00e0s salas de cinema nacionais&hellip;\n","protected":false},"author":2,"featured_media":506038,"comment_status":"","ping_status":"","sticky":false,"template":"","format":"standard","meta":{"footnotes":"","_share_on_mastodon":"0"},"categories":[140],"tags":[8151,12964,114,115,147,148,59375,81095,81096,146,81097,15006,32,33],"class_list":["post-506037","post","type-post","status-publish","format-standard","has-post-thumbnail","category-filmes","tag-brad-pitt","tag-david-ayer","tag-entertainment","tag-entretenimento","tag-film","tag-filmes","tag-heart-of-the-beast","tag-heart-of-the-beast-herois-inseparaveis","tag-herois-inseparaveis","tag-movies","tag-nos-audiovisuais","tag-paramount-pictures","tag-portugal","tag-pt"],"share_on_mastodon":{"url":"https:\/\/pubeurope.com\/@pt\/117187220464535394","error":""},"_links":{"self":[{"href":"https:\/\/www.europesays.com\/pt\/wp-json\/wp\/v2\/posts\/506037","targetHints":{"allow":["GET"]}}],"collection":[{"href":"https:\/\/www.europesays.com\/pt\/wp-json\/wp\/v2\/posts"}],"about":[{"href":"https:\/\/www.europesays.com\/pt\/wp-json\/wp\/v2\/types\/post"}],"author":[{"embeddable":true,"href":"https:\/\/www.europesays.com\/pt\/wp-json\/wp\/v2\/users\/2"}],"replies":[{"embeddable":true,"href":"https:\/\/www.europesays.com\/pt\/wp-json\/wp\/v2\/comments?post=506037"}],"version-history":[{"count":0,"href":"https:\/\/www.europesays.com\/pt\/wp-json\/wp\/v2\/posts\/506037\/revisions"}],"wp:featuredmedia":[{"embeddable":true,"href":"https:\/\/www.europesays.com\/pt\/wp-json\/wp\/v2\/media\/506038"}],"wp:attachment":[{"href":"https:\/\/www.europesays.com\/pt\/wp-json\/wp\/v2\/media?parent=506037"}],"wp:term":[{"taxonomy":"category","embeddable":true,"href":"https:\/\/www.europesays.com\/pt\/wp-json\/wp\/v2\/categories?post=506037"},{"taxonomy":"post_tag","embeddable":true,"href":"https:\/\/www.europesays.com\/pt\/wp-json\/wp\/v2\/tags?post=506037"}],"curies":[{"name":"wp","href":"https:\/\/api.w.org\/{rel}","templated":true}]}}