{"id":506041,"date":"2026-08-31T00:17:35","date_gmt":"2026-08-31T00:17:35","guid":{"rendered":"https:\/\/www.europesays.com\/pt\/506041\/"},"modified":"2026-08-31T00:17:35","modified_gmt":"2026-08-31T00:17:35","slug":"montenegro-anuncia-criacao-de-universidade-de-braganca-e-norte-interior-economia","status":"publish","type":"post","link":"https:\/\/www.europesays.com\/pt\/506041\/","title":{"rendered":"Montenegro anuncia cria\u00e7\u00e3o de Universidade de Bragan\u00e7a e Norte Interior &#8211; Economia"},"content":{"rendered":"<p class=\"\">&#13;<br \/>\n        O presidente do PSD e primeiro-ministro anunciou este domingo, 30 de agosto, a <b>cria\u00e7\u00e3o de uma nova Universidade de Bragan\u00e7a e do Norte Interior e um novo regime de autonomia e governa\u00e7\u00e3o das escolas<\/b>, numa interven\u00e7\u00e3o totalmente centrada na educa\u00e7\u00e3o e na ci\u00eancia.&#13;\n    <\/p>\n<p class=\"\">&#13;<br \/>\n        &#8220;Eu j\u00e1 sei que muitos v\u00e3o dizer, mal acabe de falar, que eu n\u00e3o falei do caso A, da situa\u00e7\u00e3o B ou da oposi\u00e7\u00e3o C. At\u00e9 prevejo que muitos dir\u00e3o que fugi de falar isto ou daquilo. Podem dizer o que quiserem, isso \u00e9 democracia, mas eu tamb\u00e9m disse o que quis, e isso tamb\u00e9m \u00e9 democracia&#8221;, afirmou Lu\u00eds Montenegro.&#13;\n    <\/p>\n<p class=\"\">&#13;<br \/>\n        O primeiro-ministro encerrou hoje a 22.\u00aa edi\u00e7\u00e3o da Universidade de Ver\u00e3o do PSD, iniciativa de forma\u00e7\u00e3o de jovens quadros, que decorre desde segunda-feira em Castelo de Vide (distrito de Portalegre), numa interven\u00e7\u00e3o a que assistiu o secret\u00e1rio-geral e l\u00edder parlamentar do PSD, Hugo Soares.&#13;\n    <\/p>\n<p class=\"\">&#13;<br \/>\n        <b>O discurso, de mais de 40 minutos, foi totalmente centrado \u00e0s \u00e1reas da educa\u00e7\u00e3o<\/b>, da ci\u00eancia e da inova\u00e7\u00e3o, sem qualquer refer\u00eancia \u00e0 amea\u00e7a da mo\u00e7\u00e3o de censura do Chega ao Governo, e com cr\u00edticas \u00e0 oposi\u00e7\u00e3o apenas centradas no que os anteriores executivos do PS deixaram por fazer nestes setores.&#13;\n    <\/p>\n","protected":false},"excerpt":{"rendered":"&#13; O presidente do PSD e primeiro-ministro anunciou este domingo, 30 de agosto, a cria\u00e7\u00e3o de uma nova&hellip;\n","protected":false},"author":2,"featured_media":506042,"comment_status":"","ping_status":"","sticky":false,"template":"","format":"standard","meta":{"footnotes":"","_share_on_mastodon":"0"},"categories":[8],"tags":[1450,27,28,1436,1736,109,107,13785,15,16,14,25,26,1447,21,22,12,13,19,20,18750,32,23,24,33,17,18,29,30,31],"class_list":["post-506041","post","type-post","status-publish","format-standard","has-post-thumbnail","category-principais-noticias","tag-braganca","tag-breaking-news","tag-breakingnews","tag-censura-e-liberdade-de-expressao","tag-chega","tag-ciencia","tag-ciencia-e-tecnologia","tag-criacao","tag-featured-news","tag-featurednews","tag-headlines","tag-latest-news","tag-latestnews","tag-luis-montenegro","tag-main-news","tag-mainnews","tag-news","tag-noticias","tag-noticias-principais","tag-noticiasprincipais","tag-partido-social-democrata","tag-portugal","tag-principais-noticias","tag-principaisnoticias","tag-pt","tag-top-stories","tag-topstories","tag-ultimas","tag-ultimas-noticias","tag-ultimasnoticias"],"share_on_mastodon":{"url":"","error":"Validation failed: Text character limit of 500 exceeded"},"_links":{"self":[{"href":"https:\/\/www.europesays.com\/pt\/wp-json\/wp\/v2\/posts\/506041","targetHints":{"allow":["GET"]}}],"collection":[{"href":"https:\/\/www.europesays.com\/pt\/wp-json\/wp\/v2\/posts"}],"about":[{"href":"https:\/\/www.europesays.com\/pt\/wp-json\/wp\/v2\/types\/post"}],"author":[{"embeddable":true,"href":"https:\/\/www.europesays.com\/pt\/wp-json\/wp\/v2\/users\/2"}],"replies":[{"embeddable":true,"href":"https:\/\/www.europesays.com\/pt\/wp-json\/wp\/v2\/comments?post=506041"}],"version-history":[{"count":0,"href":"https:\/\/www.europesays.com\/pt\/wp-json\/wp\/v2\/posts\/506041\/revisions"}],"wp:featuredmedia":[{"embeddable":true,"href":"https:\/\/www.europesays.com\/pt\/wp-json\/wp\/v2\/media\/506042"}],"wp:attachment":[{"href":"https:\/\/www.europesays.com\/pt\/wp-json\/wp\/v2\/media?parent=506041"}],"wp:term":[{"taxonomy":"category","embeddable":true,"href":"https:\/\/www.europesays.com\/pt\/wp-json\/wp\/v2\/categories?post=506041"},{"taxonomy":"post_tag","embeddable":true,"href":"https:\/\/www.europesays.com\/pt\/wp-json\/wp\/v2\/tags?post=506041"}],"curies":[{"name":"wp","href":"https:\/\/api.w.org\/{rel}","templated":true}]}}