{"id":50605,"date":"2025-08-29T19:42:16","date_gmt":"2025-08-29T19:42:16","guid":{"rendered":"https:\/\/www.europesays.com\/pt\/50605\/"},"modified":"2025-08-29T19:42:16","modified_gmt":"2025-08-29T19:42:16","slug":"carolina-braga-revela-as-razoes-do-fim-do-namoro-com-diogo-bordin-e-qual-e-o-papel-de-antonio-leal-e-silva-big-brother","status":"publish","type":"post","link":"https:\/\/www.europesays.com\/pt\/50605\/","title":{"rendered":"Carolina Braga revela as raz\u00f5es do fim do namoro com Diogo Bordin e qual \u00e9 o papel de Ant\u00f3nio Leal e Silva &#8211; Big Brother"},"content":{"rendered":"<p style=\"margin-bottom:11px\">O romance entre <strong>Carolina Braga<\/strong> e <strong>Diogo Bordin, <\/strong>que come\u00e7ou dentro da casa do Big Brother 2025, <a href=\"https:\/\/tvi.iol.pt\/bigbrother\/diogo-bordin\/carolina-braga\/toda-a-verdade-sobre-o-fim-do-namoro-de-diogo-bordin-e-carolina-braga\" rel=\"nofollow noopener\" target=\"_blank\">chegou rapidamente ao fim<\/a>. Apesar da brevidade, a rela\u00e7\u00e3o tem dado muito que falar.<\/p>\n<p>Esta manh\u00e3, Carolina Braga marcou presen\u00e7a no <a href=\"https:\/\/tvi.iol.pt\/doisas10\/videos\" rel=\"nofollow noopener\" target=\"_blank\">programa Dois \u00e0s 10, da TVI<\/a>, onde falou pela primeira vez das raz\u00f5es que motivaram a separa\u00e7\u00e3o. Em conversa aberta, a ex-concorrente revelou que os sinais de desgaste j\u00e1 se faziam sentir antes da rutura definitiva.<\/p>\n<p>\u00abEu e o Diogo come\u00e7\u00e1mos a levantar algumas quest\u00f5es sobre a nossa rela\u00e7\u00e3o e, na verdade, antes de anunciarmos o fim, o Diogo j\u00e1 tinha terminado comigo\u00bb, confessou Carolina Braga.<\/p>\n<p>Mas a conversa n\u00e3o ficou por aqui. Carolina tamb\u00e9m abordou <a href=\"https:\/\/tvi.iol.pt\/bigbrother\/diogo-bordin\/antonio-leal-e-silva\/antonio-leal-e-silva-e-apanhado-em-clima-de-cumplicidade-com-diogo-bordin-e-e-confrontado-em-direto\" rel=\"nofollow noopener\" target=\"_blank\">o papel de <strong>Ant\u00f3nio Leal Silva<\/strong>, comentador do programa, na hist\u00f3ria.<\/a> Carolina garantiu que Ant\u00f3nio Leal e Silva n\u00e3o foi a raz\u00e3o de separa\u00e7\u00e3o do casal. \u00abEu estou de consci\u00eancia tranquila, sei que n\u00e3o fiz nada de errado. Respeitei o Diogo quando tinha de respeitar. Eu estive duas vezes com o Ant\u00f3nio. S\u00f3. O Diogo saiu do programa e eles tiveram logo uma rela\u00e7\u00e3o muito pr\u00f3xima e eu ao in\u00edcio n\u00e3o percebia porque eu n\u00e3o mantinha conversas com o Ant\u00f3nio como o Diogo manteve\u00bb, explicou.<\/p>\n<p>Carolina Braga sublinhou que n\u00e3o esteve presente em todas as conversas entre os dois, admitindo tamb\u00e9m: \u00abH\u00e1 muita coisa que sei que n\u00e3o sei. N\u00e3o em rela\u00e7\u00e3o \u00e0 rela\u00e7\u00e3o entre eles, mas&#8230; (\u2026) A minha opini\u00e3o \u00e9 muito pessoal, eu j\u00e1 lhe dei a ele, mas eu sou diferente e n\u00e3o o fazia. Pelos vistos eles estavam em projetos e eu n\u00e3o sabia. Eu sabia que ele tinha um projeto dele, e n\u00e3o dos dois. Em alguns momentos, fiquei magoada\u00bb, detalha.<\/p>\n<p>Apesar de reconhecer que o nome de<strong> Ant\u00f3nio Leal e Silva <\/strong>esteve v\u00e1rias vezes em cima da mesa, Carolina foi categ\u00f3rica: \u00abO Ant\u00f3nio n\u00e3o foi a causa da separa\u00e7\u00e3o. Eu e o Diogo tivemos as nossas quez\u00edlias, mas obviamente o Ant\u00f3nio foi tema. De repente, estavam muito pr\u00f3ximos e eu, como namorada, queria perceber\u00bb.<\/p>\n<p>\u00abO Ant\u00f3nio sempre apoiou muito o Diogo e os pais do Diogo quiseram conhec\u00ea-lo pessoalmente e criaram uma rela\u00e7\u00e3o de amizade e carinho. Desde esse momento O Diogo confia muito nele. O Ant\u00f3nio n\u00e3o tem culpa do fim da nossa rela\u00e7\u00e3o. N\u00e3o acredito que tenha chegado a tanto, mas n\u00e3o sei o que \u00e9 que os dois conversam\u00bb. \u00a0<\/p>\n","protected":false},"excerpt":{"rendered":"O romance entre Carolina Braga e Diogo Bordin, que come\u00e7ou dentro da casa do Big Brother 2025, chegou&hellip;\n","protected":false},"author":2,"featured_media":50606,"comment_status":"","ping_status":"","sticky":false,"template":"","format":"standard","meta":{"footnotes":""},"categories":[142],"tags":[6990,331,48,2072,329,333,328,335,6989,336,114,115,334,332,330,13,32,33,151,162,227],"class_list":{"0":"post-50605","1":"post","2":"type-post","3":"status-publish","4":"format-standard","5":"has-post-thumbnail","7":"category-tv","8":"tag-antonio-leal-e-silva","9":"tag-big","10":"tag-big-brother","11":"tag-carolina-braga","12":"tag-claudio-ramos","13":"tag-comentadores","14":"tag-concorrentes","15":"tag-confrontos","16":"tag-diogo-bordin","17":"tag-discussoes","18":"tag-entertainment","19":"tag-entretenimento","20":"tag-exclusivos","21":"tag-expulso","22":"tag-gala","23":"tag-noticias","24":"tag-portugal","25":"tag-pt","26":"tag-tv","27":"tag-tvi","28":"tag-videos"},"share_on_mastodon":{"url":"","error":""},"_links":{"self":[{"href":"https:\/\/www.europesays.com\/pt\/wp-json\/wp\/v2\/posts\/50605","targetHints":{"allow":["GET"]}}],"collection":[{"href":"https:\/\/www.europesays.com\/pt\/wp-json\/wp\/v2\/posts"}],"about":[{"href":"https:\/\/www.europesays.com\/pt\/wp-json\/wp\/v2\/types\/post"}],"author":[{"embeddable":true,"href":"https:\/\/www.europesays.com\/pt\/wp-json\/wp\/v2\/users\/2"}],"replies":[{"embeddable":true,"href":"https:\/\/www.europesays.com\/pt\/wp-json\/wp\/v2\/comments?post=50605"}],"version-history":[{"count":0,"href":"https:\/\/www.europesays.com\/pt\/wp-json\/wp\/v2\/posts\/50605\/revisions"}],"wp:featuredmedia":[{"embeddable":true,"href":"https:\/\/www.europesays.com\/pt\/wp-json\/wp\/v2\/media\/50606"}],"wp:attachment":[{"href":"https:\/\/www.europesays.com\/pt\/wp-json\/wp\/v2\/media?parent=50605"}],"wp:term":[{"taxonomy":"category","embeddable":true,"href":"https:\/\/www.europesays.com\/pt\/wp-json\/wp\/v2\/categories?post=50605"},{"taxonomy":"post_tag","embeddable":true,"href":"https:\/\/www.europesays.com\/pt\/wp-json\/wp\/v2\/tags?post=50605"}],"curies":[{"name":"wp","href":"https:\/\/api.w.org\/{rel}","templated":true}]}}