{"id":506077,"date":"2026-08-31T01:21:18","date_gmt":"2026-08-31T01:21:18","guid":{"rendered":"https:\/\/www.europesays.com\/pt\/506077\/"},"modified":"2026-08-31T01:21:18","modified_gmt":"2026-08-31T01:21:18","slug":"sporting-encaixa-verba-importante-com-a-transferencia-de-leao-para-o-galatasaray","status":"publish","type":"post","link":"https:\/\/www.europesays.com\/pt\/506077\/","title":{"rendered":"Sporting encaixa verba importante com a transfer\u00eancia de Le\u00e3o para o Galatasaray"},"content":{"rendered":"<p style=\"margin-bottom:11px\">A transfer\u00eancia de Rafael Le\u00e3o para o Galatasaray, contratado ao Milan por 38 milh\u00f5es de euros, permite ao Sporting lucrar 1,14 milh\u00f5es de euros pela via do mecanismo de solidariedade criado pela FIFA.<\/p>\n<p>Como Le\u00e3o representou o Sporting entre os 12 e os 19 anos, o SAD liderada por Frederico Varandas tem direito a 3 por cento do valor total do neg\u00f3cio.<\/p>\n<p>O Lille, que contratou o avan\u00e7ado portugu\u00eas em 2018, quando este tinha 20 anos, encaixa 190 mil euros, correspondentes a 0,5 por cento do valor da transfer\u00eancia.<\/p>\n<p>O mecanismo de solidariedade da FIFA garante aos clubes formadores uma compensa\u00e7\u00e3o de at\u00e9 5 por cento do valor total da transfer\u00eancia de qualquer futebolista que tenha acolhido nos seus quadros entre os 12 e os 23 anos.<\/p>\n<p>Entre os 12 e os 15 anos, a percentagem anual \u00e9 de 0,25 por cento. Ela sobe para 0,5 por cento para o per\u00edodo entre os 16 e os 23 anos.<\/p>\n","protected":false},"excerpt":{"rendered":"A transfer\u00eancia de Rafael Le\u00e3o para o Galatasaray, contratado ao Milan por 38 milh\u00f5es de euros, permite ao&hellip;\n","protected":false},"author":2,"featured_media":506078,"comment_status":"","ping_status":"","sticky":false,"template":"","format":"standard","meta":{"footnotes":"","_share_on_mastodon":"0"},"categories":[87],"tags":[135,2698,1399,1356,46,4559,42,32,33,47,1818,34,134,35],"class_list":["post-506077","post","type-post","status-publish","format-standard","has-post-thumbnail","category-desporto","tag-desporto","tag-fifa","tag-galatasaray","tag-mais-futebol","tag-maisfutebol","tag-mecanismo-de-solidariedade","tag-mercado","tag-portugal","tag-pt","tag-pura-paixao","tag-rafael-leao","tag-sporting","tag-sports","tag-transferencias"],"share_on_mastodon":{"url":"https:\/\/pubeurope.com\/@pt\/117187502772284578","error":""},"_links":{"self":[{"href":"https:\/\/www.europesays.com\/pt\/wp-json\/wp\/v2\/posts\/506077","targetHints":{"allow":["GET"]}}],"collection":[{"href":"https:\/\/www.europesays.com\/pt\/wp-json\/wp\/v2\/posts"}],"about":[{"href":"https:\/\/www.europesays.com\/pt\/wp-json\/wp\/v2\/types\/post"}],"author":[{"embeddable":true,"href":"https:\/\/www.europesays.com\/pt\/wp-json\/wp\/v2\/users\/2"}],"replies":[{"embeddable":true,"href":"https:\/\/www.europesays.com\/pt\/wp-json\/wp\/v2\/comments?post=506077"}],"version-history":[{"count":0,"href":"https:\/\/www.europesays.com\/pt\/wp-json\/wp\/v2\/posts\/506077\/revisions"}],"wp:featuredmedia":[{"embeddable":true,"href":"https:\/\/www.europesays.com\/pt\/wp-json\/wp\/v2\/media\/506078"}],"wp:attachment":[{"href":"https:\/\/www.europesays.com\/pt\/wp-json\/wp\/v2\/media?parent=506077"}],"wp:term":[{"taxonomy":"category","embeddable":true,"href":"https:\/\/www.europesays.com\/pt\/wp-json\/wp\/v2\/categories?post=506077"},{"taxonomy":"post_tag","embeddable":true,"href":"https:\/\/www.europesays.com\/pt\/wp-json\/wp\/v2\/tags?post=506077"}],"curies":[{"name":"wp","href":"https:\/\/api.w.org\/{rel}","templated":true}]}}