{"id":506089,"date":"2026-08-31T01:39:17","date_gmt":"2026-08-31T01:39:17","guid":{"rendered":"https:\/\/www.europesays.com\/pt\/506089\/"},"modified":"2026-08-31T01:39:17","modified_gmt":"2026-08-31T01:39:17","slug":"venceu-um-reality-show-em-portugal-e-o-marido-deixou-a-uma-semana-depois-do-casamento-e-o-desabafo-e-avassalador-big-brother-verao-2026-ultimas-noticias-videos-e-diretos","status":"publish","type":"post","link":"https:\/\/www.europesays.com\/pt\/506089\/","title":{"rendered":"Venceu um reality show em Portugal e o marido deixou-a uma semana depois do casamento. E o desabafo \u00e9 avassalador &#8211; Big Brother Ver\u00e3o 2026: \u00daltimas Not\u00edcias, V\u00eddeos e Diretos"},"content":{"rendered":"<p>A hist\u00f3ria de <strong>Isabela Cardinali <\/strong>e<strong> Pedro Moreira <\/strong>come\u00e7ou durante o <strong>Secret Story 7<\/strong>, em 2018, e a rela\u00e7\u00e3o que nasceu na casa mais vigiada do pa\u00eds acabou por ultrapassar os limites do programa.<\/p>\n<p>Em 2022, depois de <strong>v\u00e1rios anos de namoro<\/strong>, o casal decidiu dar um passo maior na rela\u00e7\u00e3o e subiu ao altar. O casamento aconteceu em julho, mas a felicidade durou pouco. <strong>Apenas uma semana depois, Isabela e Pedro acabaram por separar-se<\/strong>, numa decis\u00e3o que surpreendeu tudo e todos.<\/p>\n<p>Na altura, a artista circense explicou que o fim da rela\u00e7\u00e3o esteve relacionado com um <strong>desentendimento<\/strong> entre os dois e com dificuldades em conciliar os respetivos projetos profissionais. Anos mais tarde, <a target=\"_self\" rel=\"noopener noreferrer nofollow\" href=\"https:\/\/tvi.iol.pt\/bigbrother\/isabela-cardinali\/11-09-2025\/muito-sexy-isabela-cardinali-aquece-as-redes-sociais-com-fotos-em-lingerie\">Isabela voltou a falar abertamente sobre essa fase<\/a> e garantiu que o carinho pelo ex-companheiro n\u00e3o desapareceu com o fim do casamento.<\/p>\n<p><strong>\u00abForam anos muito bons. \u00c9 assim, eu digo sempre isto, n\u00e3o \u00e9 pelo casamento ter acabado que obviamente o carinho que n\u00f3s sentimos pela pessoa se desvanece. Eu continuo a gostar do Pedro como o meu melhor amigo, como uma pessoa que viveu cinco anos da minha vida ao meu lado\u00bb<\/strong>, revelou numa entrevista.<\/p>\n<p>A antiga concorrente explicou ainda que ambos queriam seguir os seus caminhos profissionais, mas que chegaram a um ponto em que n\u00e3o conseguiam encontrar uma solu\u00e7\u00e3o que funcionasse para os dois.<\/p>\n<p><strong>\u00ab<\/strong><a target=\"_self\" rel=\"noopener noreferrer nofollow\" href=\"https:\/\/tvi.iol.pt\/bigbrother\/geral\/29-12-2022\/o-que-levou-a-separacao-de-pedro-moreira-e-isabela-cardinali-um-mes-e-meio-depois-do-casamento-veja-tudo-o-que-foi-falado\"><strong>Houve um desentendimento em que n\u00e3o consegu\u00edamos os dois chegar a um consenso.<\/strong><\/a><strong> E os dois quer\u00edamos muito seguir as nossas \u00e1reas profissionais, que neste momento estavam a ser colocadas em causa devido \u00e0 nossa rela\u00e7\u00e3o\u00bb<\/strong>, contou.<\/p>\n<p>Isabela reconheceu tamb\u00e9m que tinha feito grandes mudan\u00e7as na sua vida por causa da rela\u00e7\u00e3o e que, com o passar do tempo, percebeu a falta que lhe fazia recuperar algumas dessas coisas.<\/p>\n<p><strong>\u00abEu tinha deixado a minha m\u00e3e e tinha deixado o circo, que era uma coisa que hoje sei, na altura, n\u00e3o, mas que me estava a fazer muito mal\u00bb<\/strong>, confessou, acrescentando que acabou por perceber que precisava novamente da sua vida profissional e do mundo circense.<\/p>\n<p><strong>Recorde-se das imagens mais ousadas de Isabela Cardinali<\/strong><\/p>\n<p>Agora, uma nova publica\u00e7\u00e3o veio trazer novamente o assunto para a atualidade. Num v\u00eddeo partilhado no TikTok, <a target=\"_self\" rel=\"noopener noreferrer nofollow\" href=\"https:\/\/tvi.iol.pt\/bigbrother\/isabela-cardinali\/02-07-2026\/fez-historia-num-reality-com-uma-paixao-intensa-hoje-ninguem-acredita-na-profissao-que-escolheu\">Isabela recordou precisamente o per\u00edodo em que teve de deixar a casa onde vivia com Pedro<\/a> e fez um agradecimento especial \u00e0s amigas que n\u00e3o a deixaram sozinha naquele momento.<\/p>\n<p><strong>\u00abIsto foi a \u00faltima noite na minha casa, <\/strong><a target=\"_self\" rel=\"noopener noreferrer nofollow\" href=\"https:\/\/tvi.iol.pt\/bigbrother\/isabela-cardinali\/circo\/entrou-no-secret-story-e-pertence-a-uma-das-familias-mais-famosas-de-portugal-veja-como-esta-hoje-esta-estrela-da-internet\"><strong>onde vivia com o meu ex-marido que me deixou ap\u00f3s uma semana do nosso casamento.<\/strong><\/a><strong> Quando tive de entregar a casa s\u00f3 elas \u00e9 que me ajudaram na mudan\u00e7a\u00bb<\/strong>, come\u00e7ou por revelar.<\/p>\n<p><strong>Veja o v\u00eddeo.<\/strong><\/p>\n","protected":false},"excerpt":{"rendered":"A hist\u00f3ria de Isabela Cardinali e Pedro Moreira come\u00e7ou durante o Secret Story 7, em 2018, e a&hellip;\n","protected":false},"author":2,"featured_media":506090,"comment_status":"","ping_status":"","sticky":false,"template":"","format":"standard","meta":{"footnotes":"","_share_on_mastodon":"0"},"categories":[85],"tags":[331,48,1435,333,328,335,336,1979,114,115,334,332,330,18486,338,13,81110,32,33,162,227],"class_list":["post-506089","post","type-post","status-publish","format-standard","has-post-thumbnail","category-entretenimento","tag-big","tag-big-brother","tag-casamento","tag-comentadores","tag-concorrentes","tag-confrontos","tag-discussoes","tag-divorcio","tag-entertainment","tag-entretenimento","tag-exclusivos","tag-expulso","tag-gala","tag-isabela-cardinali","tag-maria-botelho-moniz","tag-noticias","tag-pedro-moreira","tag-portugal","tag-pt","tag-tvi","tag-videos"],"share_on_mastodon":{"url":"https:\/\/pubeurope.com\/@pt\/117187573532019125","error":""},"_links":{"self":[{"href":"https:\/\/www.europesays.com\/pt\/wp-json\/wp\/v2\/posts\/506089","targetHints":{"allow":["GET"]}}],"collection":[{"href":"https:\/\/www.europesays.com\/pt\/wp-json\/wp\/v2\/posts"}],"about":[{"href":"https:\/\/www.europesays.com\/pt\/wp-json\/wp\/v2\/types\/post"}],"author":[{"embeddable":true,"href":"https:\/\/www.europesays.com\/pt\/wp-json\/wp\/v2\/users\/2"}],"replies":[{"embeddable":true,"href":"https:\/\/www.europesays.com\/pt\/wp-json\/wp\/v2\/comments?post=506089"}],"version-history":[{"count":0,"href":"https:\/\/www.europesays.com\/pt\/wp-json\/wp\/v2\/posts\/506089\/revisions"}],"wp:featuredmedia":[{"embeddable":true,"href":"https:\/\/www.europesays.com\/pt\/wp-json\/wp\/v2\/media\/506090"}],"wp:attachment":[{"href":"https:\/\/www.europesays.com\/pt\/wp-json\/wp\/v2\/media?parent=506089"}],"wp:term":[{"taxonomy":"category","embeddable":true,"href":"https:\/\/www.europesays.com\/pt\/wp-json\/wp\/v2\/categories?post=506089"},{"taxonomy":"post_tag","embeddable":true,"href":"https:\/\/www.europesays.com\/pt\/wp-json\/wp\/v2\/tags?post=506089"}],"curies":[{"name":"wp","href":"https:\/\/api.w.org\/{rel}","templated":true}]}}