{"id":506091,"date":"2026-08-31T01:41:13","date_gmt":"2026-08-31T01:41:13","guid":{"rendered":"https:\/\/www.europesays.com\/pt\/506091\/"},"modified":"2026-08-31T01:41:13","modified_gmt":"2026-08-31T01:41:13","slug":"a-visionaria-inteligencia-artificial-artificial-da-amazon-vai-acabar","status":"publish","type":"post","link":"https:\/\/www.europesays.com\/pt\/506091\/","title":{"rendered":"A vision\u00e1ria &#8220;intelig\u00eancia artificial artificial&#8221; da Amazon vai acabar"},"content":{"rendered":"<p class=\"wp-caption-text top\"><a href=\"https:\/\/depositphotos.com\/photos\/bezos.html?qview=600667406\" rel=\"nofollow noopener\" data-wpel-link=\"external\" class=\"ext-link\" target=\"_blank\">Xavier Collin \/ Image Press Agency \/ Depositphotos <\/a><\/p>\n<p><img loading=\"eager\" fetchpriority=\"high\" decoding=\"async\" class=\"size-kopa-image-size-3 wp-image-637169\" src=\"https:\/\/www.europesays.com\/pt\/wp-content\/uploads\/2026\/08\/aa168549fedaa602dc3982882f805d48-783x450.jpg\" alt=\"\" width=\"700\" height=\"402\"  \/><\/p>\n<p class=\"wp-caption-text bot\">Jeff Bezos, fundador da Amazon<\/p>\n<p><strong>Daqui a um m\u00eas, a Amazon encerra plataforma que antecipou o modelo de trabalho com humanos e IA. Agora a IA ultrapassou uma das \u201cm\u00e3es\u201d.<\/strong><\/p>\n<p>\u00c9 o fim do Amazon Mechanical Turk, uma plataforma de trabalho digital criada em 2005, h\u00e1 mais de 21 anos.<\/p>\n<p>N\u00e3o era uma ferramenta qualquer: durante mais de duas d\u00e9cadas permitiu \u00e0s empresas recorrer a pessoas para executar tarefas simples que, na altura, os computadores tinham dificuldade em realizar.<\/p>\n<p>A <strong>Amazon<\/strong> anunciou que o servi\u00e7o ser\u00e1 encerrado definitivamente daqui a um m\u00eas, a 30 de setembro; isto j\u00e1 depois de ter deixado de aceitar novos clientes em julho.<\/p>\n<p>A decis\u00e3o marca o fim de um dos projetos mais curiosos da hist\u00f3ria tecnol\u00f3gica da Amazon.<\/p>\n<p>O nome <strong>Mechanical Turk<\/strong> foi inspirado num famoso aut\u00f3mato do s\u00e9culo XVIII que parecia jogar xadrez de forma aut\u00f3noma, mas que, na realidade, escondia uma pessoa respons\u00e1vel por controlar a m\u00e1quina.<\/p>\n<p>A l\u00f3gica do servi\u00e7o era semelhante: quando um computador n\u00e3o conseguia executar determinada tarefa, a plataforma encaminhava-a para um trabalhador humano.<\/p>\n<p>Jeff Bezos, fundador da Amazon, chegou a descrever o conceito como <strong>\u201cintelig\u00eancia artificial artificial\u201d,<\/strong> lembra a <a href=\"https:\/\/www.cnbc.com\/2026\/08\/25\/amazon-service-that-jeff-bezos-called-artificial-ai-is-shutting-down.html\" data-wpel-link=\"external\" rel=\"noopener nofollow\" class=\"ext-link\" target=\"_blank\">CNBC<\/a> \u2013 era uma refer\u00eancia ao facto de o sistema utilizar pessoas para desempenhar fun\u00e7\u00f5es que pareciam ser realizadas por m\u00e1quinas.<\/p>\n<p>Algumas das <strong>tarefas:<\/strong> transcri\u00e7\u00e3o de conte\u00fados, resposta a inqu\u00e9ritos, classifica\u00e7\u00e3o de informa\u00e7\u00e3o e, sobretudo, etiquetagem de dados (esta \u00faltima viria a tornar-se importante para o desenvolvimento de sistemas de intelig\u00eancia artificial).<\/p>\n<p>Ou seja, o Mechanical Turk foi uma pe\u00e7a relevante na evolu\u00e7\u00e3o inicial da intelig\u00eancia artificial, ao fornecer m\u00e3o de obra para organizar e classificar enormes volumes de informa\u00e7\u00e3o. Agora, duas d\u00e9cadas depois, a tecnologia que dependia desses trabalhadores para parecer mais inteligente est\u00e1 progressivamente a conseguir desempenhar muitas dessas fun\u00e7\u00f5es por si pr\u00f3pria.<\/p>\n<p>No seu auge, o Mechanical Turk chegou a envolver mais de 500 mil trabalhadores, distribu\u00eddos por v\u00e1rios pa\u00edses. Mas recebia-se pouco. Algumas tarefas pagavam apenas alguns c\u00eantimos e, segundo relatos de utilizadores, o valor recebido por hora podia ficar abaixo dos dois d\u00f3lares.<\/p>\n<p>A evolu\u00e7\u00e3o da intelig\u00eancia artificial acabou, ironicamente, por contribuir para o decl\u00ednio da plataforma. Os sistemas tecnol\u00f3gicos passaram a conseguir executar muitas das tarefas que aqui eram atribu\u00eddas a humanos.<\/p>\n<p>A ferramenta deixou de ser t\u00e3o \u00fatil \u2013 mas n\u00e3o deixa de ser vision\u00e1ria.<\/p>\n","protected":false},"excerpt":{"rendered":"Xavier Collin \/ Image Press Agency \/ Depositphotos Jeff Bezos, fundador da Amazon Daqui a um m\u00eas, a&hellip;\n","protected":false},"author":2,"featured_media":506092,"comment_status":"","ping_status":"","sticky":false,"template":"","format":"standard","meta":{"footnotes":"","_share_on_mastodon":"0"},"categories":[83],"tags":[514,88,269,89,618,2384,90,933,32,33],"class_list":["post-506091","post","type-post","status-publish","format-standard","has-post-thumbnail","category-empresas","tag-amazon","tag-business","tag-capa","tag-economy","tag-emprego","tag-empresa","tag-empresas","tag-inteligencia-artificial","tag-portugal","tag-pt"],"share_on_mastodon":{"url":"https:\/\/pubeurope.com\/@pt\/117187581857630251","error":""},"_links":{"self":[{"href":"https:\/\/www.europesays.com\/pt\/wp-json\/wp\/v2\/posts\/506091","targetHints":{"allow":["GET"]}}],"collection":[{"href":"https:\/\/www.europesays.com\/pt\/wp-json\/wp\/v2\/posts"}],"about":[{"href":"https:\/\/www.europesays.com\/pt\/wp-json\/wp\/v2\/types\/post"}],"author":[{"embeddable":true,"href":"https:\/\/www.europesays.com\/pt\/wp-json\/wp\/v2\/users\/2"}],"replies":[{"embeddable":true,"href":"https:\/\/www.europesays.com\/pt\/wp-json\/wp\/v2\/comments?post=506091"}],"version-history":[{"count":0,"href":"https:\/\/www.europesays.com\/pt\/wp-json\/wp\/v2\/posts\/506091\/revisions"}],"wp:featuredmedia":[{"embeddable":true,"href":"https:\/\/www.europesays.com\/pt\/wp-json\/wp\/v2\/media\/506092"}],"wp:attachment":[{"href":"https:\/\/www.europesays.com\/pt\/wp-json\/wp\/v2\/media?parent=506091"}],"wp:term":[{"taxonomy":"category","embeddable":true,"href":"https:\/\/www.europesays.com\/pt\/wp-json\/wp\/v2\/categories?post=506091"},{"taxonomy":"post_tag","embeddable":true,"href":"https:\/\/www.europesays.com\/pt\/wp-json\/wp\/v2\/tags?post=506091"}],"curies":[{"name":"wp","href":"https:\/\/api.w.org\/{rel}","templated":true}]}}