{"id":506097,"date":"2026-08-31T01:53:33","date_gmt":"2026-08-31T01:53:33","guid":{"rendered":"https:\/\/www.europesays.com\/pt\/506097\/"},"modified":"2026-08-31T01:53:33","modified_gmt":"2026-08-31T01:53:33","slug":"renato-seabra-relacao-com-guardas-prisionais-exposta","status":"publish","type":"post","link":"https:\/\/www.europesays.com\/pt\/506097\/","title":{"rendered":"Renato Seabra: rela\u00e7\u00e3o com guardas prisionais exposta!"},"content":{"rendered":"<p>Renato Seabra est\u00e1 preso h\u00e1 15 anos e assim ser\u00e1, pelo menos, por mais dez. Desde 2011, quando matou Carlos Castro num crime que chocou os Estados Unidos e Portugal, o modelo j\u00e1 passou por tr\u00eas pris\u00f5es:\u00a0Rikers Island,\u00a0Clinton Correctional Facility e\u00a0Attica Correctional Facility, onde est\u00e1 atualmente.<\/p>\n<p>Ao longo do tempo, a imprensa nacional foi revelando detalhes sobre a vida que <a href=\"https:\/\/selfie.iol.pt\/famosos\/carlos-castro\/fazia-questao-de-repetir-renato-seabra-insistiu-numa-frase-quando-confessou-homicidio-de-carlos-castro\/20260824\/6a8c70d0d34e511da0b34eb3\" target=\"_blank\" rel=\"nofollow noopener\">Renato Seabra<\/a> leva enclausurado. O Correio da Manh\u00e3, por exemplo, chegou a avan\u00e7ar que o comportamento do manequim era visto como exemplar.<\/p>\n<p>Mais: o homicida confesso de Carlos Castro manteria uma boa e cordial rela\u00e7\u00e3o com os guardas prisionais.<\/p>\n<p>O cronista tinha 65 anos quando foi morto, mais 44 do que o ent\u00e3o namorado. <a href=\"https:\/\/selfie.iol.pt\/famosos\/carlos-castro\/como-e-a-vida-de-renato-seabra-na-prisao-ha-novas-e-surpreendentes-informacoes\/20260825\/6a8dcb9dd34ed0733ba81cb3\" target=\"_blank\" rel=\"nofollow noopener\">Renato Seabra<\/a>, recorde-se, foi condenado a uma pena de 25 anos, com possibilidade de pris\u00e3o perp\u00e9tua.<\/p>\n<p>Veja, agora, v\u00eddeos do caso de Carlos Castro e Renato Seabra.<\/p>\n","protected":false},"excerpt":{"rendered":"Renato Seabra est\u00e1 preso h\u00e1 15 anos e assim ser\u00e1, pelo menos, por mais dez. Desde 2011, quando&hellip;\n","protected":false},"author":2,"featured_media":506098,"comment_status":"","ping_status":"","sticky":false,"template":"","format":"standard","meta":{"footnotes":"","_share_on_mastodon":"0"},"categories":[85],"tags":[3438,11591,604,13025,114,115,980,5564,80771,17744,619,32,33,10978,1012],"class_list":["post-506097","post","type-post","status-publish","format-standard","has-post-thumbnail","category-entretenimento","tag-assassinato","tag-carlos-castro","tag-crime","tag-cronista","tag-entertainment","tag-entretenimento","tag-famosos","tag-homicidio","tag-manequim","tag-modelo","tag-nacional","tag-portugal","tag-pt","tag-renato-seabra","tag-selfie"],"share_on_mastodon":{"url":"https:\/\/pubeurope.com\/@pt\/117187628564337804","error":""},"_links":{"self":[{"href":"https:\/\/www.europesays.com\/pt\/wp-json\/wp\/v2\/posts\/506097","targetHints":{"allow":["GET"]}}],"collection":[{"href":"https:\/\/www.europesays.com\/pt\/wp-json\/wp\/v2\/posts"}],"about":[{"href":"https:\/\/www.europesays.com\/pt\/wp-json\/wp\/v2\/types\/post"}],"author":[{"embeddable":true,"href":"https:\/\/www.europesays.com\/pt\/wp-json\/wp\/v2\/users\/2"}],"replies":[{"embeddable":true,"href":"https:\/\/www.europesays.com\/pt\/wp-json\/wp\/v2\/comments?post=506097"}],"version-history":[{"count":0,"href":"https:\/\/www.europesays.com\/pt\/wp-json\/wp\/v2\/posts\/506097\/revisions"}],"wp:featuredmedia":[{"embeddable":true,"href":"https:\/\/www.europesays.com\/pt\/wp-json\/wp\/v2\/media\/506098"}],"wp:attachment":[{"href":"https:\/\/www.europesays.com\/pt\/wp-json\/wp\/v2\/media?parent=506097"}],"wp:term":[{"taxonomy":"category","embeddable":true,"href":"https:\/\/www.europesays.com\/pt\/wp-json\/wp\/v2\/categories?post=506097"},{"taxonomy":"post_tag","embeddable":true,"href":"https:\/\/www.europesays.com\/pt\/wp-json\/wp\/v2\/tags?post=506097"}],"curies":[{"name":"wp","href":"https:\/\/api.w.org\/{rel}","templated":true}]}}